{"id":7856,"date":"2019-01-15T20:26:32","date_gmt":"2019-01-15T19:26:32","guid":{"rendered":"http:\/\/www.maria-koenigin.de\/?p=7856"},"modified":"2019-01-17T07:20:40","modified_gmt":"2019-01-17T06:20:40","slug":"einladung-zum-tag-der-offenen-tuer","status":"publish","type":"post","link":"http:\/\/www.maria-koenigin.de\/?p=7856","title":{"rendered":"Einladung zum Tag der offenen T\u00fcr"},"content":{"rendered":"<p><img loading=\"lazy\" decoding=\"async\" class=\"alignnone size-full wp-image-7858\" src=\"http:\/\/www.maria-koenigin.de\/wordpress\/wp-content\/uploads\/2019\/01\/HP-TdoT.jpg\" alt=\"\" width=\"640\" height=\"427\" srcset=\"http:\/\/www.maria-koenigin.de\/wordpress\/wp-content\/uploads\/2019\/01\/HP-TdoT.jpg 640w, http:\/\/www.maria-koenigin.de\/wordpress\/wp-content\/uploads\/2019\/01\/HP-TdoT-300x200.jpg 300w, http:\/\/www.maria-koenigin.de\/wordpress\/wp-content\/uploads\/2019\/01\/HP-TdoT-624x416.jpg 624w\" sizes=\"auto, (max-width: 640px) 100vw, 640px\" \/><\/p>\n<p style=\"text-align: justify;\">Am kommenden Samstag ist es wieder soweit. Mit dem Tag der offenen T\u00fcr bietet das Gymnasium Maria K\u00f6nigin die M\u00f6glichkeit, die Schule mit ihren vielf\u00e4ltigen Angeboten kennen zu lernen. Sowohl in den naturwissenschaftlichen <!--more-->Fachr\u00e4umen als auch an einer Reihe weiterer &#8218;Stationen&#8216; (u.a. Kunst, Musik, Gesellschaftswissenschaften, Sport) k\u00f6nnen die Kinder und ihre Eltern einen Einblick in das Leben an unserer Schule gewinnen. Eine gemeinsame Station der Sprachen Englisch, Franz\u00f6sisch, Spanisch und Latein informiert \u00fcber das Sprachenangebot ab Klasse 7, im Differenzierungsbereich der Klasse 9 sowie beim Einstieg in die Oberstufe.<\/p>\n<p style=\"text-align: justify;\">Besonders interessieren d\u00fcrfte in dem Zusammenhang auch das neue Wahlangebot f\u00fcr die 9: Die JIA (= Junior Ingenieur Akademie), welche u.a in Kooperation mit heimischen Unternehmen und der Uni Siegen durchgef\u00fchrt wird. Daneben gibt es Gelegenheit, Fragen zu den neuen Medien, deren M\u00f6glichkeiten und Gefahren, zur Funktion der Medienscouts sowie zum Methodenkonzept der Schule zu stellen.<\/p>\n<p style=\"text-align: justify;\">Aber auch die zahlreichen Aktivit\u00e4ten au\u00dferhalb des &#8222;normalen&#8220; Schulalltags werden pr\u00e4sentiert, z.B. die Musical-Proben der Unterstufe f\u00fcr die Auff\u00fchrung des Musicals \u201eDschungelbuch\u201c. Des Weiteren k\u00f6nnen die Theater-AGs aus verschiedenen Jahrgangsstufen bei Theaterproben, der 10-Finger-Tastkurs der Klassen 6 oder eine Klasse bei mathematischen Zaubertricks beobachtet werden. Selbstverst\u00e4ndlich bestehen f\u00fcr die Sch\u00fcler und Sch\u00fclerinnen vielf\u00e4ltige M\u00f6glichkeiten, an den Stationen selbst aktiv zu werden.<\/p>\n<p style=\"text-align: justify;\"><img loading=\"lazy\" decoding=\"async\" class=\"alignnone size-large wp-image-7859\" src=\"http:\/\/www.maria-koenigin.de\/wordpress\/wp-content\/uploads\/2019\/01\/HP-TdoT2.jpg\" alt=\"\" width=\"625\" height=\"417\" srcset=\"http:\/\/www.maria-koenigin.de\/wordpress\/wp-content\/uploads\/2019\/01\/HP-TdoT2.jpg 640w, http:\/\/www.maria-koenigin.de\/wordpress\/wp-content\/uploads\/2019\/01\/HP-TdoT2-300x200.jpg 300w, http:\/\/www.maria-koenigin.de\/wordpress\/wp-content\/uploads\/2019\/01\/HP-TdoT2-624x416.jpg 624w\" sizes=\"auto, (max-width: 625px) 100vw, 625px\" \/><\/p>\n<p style=\"text-align: justify;\">Bei einer Informationsveran\u00adstaltung, welche um 9.15 Uhr speziell f\u00fcr die Eltern stattfindet, informieren Vertreter der Schulleitung \u00fcber die Schullaufbahn und die Anforderungen des Gymnasiums im Allgemeinen sowie die vielf\u00e4ltigen&nbsp; Wahlm\u00f6glichkeiten und Angebote an Maria K\u00f6nigin im Besonderen. Die F\u00e4cher Deutsch, Englisch, Franz\u00f6sisch, Spanisch, Latein und Mathematik werden kurz aus Sch\u00fclersicht von Sch\u00fclern vorgestellt. W\u00e4hrend des gesamten Schulmorgens werden die Kinder von Lehrerinnen und Lehrern unter Begleitung von Sch\u00fclern der Unterstufe durch die Schule gef\u00fchrt. Kleinere Geschwisterkinder werden betreut, k\u00f6nnen aber auch am Rundgang durch die Schule teilnehmen.<\/p>\n<p style=\"text-align: justify;\">Im Anschluss an die Informationsveranstaltung haben auch die Eltern ab ca. 10.30 Uhr die M\u00f6glichkeit, unter fachkundiger F\u00fchrung von Lehrern und Elternvertretern, die Schule zu erkunden. Infost\u00e4nde gibt es zur individuellen F\u00f6rderung, zur verl\u00e4sslichen Hausaufgabenbetreuung, zur Schulsozialarbeit sowie zum Arbeitskreis \u2018Servir\u2018.<\/p>\n<p><img loading=\"lazy\" decoding=\"async\" class=\"alignnone size-full wp-image-7861\" src=\"http:\/\/www.maria-koenigin.de\/wordpress\/wp-content\/uploads\/2019\/01\/HP-TdoT3.jpg\" alt=\"\" width=\"640\" height=\"427\" srcset=\"http:\/\/www.maria-koenigin.de\/wordpress\/wp-content\/uploads\/2019\/01\/HP-TdoT3.jpg 640w, http:\/\/www.maria-koenigin.de\/wordpress\/wp-content\/uploads\/2019\/01\/HP-TdoT3-300x200.jpg 300w, http:\/\/www.maria-koenigin.de\/wordpress\/wp-content\/uploads\/2019\/01\/HP-TdoT3-624x416.jpg 624w\" sizes=\"auto, (max-width: 640px) 100vw, 640px\" \/><\/p>\n<p style=\"text-align: justify;\">Nat\u00fcrlich ist die Cafeteria an diesem Tag ge\u00f6ffnet und die Klasse 7d bietet dar\u00fcber hinaus Kaffee, Kuchen und kleine Snacks an. Zudem sind der Eine-Welt-Laden der \u2018MKompany\u2018 sowie ein Verkaufsstand mit MK-Artikeln ge\u00f6ffnet.<\/p>\n<p style=\"text-align: justify;\">Besonderer Hinweis f\u00fcr Sch\u00fclerinnen und Sch\u00fcler der Abgangsklassen 10 der Haupt- und Realschulen und deren Eltern: Parallel zur Infoveranstaltung der Grundschuleltern wird f\u00fcr Sch\u00fclerinnen und Sch\u00fcler der Real-und Hauptschulen, welche den ersten Informationstermin im Herbst verpasst haben, noch einmal eine gesonderte Beratung angeboten.<\/p>\n<p style=\"text-align: justify;\">Selbstverst\u00e4ndlich besteht auch f\u00fcr diese Sch\u00fclerinnen und Sch\u00fcler sowie deren Eltern die Gelegenheit, die Schule &#8218;live&#8216; zu erleben.<\/p>\n<p style=\"text-align: justify;\"><strong>Anmeldetermine:<\/strong><\/p>\n<p style=\"text-align: justify;\">Mo. 25.02.19 \u2013 Do. 28.02.19:&nbsp; 8 \u2013 18 Uhr<\/p>\n<p style=\"text-align: justify;\">Mi. 06.03.19 \u2013 Fr. 08.03.19:&nbsp; 8 \u2013 14 Uhr<\/p>\n","protected":false},"excerpt":{"rendered":"<p>Am kommenden Samstag ist es wieder soweit. Mit dem Tag der offenen T\u00fcr bietet das Gymnasium Maria K\u00f6nigin die M\u00f6glichkeit, die Schule mit ihren vielf\u00e4ltigen Angeboten kennen zu lernen. Sowohl in den naturwissenschaftlichen<\/p>\n","protected":false},"author":8,"featured_media":0,"comment_status":"closed","ping_status":"closed","sticky":false,"template":"","format":"standard","meta":{"ngg_post_thumbnail":0,"footnotes":""},"categories":[4],"tags":[],"class_list":["post-7856","post","type-post","status-publish","format-standard","hentry","category-aktuelles"],"_links":{"self":[{"href":"http:\/\/www.maria-koenigin.de\/index.php?rest_route=\/wp\/v2\/posts\/7856","targetHints":{"allow":["GET"]}}],"collection":[{"href":"http:\/\/www.maria-koenigin.de\/index.php?rest_route=\/wp\/v2\/posts"}],"about":[{"href":"http:\/\/www.maria-koenigin.de\/index.php?rest_route=\/wp\/v2\/types\/post"}],"author":[{"embeddable":true,"href":"http:\/\/www.maria-koenigin.de\/index.php?rest_route=\/wp\/v2\/users\/8"}],"replies":[{"embeddable":true,"href":"http:\/\/www.maria-koenigin.de\/index.php?rest_route=%2Fwp%2Fv2%2Fcomments&post=7856"}],"version-history":[{"count":8,"href":"http:\/\/www.maria-koenigin.de\/index.php?rest_route=\/wp\/v2\/posts\/7856\/revisions"}],"predecessor-version":[{"id":7867,"href":"http:\/\/www.maria-koenigin.de\/index.php?rest_route=\/wp\/v2\/posts\/7856\/revisions\/7867"}],"wp:attachment":[{"href":"http:\/\/www.maria-koenigin.de\/index.php?rest_route=%2Fwp%2Fv2%2Fmedia&parent=7856"}],"wp:term":[{"taxonomy":"category","embeddable":true,"href":"http:\/\/www.maria-koenigin.de\/index.php?rest_route=%2Fwp%2Fv2%2Fcategories&post=7856"},{"taxonomy":"post_tag","embeddable":true,"href":"http:\/\/www.maria-koenigin.de\/index.php?rest_route=%2Fwp%2Fv2%2Ftags&post=7856"}],"curies":[{"name":"wp","href":"https:\/\/api.w.org\/{rel}","templated":true}]}}