{"id":7876,"date":"2019-01-19T13:44:05","date_gmt":"2019-01-19T12:44:05","guid":{"rendered":"http:\/\/www.maria-koenigin.de\/?p=7876"},"modified":"2019-01-23T15:07:39","modified_gmt":"2019-01-23T14:07:39","slug":"viele-besucher-beim-tag-der-offenen-tuer-2","status":"publish","type":"post","link":"http:\/\/www.maria-koenigin.de\/?p=7876","title":{"rendered":"Viele Besucher beim Tag der offenen T\u00fcr"},"content":{"rendered":"<p style=\"text-align: justify;\"><img loading=\"lazy\" decoding=\"async\" class=\"alignnone size-full wp-image-7890\" src=\"http:\/\/www.maria-koenigin.de\/wordpress\/wp-content\/uploads\/2019\/01\/tdot19_14.jpg\" alt=\"\" width=\"650\" height=\"433\" srcset=\"http:\/\/www.maria-koenigin.de\/wordpress\/wp-content\/uploads\/2019\/01\/tdot19_14.jpg 650w, http:\/\/www.maria-koenigin.de\/wordpress\/wp-content\/uploads\/2019\/01\/tdot19_14-300x200.jpg 300w, http:\/\/www.maria-koenigin.de\/wordpress\/wp-content\/uploads\/2019\/01\/tdot19_14-624x416.jpg 624w\" sizes=\"auto, (max-width: 650px) 100vw, 650px\" \/><\/p>\n<p style=\"text-align: justify;\">Ein buntes Programm mit Informationen und ganz vielen M\u00f6glichkeiten zum Ausprobieren und Spielen bot sich den Sch\u00fclern und Sch\u00fclerinnen der vierten Klassen beim diesj\u00e4hrigen Tag der offenen T\u00fcr. Besonders begeistert waren sie von den Proben zum <!--more-->Kindermusical \u201eDas Dschungelbuch\u201c und den Mitmachangeboten in der Sporthalle und in den Naturwissenschaften.<\/p>\n<p><img loading=\"lazy\" decoding=\"async\" class=\"alignnone size-full wp-image-7889\" src=\"http:\/\/www.maria-koenigin.de\/wordpress\/wp-content\/uploads\/2019\/01\/tdot19_13.jpg\" alt=\"\" width=\"650\" height=\"433\" srcset=\"http:\/\/www.maria-koenigin.de\/wordpress\/wp-content\/uploads\/2019\/01\/tdot19_13.jpg 650w, http:\/\/www.maria-koenigin.de\/wordpress\/wp-content\/uploads\/2019\/01\/tdot19_13-300x200.jpg 300w, http:\/\/www.maria-koenigin.de\/wordpress\/wp-content\/uploads\/2019\/01\/tdot19_13-624x416.jpg 624w\" sizes=\"auto, (max-width: 650px) 100vw, 650px\" \/><\/p>\n<p style=\"text-align: justify;\">Die Eltern zeigten sich vor allem interessiert am Angebot zur individuellen F\u00f6rderung und den p\u00e4dagogischen M\u00f6glichkeiten der Digitalisierung. Die Vielfalt des schulischen Lebens, angefangen von der F\u00e4cherzahl \u00fcber au\u00dferunterrichtliche Angebote, AGs, musische, sportliche und religi\u00f6se Angebote beeindruckte die vielen Besucher.<\/p>\n<p><img loading=\"lazy\" decoding=\"async\" class=\"alignnone size-full wp-image-7877\" src=\"http:\/\/www.maria-koenigin.de\/wordpress\/wp-content\/uploads\/2019\/01\/tdot19_01.jpg\" alt=\"\" width=\"650\" height=\"433\" srcset=\"http:\/\/www.maria-koenigin.de\/wordpress\/wp-content\/uploads\/2019\/01\/tdot19_01.jpg 650w, http:\/\/www.maria-koenigin.de\/wordpress\/wp-content\/uploads\/2019\/01\/tdot19_01-300x200.jpg 300w, http:\/\/www.maria-koenigin.de\/wordpress\/wp-content\/uploads\/2019\/01\/tdot19_01-624x416.jpg 624w\" sizes=\"auto, (max-width: 650px) 100vw, 650px\" \/><\/p>\n<p style=\"text-align: justify;\">F\u00fcr \u00e4ltere Sch\u00fcler und Sch\u00fclerinnen, die in die Einf\u00fchrungsphase der Oberstufe wechseln wollen, gab es Informationsgespr\u00e4che und einen Rundgang durch die Schule. Auch in diesem Jahr nutzen wieder viele Ehemalige die M\u00f6glichkeit, den \u201eKlosterberg\u201c noch einmal zu besuchen.<\/p>\n<p><img loading=\"lazy\" decoding=\"async\" class=\"alignnone size-full wp-image-7888\" src=\"http:\/\/www.maria-koenigin.de\/wordpress\/wp-content\/uploads\/2019\/01\/tdot19_12.jpg\" alt=\"\" width=\"650\" height=\"433\" srcset=\"http:\/\/www.maria-koenigin.de\/wordpress\/wp-content\/uploads\/2019\/01\/tdot19_12.jpg 650w, http:\/\/www.maria-koenigin.de\/wordpress\/wp-content\/uploads\/2019\/01\/tdot19_12-300x200.jpg 300w, http:\/\/www.maria-koenigin.de\/wordpress\/wp-content\/uploads\/2019\/01\/tdot19_12-624x416.jpg 624w\" sizes=\"auto, (max-width: 650px) 100vw, 650px\" \/><\/p>\n<p style=\"text-align: justify;\">In den n\u00e4chsten Wochen sind nach Vereinbarung im Sekretariat, &nbsp;(Tel. 0 27 23 68 78 0 oder per Mail <a href=\"mailto:schulleitung@maria-koenigin.de\">schulleitung@maria-koenigin.de<\/a>) &nbsp;noch Beratungsgespr\u00e4che zu Fragen der Schulwahl und zur Anmeldung m\u00f6glich.<\/p>\n<p><img loading=\"lazy\" decoding=\"async\" class=\"alignnone size-full wp-image-7886\" src=\"http:\/\/www.maria-koenigin.de\/wordpress\/wp-content\/uploads\/2019\/01\/tdot19_10.jpg\" alt=\"\" width=\"650\" height=\"433\" srcset=\"http:\/\/www.maria-koenigin.de\/wordpress\/wp-content\/uploads\/2019\/01\/tdot19_10.jpg 650w, http:\/\/www.maria-koenigin.de\/wordpress\/wp-content\/uploads\/2019\/01\/tdot19_10-300x200.jpg 300w, http:\/\/www.maria-koenigin.de\/wordpress\/wp-content\/uploads\/2019\/01\/tdot19_10-624x416.jpg 624w\" sizes=\"auto, (max-width: 650px) 100vw, 650px\" \/><\/p>\n<p style=\"text-align: justify;\">Die Anmeldungen finden dann vom Montag 25.02. bis Donnerstag 28.02. jeweils 08.00 \u2013 18.00 Uhr und von Mittwoch 06.03. bis Freitag 08.03. jeweils 08.00 \u2013 14.00 Uhr statt. &nbsp;Eine Voranmeldung ist nicht n\u00f6tig.<\/p>\nngg_shortcode_0_placeholder\n","protected":false},"excerpt":{"rendered":"<p>Ein buntes Programm mit Informationen und ganz vielen M\u00f6glichkeiten zum Ausprobieren und Spielen bot sich den Sch\u00fclern und Sch\u00fclerinnen der vierten Klassen beim diesj\u00e4hrigen Tag der offenen T\u00fcr. Besonders begeistert waren sie von den Proben zum<\/p>\n","protected":false},"author":1,"featured_media":0,"comment_status":"closed","ping_status":"closed","sticky":false,"template":"","format":"standard","meta":{"ngg_post_thumbnail":0,"footnotes":""},"categories":[4],"tags":[],"class_list":["post-7876","post","type-post","status-publish","format-standard","hentry","category-aktuelles"],"_links":{"self":[{"href":"http:\/\/www.maria-koenigin.de\/index.php?rest_route=\/wp\/v2\/posts\/7876","targetHints":{"allow":["GET"]}}],"collection":[{"href":"http:\/\/www.maria-koenigin.de\/index.php?rest_route=\/wp\/v2\/posts"}],"about":[{"href":"http:\/\/www.maria-koenigin.de\/index.php?rest_route=\/wp\/v2\/types\/post"}],"author":[{"embeddable":true,"href":"http:\/\/www.maria-koenigin.de\/index.php?rest_route=\/wp\/v2\/users\/1"}],"replies":[{"embeddable":true,"href":"http:\/\/www.maria-koenigin.de\/index.php?rest_route=%2Fwp%2Fv2%2Fcomments&post=7876"}],"version-history":[{"count":3,"href":"http:\/\/www.maria-koenigin.de\/index.php?rest_route=\/wp\/v2\/posts\/7876\/revisions"}],"predecessor-version":[{"id":7937,"href":"http:\/\/www.maria-koenigin.de\/index.php?rest_route=\/wp\/v2\/posts\/7876\/revisions\/7937"}],"wp:attachment":[{"href":"http:\/\/www.maria-koenigin.de\/index.php?rest_route=%2Fwp%2Fv2%2Fmedia&parent=7876"}],"wp:term":[{"taxonomy":"category","embeddable":true,"href":"http:\/\/www.maria-koenigin.de\/index.php?rest_route=%2Fwp%2Fv2%2Fcategories&post=7876"},{"taxonomy":"post_tag","embeddable":true,"href":"http:\/\/www.maria-koenigin.de\/index.php?rest_route=%2Fwp%2Fv2%2Ftags&post=7876"}],"curies":[{"name":"wp","href":"https:\/\/api.w.org\/{rel}","templated":true}]}}