{"id":7940,"date":"2019-01-31T17:16:34","date_gmt":"2019-01-31T16:16:34","guid":{"rendered":"http:\/\/www.maria-koenigin.de\/?p=7940"},"modified":"2019-01-31T17:16:34","modified_gmt":"2019-01-31T16:16:34","slug":"fit-fuer-studium-und-beruf-2","status":"publish","type":"post","link":"http:\/\/www.maria-koenigin.de\/?p=7940","title":{"rendered":"\u201eFit f\u00fcr Studium und Beruf\u201c"},"content":{"rendered":"<p><img loading=\"lazy\" decoding=\"async\" class=\"alignnone size-full wp-image-7947\" src=\"http:\/\/www.maria-koenigin.de\/wordpress\/wp-content\/uploads\/2019\/01\/berufsmesse_19_07.jpg\" alt=\"\" width=\"650\" height=\"433\" srcset=\"http:\/\/www.maria-koenigin.de\/wordpress\/wp-content\/uploads\/2019\/01\/berufsmesse_19_07.jpg 650w, http:\/\/www.maria-koenigin.de\/wordpress\/wp-content\/uploads\/2019\/01\/berufsmesse_19_07-300x200.jpg 300w, http:\/\/www.maria-koenigin.de\/wordpress\/wp-content\/uploads\/2019\/01\/berufsmesse_19_07-624x416.jpg 624w\" sizes=\"auto, (max-width: 650px) 100vw, 650px\" \/><\/p>\n<p style=\"text-align: justify;\">\u201eFit f\u00fcr Studium und Beruf\u201c lautete das Motto des Stufentages f\u00fcr die Jahrgangsstufe 11 am 31.01.2019. An diesem Tag der Studien- und Berufsorientierung durchliefen die Sch\u00fclerinnen und Sch\u00fcler der Q 1 drei Stationen mit unterschiedlichen <!--more-->Themen, die sie auf die Zeit nach dem Abitur vorbereiten sollten.<\/p>\n<p style=\"text-align: justify;\"><img loading=\"lazy\" decoding=\"async\" class=\"alignnone size-full wp-image-7941\" src=\"http:\/\/www.maria-koenigin.de\/wordpress\/wp-content\/uploads\/2019\/01\/berufsmesse_19_01.jpg\" alt=\"\" width=\"650\" height=\"433\" srcset=\"http:\/\/www.maria-koenigin.de\/wordpress\/wp-content\/uploads\/2019\/01\/berufsmesse_19_01.jpg 650w, http:\/\/www.maria-koenigin.de\/wordpress\/wp-content\/uploads\/2019\/01\/berufsmesse_19_01-300x200.jpg 300w, http:\/\/www.maria-koenigin.de\/wordpress\/wp-content\/uploads\/2019\/01\/berufsmesse_19_01-624x416.jpg 624w\" sizes=\"auto, (max-width: 650px) 100vw, 650px\" \/><br \/>\nBeim Bewerbertraining, dem 1. Modul, durch Herrn Bernd Kramer von der Volksbank Bigge-Lenne ging es um praktische Fragen des Bewerbungsschreibens und vor allem des Vorstellungsgespr\u00e4ches. Mit vielen sehr anschaulichen praktischen Beispielen erl\u00e4uterte Herr Kramer den Sch\u00fclerinnen und Sch\u00fclern, wobei es bei einer Bewerbung wirklich ankommt. Ein vertieftes Bewerbungstraining f\u00fcr Interessenten in den R\u00e4umen der Volksbank wird diesen Vortrag vertiefen.<\/p>\n<p style=\"text-align: justify;\"><img loading=\"lazy\" decoding=\"async\" class=\"alignnone size-full wp-image-7942\" src=\"http:\/\/www.maria-koenigin.de\/wordpress\/wp-content\/uploads\/2019\/01\/berufsmesse_19_02.jpg\" alt=\"\" width=\"650\" height=\"433\" srcset=\"http:\/\/www.maria-koenigin.de\/wordpress\/wp-content\/uploads\/2019\/01\/berufsmesse_19_02.jpg 650w, http:\/\/www.maria-koenigin.de\/wordpress\/wp-content\/uploads\/2019\/01\/berufsmesse_19_02-300x200.jpg 300w, http:\/\/www.maria-koenigin.de\/wordpress\/wp-content\/uploads\/2019\/01\/berufsmesse_19_02-624x416.jpg 624w\" sizes=\"auto, (max-width: 650px) 100vw, 650px\" \/><br \/>\nDas 2. Modul, in dem es um die Studienfinanzierung ging, wurde von Herrn Br\u00fcseken, Studien- und Berufswahlkoordinator an Maria K\u00f6nigin, durchgef\u00fchrt. Stipendien, Baf\u00f6g, Studienkredite, Jobben und zahlreiche andere M\u00f6glichkeiten wurden den Teilnehmerinnen und Teilnehmern ausgiebig und anschaulich vorgestellt.<\/p>\n<p style=\"text-align: justify;\"><img loading=\"lazy\" decoding=\"async\" class=\"alignnone size-full wp-image-7943\" src=\"http:\/\/www.maria-koenigin.de\/wordpress\/wp-content\/uploads\/2019\/01\/berufsmesse_19_03.jpg\" alt=\"\" width=\"650\" height=\"433\" srcset=\"http:\/\/www.maria-koenigin.de\/wordpress\/wp-content\/uploads\/2019\/01\/berufsmesse_19_03.jpg 650w, http:\/\/www.maria-koenigin.de\/wordpress\/wp-content\/uploads\/2019\/01\/berufsmesse_19_03-300x200.jpg 300w, http:\/\/www.maria-koenigin.de\/wordpress\/wp-content\/uploads\/2019\/01\/berufsmesse_19_03-624x416.jpg 624w\" sizes=\"auto, (max-width: 650px) 100vw, 650px\" \/><br \/>\nDas Selbsterkundungstool \u201eWelcher Beruf passt zu mir?\u201c der Arbeitsagentur wurde im 3. Modul ausprobiert. Anhand zahlreicher Fragen und anspruchsvoller Aufgaben konnten die eigenen F\u00e4higkeiten und Interessensgebiete erkundet werden, aus denen im Anschluss konkrete Berufsfelder abgeleitet werden konnten.<\/p>\n<p style=\"text-align: justify;\"><img loading=\"lazy\" decoding=\"async\" class=\"alignnone size-full wp-image-7944\" src=\"http:\/\/www.maria-koenigin.de\/wordpress\/wp-content\/uploads\/2019\/01\/berufsmesse_19_04.jpg\" alt=\"\" width=\"650\" height=\"433\" srcset=\"http:\/\/www.maria-koenigin.de\/wordpress\/wp-content\/uploads\/2019\/01\/berufsmesse_19_04.jpg 650w, http:\/\/www.maria-koenigin.de\/wordpress\/wp-content\/uploads\/2019\/01\/berufsmesse_19_04-300x200.jpg 300w, http:\/\/www.maria-koenigin.de\/wordpress\/wp-content\/uploads\/2019\/01\/berufsmesse_19_04-624x416.jpg 624w\" sizes=\"auto, (max-width: 650px) 100vw, 650px\" \/><br \/>\nEine Berufsmesse mit \u00fcber 20 heimischen Arbeitgebern zeigte den Sch\u00fclerinnen und Sch\u00fclern die Vielfalt der Ausbildungs- und Studienm\u00f6glichkeiten im heimischen Raum. Mit gro\u00dfem Einsatz pr\u00e4sentierten sich die Firmen und Institutionen, um m\u00f6gliche Interessenten f\u00fcr einen Ausbildungsplatz oder ein Duales Studium zu gewinnen.<\/p>\n<p style=\"text-align: justify;\"><img loading=\"lazy\" decoding=\"async\" class=\"alignnone size-full wp-image-7945\" src=\"http:\/\/www.maria-koenigin.de\/wordpress\/wp-content\/uploads\/2019\/01\/berufsmesse_19_05.jpg\" alt=\"\" width=\"650\" height=\"433\" srcset=\"http:\/\/www.maria-koenigin.de\/wordpress\/wp-content\/uploads\/2019\/01\/berufsmesse_19_05.jpg 650w, http:\/\/www.maria-koenigin.de\/wordpress\/wp-content\/uploads\/2019\/01\/berufsmesse_19_05-300x200.jpg 300w, http:\/\/www.maria-koenigin.de\/wordpress\/wp-content\/uploads\/2019\/01\/berufsmesse_19_05-624x416.jpg 624w\" sizes=\"auto, (max-width: 650px) 100vw, 650px\" \/><br \/>\nDer Tag der Studien- und Berufsorientierung ist eingebunden in das umfassende Konzept der Berufs- und Studienorientierung unserer Schule, das von Frau Treude, Herrn Voss und Herrn Br\u00fcseken betreut wird.<\/p>\n<p><img loading=\"lazy\" decoding=\"async\" class=\"alignnone size-full wp-image-7946\" src=\"http:\/\/www.maria-koenigin.de\/wordpress\/wp-content\/uploads\/2019\/01\/berufsmesse_19_06.jpg\" alt=\"\" width=\"650\" height=\"433\" srcset=\"http:\/\/www.maria-koenigin.de\/wordpress\/wp-content\/uploads\/2019\/01\/berufsmesse_19_06.jpg 650w, http:\/\/www.maria-koenigin.de\/wordpress\/wp-content\/uploads\/2019\/01\/berufsmesse_19_06-300x200.jpg 300w, http:\/\/www.maria-koenigin.de\/wordpress\/wp-content\/uploads\/2019\/01\/berufsmesse_19_06-624x416.jpg 624w\" sizes=\"auto, (max-width: 650px) 100vw, 650px\" \/><\/p>\n<p style=\"text-align: justify;\">Teilnehmende Firmen und Institutionen:<br \/>\nBarmer Olpe, Bundeswehr, Caritas Olpe, coventus, DAA Siegen, Finanzamt Olpe, Gro\u00dfhaus, H&amp;R Federn, Hensel, Karriere S\u00fcdwestfalen, Ketten-Wulff, Kreisverwaltung Olpe, Lewa Attendorn, Mennekes, Polizei Olpe, Sontec Sensoren, Stadt Lennestadt, Tracto-Technik, Universit\u00e4t Siegen, Viegener, Volksbank Bigge-Lenne<\/p>\n<p><img loading=\"lazy\" decoding=\"async\" class=\"alignnone size-full wp-image-7949\" src=\"http:\/\/www.maria-koenigin.de\/wordpress\/wp-content\/uploads\/2019\/01\/berufsmesse_19_09.jpg\" alt=\"\" width=\"650\" height=\"433\" srcset=\"http:\/\/www.maria-koenigin.de\/wordpress\/wp-content\/uploads\/2019\/01\/berufsmesse_19_09.jpg 650w, http:\/\/www.maria-koenigin.de\/wordpress\/wp-content\/uploads\/2019\/01\/berufsmesse_19_09-300x200.jpg 300w, http:\/\/www.maria-koenigin.de\/wordpress\/wp-content\/uploads\/2019\/01\/berufsmesse_19_09-624x416.jpg 624w\" sizes=\"auto, (max-width: 650px) 100vw, 650px\" \/> <img loading=\"lazy\" decoding=\"async\" class=\"alignnone size-full wp-image-7948\" src=\"http:\/\/www.maria-koenigin.de\/wordpress\/wp-content\/uploads\/2019\/01\/berufsmesse_19_08.jpg\" alt=\"\" width=\"650\" height=\"433\" srcset=\"http:\/\/www.maria-koenigin.de\/wordpress\/wp-content\/uploads\/2019\/01\/berufsmesse_19_08.jpg 650w, http:\/\/www.maria-koenigin.de\/wordpress\/wp-content\/uploads\/2019\/01\/berufsmesse_19_08-300x200.jpg 300w, http:\/\/www.maria-koenigin.de\/wordpress\/wp-content\/uploads\/2019\/01\/berufsmesse_19_08-624x416.jpg 624w\" sizes=\"auto, (max-width: 650px) 100vw, 650px\" \/><\/p>\n<p style=\"text-align: right;\">Michael Br\u00fcseken<\/p>\n","protected":false},"excerpt":{"rendered":"<p>\u201eFit f\u00fcr Studium und Beruf\u201c lautete das Motto des Stufentages f\u00fcr die Jahrgangsstufe 11 am 31.01.2019. An diesem Tag der Studien- und Berufsorientierung durchliefen die Sch\u00fclerinnen und Sch\u00fcler der Q 1 drei Stationen mit unterschiedlichen<\/p>\n","protected":false},"author":1,"featured_media":0,"comment_status":"closed","ping_status":"closed","sticky":false,"template":"","format":"standard","meta":{"ngg_post_thumbnail":0,"footnotes":""},"categories":[4],"tags":[],"class_list":["post-7940","post","type-post","status-publish","format-standard","hentry","category-aktuelles"],"_links":{"self":[{"href":"http:\/\/www.maria-koenigin.de\/index.php?rest_route=\/wp\/v2\/posts\/7940","targetHints":{"allow":["GET"]}}],"collection":[{"href":"http:\/\/www.maria-koenigin.de\/index.php?rest_route=\/wp\/v2\/posts"}],"about":[{"href":"http:\/\/www.maria-koenigin.de\/index.php?rest_route=\/wp\/v2\/types\/post"}],"author":[{"embeddable":true,"href":"http:\/\/www.maria-koenigin.de\/index.php?rest_route=\/wp\/v2\/users\/1"}],"replies":[{"embeddable":true,"href":"http:\/\/www.maria-koenigin.de\/index.php?rest_route=%2Fwp%2Fv2%2Fcomments&post=7940"}],"version-history":[{"count":1,"href":"http:\/\/www.maria-koenigin.de\/index.php?rest_route=\/wp\/v2\/posts\/7940\/revisions"}],"predecessor-version":[{"id":7950,"href":"http:\/\/www.maria-koenigin.de\/index.php?rest_route=\/wp\/v2\/posts\/7940\/revisions\/7950"}],"wp:attachment":[{"href":"http:\/\/www.maria-koenigin.de\/index.php?rest_route=%2Fwp%2Fv2%2Fmedia&parent=7940"}],"wp:term":[{"taxonomy":"category","embeddable":true,"href":"http:\/\/www.maria-koenigin.de\/index.php?rest_route=%2Fwp%2Fv2%2Fcategories&post=7940"},{"taxonomy":"post_tag","embeddable":true,"href":"http:\/\/www.maria-koenigin.de\/index.php?rest_route=%2Fwp%2Fv2%2Ftags&post=7940"}],"curies":[{"name":"wp","href":"https:\/\/api.w.org\/{rel}","templated":true}]}}