{"id":7967,"date":"2019-02-08T07:01:19","date_gmt":"2019-02-08T06:01:19","guid":{"rendered":"http:\/\/www.maria-koenigin.de\/?p=7967"},"modified":"2019-02-08T07:01:19","modified_gmt":"2019-02-08T06:01:19","slug":"physikschueler-besuchen-uni-siegen","status":"publish","type":"post","link":"http:\/\/www.maria-koenigin.de\/?p=7967","title":{"rendered":"Physiksch\u00fcler besuchen Uni Siegen"},"content":{"rendered":"<p><img loading=\"lazy\" decoding=\"async\" class=\"alignnone size-full wp-image-7968\" src=\"http:\/\/www.maria-koenigin.de\/wordpress\/wp-content\/uploads\/2019\/02\/physik_siegen_19_01.jpg\" alt=\"\" width=\"650\" height=\"488\" srcset=\"http:\/\/www.maria-koenigin.de\/wordpress\/wp-content\/uploads\/2019\/02\/physik_siegen_19_01.jpg 650w, http:\/\/www.maria-koenigin.de\/wordpress\/wp-content\/uploads\/2019\/02\/physik_siegen_19_01-300x225.jpg 300w, http:\/\/www.maria-koenigin.de\/wordpress\/wp-content\/uploads\/2019\/02\/physik_siegen_19_01-624x468.jpg 624w\" sizes=\"auto, (max-width: 650px) 100vw, 650px\" \/><\/p>\n<p style=\"text-align: justify;\">Fast 70 Sch\u00fclerinnen und Sch\u00fcler der Stufen EF, Q1 und Q2 erlebten am Donnerstag vor den Zeugnissen einen spannenden Tag an der Universit\u00e4t Siegen. Zusammen mit einigen Oberstufenkursen der St.-Franziskus Schule und des st\u00e4dtischen Gymnasiums Kreuztal nahmen sie am Studientag Physik am <!--more-->Emmy-Noether-Campus teil.<\/p>\n<p><img loading=\"lazy\" decoding=\"async\" class=\"alignnone size-full wp-image-7971\" src=\"http:\/\/www.maria-koenigin.de\/wordpress\/wp-content\/uploads\/2019\/02\/physik_siegen_19_04.jpg\" alt=\"\" width=\"650\" height=\"366\" srcset=\"http:\/\/www.maria-koenigin.de\/wordpress\/wp-content\/uploads\/2019\/02\/physik_siegen_19_04.jpg 650w, http:\/\/www.maria-koenigin.de\/wordpress\/wp-content\/uploads\/2019\/02\/physik_siegen_19_04-300x169.jpg 300w, http:\/\/www.maria-koenigin.de\/wordpress\/wp-content\/uploads\/2019\/02\/physik_siegen_19_04-624x351.jpg 624w\" sizes=\"auto, (max-width: 650px) 100vw, 650px\" \/><\/p>\n<p style=\"text-align: justify;\">Den Gro\u00dfteil der Zeit verbrachten unsere interessierten Physikerinnen und Physiker mit Experimenten und Vortr\u00e4gen in Kleingruppen, die von den verschiedenen Fachbereichen der Uni angeboten wurden. So wurde beispielsweise in der Experimentellen Nanophysik mit Glimmer experimentiert, die Quantenoptiker zeigten Teilchenfallen f\u00fcr mikroskopisch kleine Teilchen und das Prinzip des Schwebens wurde aus verschiedenen Perspektiven betrachtet und im Experiment umgesetzt. Bei der Untersuchung von Proteinbewegungen in der R\u00f6ntgenphysik konnte die Verzahnung von Versuchsaufbau und Analysesoftware am PC erfahren werden.<\/p>\n<p><img loading=\"lazy\" decoding=\"async\" class=\"alignnone size-full wp-image-7973\" src=\"http:\/\/www.maria-koenigin.de\/wordpress\/wp-content\/uploads\/2019\/02\/physik_siegen_19_06.jpg\" alt=\"\" width=\"650\" height=\"366\" srcset=\"http:\/\/www.maria-koenigin.de\/wordpress\/wp-content\/uploads\/2019\/02\/physik_siegen_19_06.jpg 650w, http:\/\/www.maria-koenigin.de\/wordpress\/wp-content\/uploads\/2019\/02\/physik_siegen_19_06-300x169.jpg 300w, http:\/\/www.maria-koenigin.de\/wordpress\/wp-content\/uploads\/2019\/02\/physik_siegen_19_06-624x351.jpg 624w\" sizes=\"auto, (max-width: 650px) 100vw, 650px\" \/><\/p>\n<p style=\"text-align: justify;\">Eingerahmt wurde die Veranstaltung von zwei Vorlesungen. Zu Beginn sprach mit Prof. Dr. Thomas Mannel ein Fachmann f\u00fcr die theoretische Elementarteilchenphysik \u00fcber die Welt im ganz Gro\u00dfen (Universum) bis hin zum ganz Kleinen (Quarks im Atomkern). F\u00fcr einen effektreichen Abschluss sorgte der Hauptorganisator Prof. Dr. Carsten Busse mit einem kleinen Team im Rahmen einer Experimentalphysikvorlesung, bei der die Sch\u00fclerinnen und Sch\u00fcler Versuche bestaunen konnten, die auf diese spektakul\u00e4re Art nie im Unterricht umsetzbar w\u00e4ren.<\/p>\n<p><img loading=\"lazy\" decoding=\"async\" class=\"alignnone size-full wp-image-7972\" src=\"http:\/\/www.maria-koenigin.de\/wordpress\/wp-content\/uploads\/2019\/02\/physik_siegen_19_05.jpg\" alt=\"\" width=\"650\" height=\"366\" srcset=\"http:\/\/www.maria-koenigin.de\/wordpress\/wp-content\/uploads\/2019\/02\/physik_siegen_19_05.jpg 650w, http:\/\/www.maria-koenigin.de\/wordpress\/wp-content\/uploads\/2019\/02\/physik_siegen_19_05-300x169.jpg 300w, http:\/\/www.maria-koenigin.de\/wordpress\/wp-content\/uploads\/2019\/02\/physik_siegen_19_05-624x351.jpg 624w\" sizes=\"auto, (max-width: 650px) 100vw, 650px\" \/><\/p>\n<p style=\"text-align: justify;\">Insgesamt bildete der Tag die Arbeitsweise eines Physikers sehr gut ab. Einerseits freut man sich \u00fcber Peaks in einer Messkurve auf dem Computerbildschirm und Zeigerausschl\u00e4ge am Messger\u00e4t, die den theoretischen Erwartungen entsprechen. Andererseits kommt es mit fl\u00fcssigem Stickstoff oder Vortex-Ringen aus der selbst gebastelten Vortex-Kanone zu kreativen Experimenten\u2026ok, manche w\u00fcrden es Spielen nennen.<\/p>\n<p style=\"text-align: justify;\">Das Feedback der Sch\u00fclerinnen und Sch\u00fcler nach der Veranstaltung zeigt, dass sich die Reise nach Siegen sehr gelohnt hat.<\/p>\n<p style=\"text-align: right;\">Sandra Clemens<\/p>\n","protected":false},"excerpt":{"rendered":"<p>Fast 70 Sch\u00fclerinnen und Sch\u00fcler der Stufen EF, Q1 und Q2 erlebten am Donnerstag vor den Zeugnissen einen spannenden Tag an der Universit\u00e4t Siegen. Zusammen mit einigen Oberstufenkursen der St.-Franziskus Schule und des st\u00e4dtischen Gymnasiums Kreuztal nahmen sie am Studientag Physik am<\/p>\n","protected":false},"author":1,"featured_media":0,"comment_status":"closed","ping_status":"closed","sticky":false,"template":"","format":"standard","meta":{"ngg_post_thumbnail":0,"footnotes":""},"categories":[4],"tags":[],"class_list":["post-7967","post","type-post","status-publish","format-standard","hentry","category-aktuelles"],"_links":{"self":[{"href":"http:\/\/www.maria-koenigin.de\/index.php?rest_route=\/wp\/v2\/posts\/7967","targetHints":{"allow":["GET"]}}],"collection":[{"href":"http:\/\/www.maria-koenigin.de\/index.php?rest_route=\/wp\/v2\/posts"}],"about":[{"href":"http:\/\/www.maria-koenigin.de\/index.php?rest_route=\/wp\/v2\/types\/post"}],"author":[{"embeddable":true,"href":"http:\/\/www.maria-koenigin.de\/index.php?rest_route=\/wp\/v2\/users\/1"}],"replies":[{"embeddable":true,"href":"http:\/\/www.maria-koenigin.de\/index.php?rest_route=%2Fwp%2Fv2%2Fcomments&post=7967"}],"version-history":[{"count":1,"href":"http:\/\/www.maria-koenigin.de\/index.php?rest_route=\/wp\/v2\/posts\/7967\/revisions"}],"predecessor-version":[{"id":7975,"href":"http:\/\/www.maria-koenigin.de\/index.php?rest_route=\/wp\/v2\/posts\/7967\/revisions\/7975"}],"wp:attachment":[{"href":"http:\/\/www.maria-koenigin.de\/index.php?rest_route=%2Fwp%2Fv2%2Fmedia&parent=7967"}],"wp:term":[{"taxonomy":"category","embeddable":true,"href":"http:\/\/www.maria-koenigin.de\/index.php?rest_route=%2Fwp%2Fv2%2Fcategories&post=7967"},{"taxonomy":"post_tag","embeddable":true,"href":"http:\/\/www.maria-koenigin.de\/index.php?rest_route=%2Fwp%2Fv2%2Ftags&post=7967"}],"curies":[{"name":"wp","href":"https:\/\/api.w.org\/{rel}","templated":true}]}}