{"id":8129,"date":"2019-02-13T08:30:45","date_gmt":"2019-02-13T07:30:45","guid":{"rendered":"http:\/\/www.maria-koenigin.de\/?p=8129"},"modified":"2019-02-13T08:00:26","modified_gmt":"2019-02-13T07:00:26","slug":"dschungelbuch-verzaubert-besucher","status":"publish","type":"post","link":"http:\/\/www.maria-koenigin.de\/?p=8129","title":{"rendered":"Dschungelbuch verzaubert Besucher"},"content":{"rendered":"<p><img loading=\"lazy\" decoding=\"async\" class=\"alignnone size-full wp-image-8135\" src=\"http:\/\/www.maria-koenigin.de\/wordpress\/wp-content\/uploads\/2019\/02\/dschungelbuch_titel.jpg\" alt=\"\" width=\"650\" height=\"433\" srcset=\"http:\/\/www.maria-koenigin.de\/wordpress\/wp-content\/uploads\/2019\/02\/dschungelbuch_titel.jpg 650w, http:\/\/www.maria-koenigin.de\/wordpress\/wp-content\/uploads\/2019\/02\/dschungelbuch_titel-300x200.jpg 300w, http:\/\/www.maria-koenigin.de\/wordpress\/wp-content\/uploads\/2019\/02\/dschungelbuch_titel-624x416.jpg 624w\" sizes=\"auto, (max-width: 650px) 100vw, 650px\" \/><\/p>\n<p style=\"margin: 0cm 3.75pt 0.0001pt 0cm; text-align: justify;\">Nahezu 800 Besucher f\u00fcllten in den beiden Auff\u00fchrungen des \u201eDschungelbuchs\u201c der Musical-AG der Unterstufe des Gymnasiums Maria K\u00f6nigin am vergangenen Sonntag, dem 10. Februar 2019, das PZ in Meggen. Vor einer bunten Urwald-Kulisse, in farbenpr\u00e4chtigen Kost\u00fcmen und hinter mit viel Liebe zum Detail angefertigten Masken f\u00fchrten \u00fcber 70 <!--more-->Sch\u00fclerinnen und Sch\u00fcler den Klassiker des britischen Autors Rudyard Kipling in einer \u00fcberarbeiteten Fassung auf. Unterst\u00fctzt wurden sie dabei von der MK-Band, der Tanz-AG und der Technik-AG. Der gro\u00dfe Schlussapplaus eines begeisterten Publikums wurde mit einer Zugabe von Mogli, Balu und Co. belohnt.<\/p>\n<p style=\"text-align: right;\">Harald J\u00fcngst<\/p>\nngg_shortcode_0_placeholder\n","protected":false},"excerpt":{"rendered":"<p>Nahezu 800 Besucher f\u00fcllten in den beiden Auff\u00fchrungen des \u201eDschungelbuchs\u201c der Musical-AG der Unterstufe des Gymnasiums Maria K\u00f6nigin am vergangenen Sonntag, dem 10. Februar 2019, das PZ in Meggen. Vor einer bunten Urwald-Kulisse, in farbenpr\u00e4chtigen Kost\u00fcmen und hinter mit viel Liebe zum Detail angefertigten Masken f\u00fchrten \u00fcber 70<\/p>\n","protected":false},"author":1,"featured_media":0,"comment_status":"closed","ping_status":"closed","sticky":false,"template":"","format":"standard","meta":{"ngg_post_thumbnail":0,"footnotes":""},"categories":[4],"tags":[],"class_list":["post-8129","post","type-post","status-publish","format-standard","hentry","category-aktuelles"],"_links":{"self":[{"href":"http:\/\/www.maria-koenigin.de\/index.php?rest_route=\/wp\/v2\/posts\/8129","targetHints":{"allow":["GET"]}}],"collection":[{"href":"http:\/\/www.maria-koenigin.de\/index.php?rest_route=\/wp\/v2\/posts"}],"about":[{"href":"http:\/\/www.maria-koenigin.de\/index.php?rest_route=\/wp\/v2\/types\/post"}],"author":[{"embeddable":true,"href":"http:\/\/www.maria-koenigin.de\/index.php?rest_route=\/wp\/v2\/users\/1"}],"replies":[{"embeddable":true,"href":"http:\/\/www.maria-koenigin.de\/index.php?rest_route=%2Fwp%2Fv2%2Fcomments&post=8129"}],"version-history":[{"count":4,"href":"http:\/\/www.maria-koenigin.de\/index.php?rest_route=\/wp\/v2\/posts\/8129\/revisions"}],"predecessor-version":[{"id":8136,"href":"http:\/\/www.maria-koenigin.de\/index.php?rest_route=\/wp\/v2\/posts\/8129\/revisions\/8136"}],"wp:attachment":[{"href":"http:\/\/www.maria-koenigin.de\/index.php?rest_route=%2Fwp%2Fv2%2Fmedia&parent=8129"}],"wp:term":[{"taxonomy":"category","embeddable":true,"href":"http:\/\/www.maria-koenigin.de\/index.php?rest_route=%2Fwp%2Fv2%2Fcategories&post=8129"},{"taxonomy":"post_tag","embeddable":true,"href":"http:\/\/www.maria-koenigin.de\/index.php?rest_route=%2Fwp%2Fv2%2Ftags&post=8129"}],"curies":[{"name":"wp","href":"https:\/\/api.w.org\/{rel}","templated":true}]}}