{"id":8177,"date":"2019-03-03T10:00:40","date_gmt":"2019-03-03T09:00:40","guid":{"rendered":"http:\/\/www.maria-koenigin.de\/?p=8177"},"modified":"2019-03-02T19:13:50","modified_gmt":"2019-03-02T18:13:50","slug":"zwei-mk-teams-beim-brueckenbauwettbewerb","status":"publish","type":"post","link":"http:\/\/www.maria-koenigin.de\/?p=8177","title":{"rendered":"Zwei MK-Teams beim Br\u00fcckenbauwettbewerb"},"content":{"rendered":"<p><img loading=\"lazy\" decoding=\"async\" class=\"alignnone size-full wp-image-8178\" src=\"http:\/\/www.maria-koenigin.de\/wordpress\/wp-content\/uploads\/2019\/03\/MK_Br\u00fcckenbau_19.jpg\" alt=\"\" width=\"650\" height=\"406\" srcset=\"http:\/\/www.maria-koenigin.de\/wordpress\/wp-content\/uploads\/2019\/03\/MK_Br\u00fcckenbau_19.jpg 650w, http:\/\/www.maria-koenigin.de\/wordpress\/wp-content\/uploads\/2019\/03\/MK_Br\u00fcckenbau_19-300x187.jpg 300w, http:\/\/www.maria-koenigin.de\/wordpress\/wp-content\/uploads\/2019\/03\/MK_Br\u00fcckenbau_19-624x390.jpg 624w\" sizes=\"auto, (max-width: 650px) 100vw, 650px\" \/><\/p>\n<p style=\"text-align: justify;\">Am Freitag fuhren insgesamt sieben Sch\u00fclerinnen und Sch\u00fcler unserer Schule zur Finalrunde des Br\u00fcckenbauwettbewerbs der naturwissenschaftlich-technischen Fakult\u00e4t der Uni Siegen. Bei diesem Wettbewerb f\u00fcr Oberstufensch\u00fcler aus der Region S\u00fcdwestfalen soll ein Br\u00fcckenmodell nur aus Papier und <!--more-->Klebstoff gebastelt werden, welches in Geometrie und Material bestimmten Anforderungen entsprechen muss.<\/p>\n<p style=\"text-align: justify;\">W\u00e4hrend Jana Hermes und Michel Rudnitzki aus der Q2 schon zum dritten Mal teilnahmen, gaben die EF-Sch\u00fcler Torben Hesse, Phillip Klein, Simon Wadsack, Lukas Z\u00f6llner und David Morais ihr Deb\u00fct. Die Papierbr\u00fccke war in den vergangenen Wochen in der Freizeit gebaut worden und musste sich nun der Belastungsprobe unterziehen. In einer Pr\u00fcfeinrichtung wurden die Bauwerke systematisch zerst\u00f6rt, w\u00e4hrend ein Messsystem die Biegung sowie die getragene Last digital dokumentierte. Die erreichte Maximalbelastung wurde schlie\u00dflich noch in Relation zu Eigengewicht und Verformung der Br\u00fccke gesetzt. Au\u00dferdem gingen zu jeweils 15% durch eine Jury festgelegte Punkte f\u00fcr Gestaltung und Design, sowie die Qualit\u00e4t der anzufertigenden Ausarbeitung in die Gesamtwertung mit ein.<\/p>\n<p><img loading=\"lazy\" decoding=\"async\" class=\"alignnone size-full wp-image-8179\" src=\"http:\/\/www.maria-koenigin.de\/wordpress\/wp-content\/uploads\/2019\/03\/MK_Br\u00fcckenbau_19_2.jpg\" alt=\"\" width=\"650\" height=\"488\" srcset=\"http:\/\/www.maria-koenigin.de\/wordpress\/wp-content\/uploads\/2019\/03\/MK_Br\u00fcckenbau_19_2.jpg 650w, http:\/\/www.maria-koenigin.de\/wordpress\/wp-content\/uploads\/2019\/03\/MK_Br\u00fcckenbau_19_2-300x225.jpg 300w, http:\/\/www.maria-koenigin.de\/wordpress\/wp-content\/uploads\/2019\/03\/MK_Br\u00fcckenbau_19_2-624x468.jpg 624w\" sizes=\"auto, (max-width: 650px) 100vw, 650px\" \/><\/p>\n<p style=\"text-align: justify;\">Die Br\u00fccke von Jana und Michel konnte bei einem sehr geringen Eigengewicht von nur 149g eine Last von 19,7kg tragen. Die zweite MK-Konstruktion hielt bei beinahe identischem Gewicht 6,35kg aus. Mit Spannung wurden dann die Belastungsproben der Konkurrenz beobachtet: Auch vor der Verteilung der Zusatzpunkte stand f\u00fcr alle Im H\u00f6rsaal der Sieger schon fest. Das Team des F\u00fcrst-Johann-Moritz Gymnasiums hatte ein Bauwerk geschaffen, dass eine Last von unglaublichen 75kg tragen konnte. Das Q2-Team mit Michel und Jana, die in den vergangenen beiden Jahren jeweils den zweiten Platz erreicht hatten, fieberten w\u00e4hrend der nachfolgenden Bekanntgabe der weiteren Platzierungen. In einer starken Konkurrenz konnten sie schlie\u00dflich mit dem 3.Rang erneut einen &#8222;Podestplatz&#8220; belegen und eine wohlverdiente Pr\u00e4mie von 50\u20ac mit nach Hause nehmen. Etwas weniger erfolgreich verlief der Vormittag f\u00fcr das Team aus der EF. Aufgrund einer eher mittelm\u00e4\u00dfigen Traglast und einer im Verh\u00e4ltnis zu den anderen 16 Teams geringen Punkteausbeute in den Bereichen Gestaltung und Dokumentation blieb am Ende nur der vorletzte Platz. Aber die f\u00fcnf Jungs haben einige Erfahrungen sammeln k\u00f6nnen und auch andere Konstruktionsverfahren begutachtet und sind daher hoch motiviert beim Br\u00fcckenbauwettbewerb 19\/20 mit einem besseren Modell an den Start zu gehen.<\/p>\n<p style=\"text-align: right;\">Sandra Clemens<\/p>\n","protected":false},"excerpt":{"rendered":"<p>Am Freitag fuhren insgesamt sieben Sch\u00fclerinnen und Sch\u00fcler unserer Schule zur Finalrunde des Br\u00fcckenbauwettbewerbs der naturwissenschaftlich-technischen Fakult\u00e4t der Uni Siegen. Bei diesem Wettbewerb f\u00fcr Oberstufensch\u00fcler aus der Region S\u00fcdwestfalen soll ein Br\u00fcckenmodell nur aus Papier und<\/p>\n","protected":false},"author":1,"featured_media":0,"comment_status":"closed","ping_status":"closed","sticky":false,"template":"","format":"standard","meta":{"ngg_post_thumbnail":0,"footnotes":""},"categories":[4],"tags":[],"class_list":["post-8177","post","type-post","status-publish","format-standard","hentry","category-aktuelles"],"_links":{"self":[{"href":"http:\/\/www.maria-koenigin.de\/index.php?rest_route=\/wp\/v2\/posts\/8177","targetHints":{"allow":["GET"]}}],"collection":[{"href":"http:\/\/www.maria-koenigin.de\/index.php?rest_route=\/wp\/v2\/posts"}],"about":[{"href":"http:\/\/www.maria-koenigin.de\/index.php?rest_route=\/wp\/v2\/types\/post"}],"author":[{"embeddable":true,"href":"http:\/\/www.maria-koenigin.de\/index.php?rest_route=\/wp\/v2\/users\/1"}],"replies":[{"embeddable":true,"href":"http:\/\/www.maria-koenigin.de\/index.php?rest_route=%2Fwp%2Fv2%2Fcomments&post=8177"}],"version-history":[{"count":2,"href":"http:\/\/www.maria-koenigin.de\/index.php?rest_route=\/wp\/v2\/posts\/8177\/revisions"}],"predecessor-version":[{"id":8181,"href":"http:\/\/www.maria-koenigin.de\/index.php?rest_route=\/wp\/v2\/posts\/8177\/revisions\/8181"}],"wp:attachment":[{"href":"http:\/\/www.maria-koenigin.de\/index.php?rest_route=%2Fwp%2Fv2%2Fmedia&parent=8177"}],"wp:term":[{"taxonomy":"category","embeddable":true,"href":"http:\/\/www.maria-koenigin.de\/index.php?rest_route=%2Fwp%2Fv2%2Fcategories&post=8177"},{"taxonomy":"post_tag","embeddable":true,"href":"http:\/\/www.maria-koenigin.de\/index.php?rest_route=%2Fwp%2Fv2%2Ftags&post=8177"}],"curies":[{"name":"wp","href":"https:\/\/api.w.org\/{rel}","templated":true}]}}