{"id":8194,"date":"2019-03-07T13:41:29","date_gmt":"2019-03-07T12:41:29","guid":{"rendered":"http:\/\/www.maria-koenigin.de\/?p=8194"},"modified":"2019-03-08T13:42:41","modified_gmt":"2019-03-08T12:42:41","slug":"einladung-zur-mitgliederversammlung-des-vereins-der-freunde-und-foerderer-des-gymnasiums-maria-koenigin","status":"publish","type":"post","link":"http:\/\/www.maria-koenigin.de\/?p=8194","title":{"rendered":"Einladung zur Mitgliederversammlung des Vereins der Freunde und F\u00f6rderer des Gymnasiums Maria K\u00f6nigin"},"content":{"rendered":"<p style=\"text-align: justify;\">Der Verein der Freunde und F\u00f6rderer des Gymnasiums Maria K\u00f6nigin in Lennestadt-Altenhundem l\u00e4dt auf diesem Wege satzungsgem\u00e4\u00df zur Mitgliederversammlung 2019 ein. Sie findet statt am Dienstag, dem 26. M\u00e4rz 2019, um 18.00 Uhr im Lehrerzimmer des Gymnasiums Maria K\u00f6nigin. Neben den \u00fcblichen Regularien mit den Berichten \u00fcber das Gesch\u00e4ftsjahr 2018 steht die Neuwahl der Kassenpr\u00fcferin\/ des Kassenpr\u00fcfers auf der Tagesordnung.<\/p>\n","protected":false},"excerpt":{"rendered":"<p>Der Verein der Freunde und F\u00f6rderer des Gymnasiums Maria K\u00f6nigin in Lennestadt-Altenhundem l\u00e4dt auf diesem Wege satzungsgem\u00e4\u00df zur Mitgliederversammlung 2019 ein. Sie findet statt am Dienstag, dem 26. M\u00e4rz 2019, um 18.00 Uhr im Lehrerzimmer des Gymnasiums Maria K\u00f6nigin. Neben den \u00fcblichen Regularien mit den Berichten \u00fcber das Gesch\u00e4ftsjahr 2018 steht die Neuwahl der Kassenpr\u00fcferin\/ [&hellip;]<\/p>\n","protected":false},"author":1,"featured_media":0,"comment_status":"closed","ping_status":"closed","sticky":false,"template":"","format":"standard","meta":{"ngg_post_thumbnail":0,"footnotes":""},"categories":[4],"tags":[],"class_list":["post-8194","post","type-post","status-publish","format-standard","hentry","category-aktuelles"],"_links":{"self":[{"href":"http:\/\/www.maria-koenigin.de\/index.php?rest_route=\/wp\/v2\/posts\/8194","targetHints":{"allow":["GET"]}}],"collection":[{"href":"http:\/\/www.maria-koenigin.de\/index.php?rest_route=\/wp\/v2\/posts"}],"about":[{"href":"http:\/\/www.maria-koenigin.de\/index.php?rest_route=\/wp\/v2\/types\/post"}],"author":[{"embeddable":true,"href":"http:\/\/www.maria-koenigin.de\/index.php?rest_route=\/wp\/v2\/users\/1"}],"replies":[{"embeddable":true,"href":"http:\/\/www.maria-koenigin.de\/index.php?rest_route=%2Fwp%2Fv2%2Fcomments&post=8194"}],"version-history":[{"count":1,"href":"http:\/\/www.maria-koenigin.de\/index.php?rest_route=\/wp\/v2\/posts\/8194\/revisions"}],"predecessor-version":[{"id":8195,"href":"http:\/\/www.maria-koenigin.de\/index.php?rest_route=\/wp\/v2\/posts\/8194\/revisions\/8195"}],"wp:attachment":[{"href":"http:\/\/www.maria-koenigin.de\/index.php?rest_route=%2Fwp%2Fv2%2Fmedia&parent=8194"}],"wp:term":[{"taxonomy":"category","embeddable":true,"href":"http:\/\/www.maria-koenigin.de\/index.php?rest_route=%2Fwp%2Fv2%2Fcategories&post=8194"},{"taxonomy":"post_tag","embeddable":true,"href":"http:\/\/www.maria-koenigin.de\/index.php?rest_route=%2Fwp%2Fv2%2Ftags&post=8194"}],"curies":[{"name":"wp","href":"https:\/\/api.w.org\/{rel}","templated":true}]}}