{"id":8198,"date":"2019-03-13T08:35:30","date_gmt":"2019-03-13T07:35:30","guid":{"rendered":"http:\/\/www.maria-koenigin.de\/?p=8198"},"modified":"2019-03-13T08:35:30","modified_gmt":"2019-03-13T07:35:30","slug":"mint-on-tour-2019","status":"publish","type":"post","link":"http:\/\/www.maria-koenigin.de\/?p=8198","title":{"rendered":"Mint on Tour 2019"},"content":{"rendered":"<p style=\"text-align: justify;\"><img loading=\"lazy\" decoding=\"async\" class=\"alignnone size-full wp-image-8199\" src=\"http:\/\/www.maria-koenigin.de\/wordpress\/wp-content\/uploads\/2019\/03\/mint_19_1.jpg\" alt=\"\" width=\"650\" height=\"433\" srcset=\"http:\/\/www.maria-koenigin.de\/wordpress\/wp-content\/uploads\/2019\/03\/mint_19_1.jpg 650w, http:\/\/www.maria-koenigin.de\/wordpress\/wp-content\/uploads\/2019\/03\/mint_19_1-300x200.jpg 300w, http:\/\/www.maria-koenigin.de\/wordpress\/wp-content\/uploads\/2019\/03\/mint_19_1-624x416.jpg 624w\" sizes=\"auto, (max-width: 650px) 100vw, 650px\" \/><\/p>\n<p style=\"text-align: justify;\">Kurz vor den Skifreizeiten sind die Sch\u00fclerinnen und Sch\u00fcler der Jahrgangsstufe 7 in MK voll MINT. Nein, sie haben weder Farbe noch Minze abbekommen, sondern sie sind in die Fu\u00dfstapfen von <!--more-->Ingenieuren getreten, indem sie unter anderem kleine Motoren und Rennwagen bauten, testeten und staunten, Windr\u00e4der konstruierten und im Windkanal optimierten.<\/p>\n<p style=\"text-align: justify;\"><img loading=\"lazy\" decoding=\"async\" class=\"alignnone size-full wp-image-8200\" src=\"http:\/\/www.maria-koenigin.de\/wordpress\/wp-content\/uploads\/2019\/03\/mint_19_2.jpg\" alt=\"\" width=\"650\" height=\"461\" srcset=\"http:\/\/www.maria-koenigin.de\/wordpress\/wp-content\/uploads\/2019\/03\/mint_19_2.jpg 650w, http:\/\/www.maria-koenigin.de\/wordpress\/wp-content\/uploads\/2019\/03\/mint_19_2-300x213.jpg 300w, http:\/\/www.maria-koenigin.de\/wordpress\/wp-content\/uploads\/2019\/03\/mint_19_2-624x443.jpg 624w\" sizes=\"auto, (max-width: 650px) 100vw, 650px\" \/><\/p>\n<p style=\"text-align: justify;\">Auch in 2019 ist die naturwissenschaftlich-technische Fakult\u00e4t der Universit\u00e4t Siegen mit dem MINT-Projekt (mathematik- ingenieur-informatik- natur- und technikwissenschaftlich) an Maria-K\u00f6nigin aktiv. Angeleitet von engagierten Studenten der Universit\u00e4t Siegen k\u00f6nnen unsere Sch\u00fclerinnen und Sch\u00fcler Schule so erfahren, wie es die Wortherkunft eigentlich will, denn <em>schola<\/em> bedeutet eigentlich \u201eMu\u00dfe \u2013 und Ruhe von der Arbeit\u201c. Zwei Tage ist nun der Schulalltag ein st\u00fcckweit vergessen; stattdessen g\u00e4hnt jedoch nicht die Langeweile, sondern \u201eVersuch und Irrtum, daraus Lernen und wiederum Versuchen bis es klappt\u201c, sind die motivierenden Lernziele, die das Interesse f\u00fcr Naturwissenschaften und Technik bei den Sch\u00fclerInnen st\u00e4rken sollen. Und das ist auch in diesem Jahr wieder ein voller Erfolg.<\/p>\n<p><img loading=\"lazy\" decoding=\"async\" class=\"alignnone size-full wp-image-8201\" src=\"http:\/\/www.maria-koenigin.de\/wordpress\/wp-content\/uploads\/2019\/03\/mint_19_3.jpg\" alt=\"\" width=\"650\" height=\"462\" srcset=\"http:\/\/www.maria-koenigin.de\/wordpress\/wp-content\/uploads\/2019\/03\/mint_19_3.jpg 650w, http:\/\/www.maria-koenigin.de\/wordpress\/wp-content\/uploads\/2019\/03\/mint_19_3-300x213.jpg 300w, http:\/\/www.maria-koenigin.de\/wordpress\/wp-content\/uploads\/2019\/03\/mint_19_3-624x444.jpg 624w\" sizes=\"auto, (max-width: 650px) 100vw, 650px\" \/><\/p>\n<p style=\"text-align: justify;\">Wir m\u00f6chten uns an dieser Stelle bei allen Beteiligten bedanken, die das Projekt erm\u00f6glichen: Allen voran den Planenden und Ausf\u00fchrenden der Universit\u00e4t Siegen. Der Bundesagentur f\u00fcr Arbeit, die das Projekt zu 100% finanziell f\u00f6rdert. Der Schulleitung und den Kollegen f\u00fcr ihre Unterst\u00fctzung.&nbsp;<\/p>\n<p style=\"text-align: justify;\">Allen ein herzliches Dankesch\u00f6n!<\/p>\n<p style=\"text-align: justify;\">Werner Scharf<\/p>\n<p><img loading=\"lazy\" decoding=\"async\" class=\"alignnone size-full wp-image-8202\" src=\"http:\/\/www.maria-koenigin.de\/wordpress\/wp-content\/uploads\/2019\/03\/mint_19_4.jpg\" alt=\"\" width=\"650\" height=\"432\" srcset=\"http:\/\/www.maria-koenigin.de\/wordpress\/wp-content\/uploads\/2019\/03\/mint_19_4.jpg 650w, http:\/\/www.maria-koenigin.de\/wordpress\/wp-content\/uploads\/2019\/03\/mint_19_4-300x199.jpg 300w, http:\/\/www.maria-koenigin.de\/wordpress\/wp-content\/uploads\/2019\/03\/mint_19_4-624x415.jpg 624w\" sizes=\"auto, (max-width: 650px) 100vw, 650px\" \/> <img loading=\"lazy\" decoding=\"async\" class=\"alignnone size-full wp-image-8204\" src=\"http:\/\/www.maria-koenigin.de\/wordpress\/wp-content\/uploads\/2019\/03\/mint_19_6.jpg\" alt=\"\" width=\"650\" height=\"433\" srcset=\"http:\/\/www.maria-koenigin.de\/wordpress\/wp-content\/uploads\/2019\/03\/mint_19_6.jpg 650w, http:\/\/www.maria-koenigin.de\/wordpress\/wp-content\/uploads\/2019\/03\/mint_19_6-300x200.jpg 300w, http:\/\/www.maria-koenigin.de\/wordpress\/wp-content\/uploads\/2019\/03\/mint_19_6-624x416.jpg 624w\" sizes=\"auto, (max-width: 650px) 100vw, 650px\" \/> <img loading=\"lazy\" decoding=\"async\" class=\"alignnone size-full wp-image-8203\" src=\"http:\/\/www.maria-koenigin.de\/wordpress\/wp-content\/uploads\/2019\/03\/mint_19_5.jpg\" alt=\"\" width=\"650\" height=\"433\" srcset=\"http:\/\/www.maria-koenigin.de\/wordpress\/wp-content\/uploads\/2019\/03\/mint_19_5.jpg 650w, http:\/\/www.maria-koenigin.de\/wordpress\/wp-content\/uploads\/2019\/03\/mint_19_5-300x200.jpg 300w, http:\/\/www.maria-koenigin.de\/wordpress\/wp-content\/uploads\/2019\/03\/mint_19_5-624x416.jpg 624w\" sizes=\"auto, (max-width: 650px) 100vw, 650px\" \/><\/p>\n","protected":false},"excerpt":{"rendered":"<p>Kurz vor den Skifreizeiten sind die Sch\u00fclerinnen und Sch\u00fcler der Jahrgangsstufe 7 in MK voll MINT. Nein, sie haben weder Farbe noch Minze abbekommen, sondern sie sind in die Fu\u00dfstapfen von<\/p>\n","protected":false},"author":1,"featured_media":0,"comment_status":"closed","ping_status":"closed","sticky":false,"template":"","format":"standard","meta":{"ngg_post_thumbnail":0,"footnotes":""},"categories":[4],"tags":[],"class_list":["post-8198","post","type-post","status-publish","format-standard","hentry","category-aktuelles"],"_links":{"self":[{"href":"http:\/\/www.maria-koenigin.de\/index.php?rest_route=\/wp\/v2\/posts\/8198","targetHints":{"allow":["GET"]}}],"collection":[{"href":"http:\/\/www.maria-koenigin.de\/index.php?rest_route=\/wp\/v2\/posts"}],"about":[{"href":"http:\/\/www.maria-koenigin.de\/index.php?rest_route=\/wp\/v2\/types\/post"}],"author":[{"embeddable":true,"href":"http:\/\/www.maria-koenigin.de\/index.php?rest_route=\/wp\/v2\/users\/1"}],"replies":[{"embeddable":true,"href":"http:\/\/www.maria-koenigin.de\/index.php?rest_route=%2Fwp%2Fv2%2Fcomments&post=8198"}],"version-history":[{"count":1,"href":"http:\/\/www.maria-koenigin.de\/index.php?rest_route=\/wp\/v2\/posts\/8198\/revisions"}],"predecessor-version":[{"id":8205,"href":"http:\/\/www.maria-koenigin.de\/index.php?rest_route=\/wp\/v2\/posts\/8198\/revisions\/8205"}],"wp:attachment":[{"href":"http:\/\/www.maria-koenigin.de\/index.php?rest_route=%2Fwp%2Fv2%2Fmedia&parent=8198"}],"wp:term":[{"taxonomy":"category","embeddable":true,"href":"http:\/\/www.maria-koenigin.de\/index.php?rest_route=%2Fwp%2Fv2%2Fcategories&post=8198"},{"taxonomy":"post_tag","embeddable":true,"href":"http:\/\/www.maria-koenigin.de\/index.php?rest_route=%2Fwp%2Fv2%2Ftags&post=8198"}],"curies":[{"name":"wp","href":"https:\/\/api.w.org\/{rel}","templated":true}]}}