{"id":8882,"date":"2019-11-05T10:40:26","date_gmt":"2019-11-05T09:40:26","guid":{"rendered":"http:\/\/www.maria-koenigin.de\/?p=8882"},"modified":"2019-11-07T06:16:22","modified_gmt":"2019-11-07T05:16:22","slug":"8882","status":"publish","type":"post","link":"http:\/\/www.maria-koenigin.de\/?p=8882","title":{"rendered":"Daniela Ohms zu Gast an MK"},"content":{"rendered":"<p><img loading=\"lazy\" decoding=\"async\" class=\"alignnone size-full wp-image-8884\" src=\"http:\/\/www.maria-koenigin.de\/wordpress\/wp-content\/uploads\/2019\/11\/autorenlesung_19_2.jpg\" alt=\"\" width=\"650\" height=\"488\" srcset=\"http:\/\/www.maria-koenigin.de\/wordpress\/wp-content\/uploads\/2019\/11\/autorenlesung_19_2.jpg 650w, http:\/\/www.maria-koenigin.de\/wordpress\/wp-content\/uploads\/2019\/11\/autorenlesung_19_2-300x225.jpg 300w, http:\/\/www.maria-koenigin.de\/wordpress\/wp-content\/uploads\/2019\/11\/autorenlesung_19_2-624x468.jpg 624w\" sizes=\"auto, (max-width: 650px) 100vw, 650px\" \/><\/p>\n<p style=\"text-align: justify;\">Daniela Ohms aus Berlin war zum Literarischen Herbst an unserer Schule zu Gast. Ihr spannender Roman \u201eInsel der Nyx \u2013 Die Prophezeiung der G\u00f6tter\u201c, der die <!--more-->griechische G\u00f6tterwelt aufgreift, sorgte f\u00fcr gespannte Zuh\u00f6rer aus den achten Klassen. Lesen macht Spa\u00df, sich vorlesen lassen aber auch.&nbsp; Am Freitag, dem 15.11. geht es deshalb auch schon mit dem Vorlesetag f\u00fcr die f\u00fcnften und sechsten Klassen weiter.<\/p>\n<p style=\"text-align: right;\">Ansgar Kaufmann<\/p>\n<p><img loading=\"lazy\" decoding=\"async\" class=\"alignnone size-full wp-image-8883\" src=\"http:\/\/www.maria-koenigin.de\/wordpress\/wp-content\/uploads\/2019\/11\/autorenlesung_19_1.jpg\" alt=\"\" width=\"650\" height=\"488\" srcset=\"http:\/\/www.maria-koenigin.de\/wordpress\/wp-content\/uploads\/2019\/11\/autorenlesung_19_1.jpg 650w, http:\/\/www.maria-koenigin.de\/wordpress\/wp-content\/uploads\/2019\/11\/autorenlesung_19_1-300x225.jpg 300w, http:\/\/www.maria-koenigin.de\/wordpress\/wp-content\/uploads\/2019\/11\/autorenlesung_19_1-624x468.jpg 624w\" sizes=\"auto, (max-width: 650px) 100vw, 650px\" \/><\/p>\n","protected":false},"excerpt":{"rendered":"<p>Daniela Ohms aus Berlin war zum Literarischen Herbst an unserer Schule zu Gast. Ihr spannender Roman \u201eInsel der Nyx \u2013 Die Prophezeiung der G\u00f6tter\u201c, der die<\/p>\n","protected":false},"author":1,"featured_media":0,"comment_status":"closed","ping_status":"closed","sticky":false,"template":"","format":"standard","meta":{"ngg_post_thumbnail":0,"footnotes":""},"categories":[4],"tags":[],"class_list":["post-8882","post","type-post","status-publish","format-standard","hentry","category-aktuelles"],"_links":{"self":[{"href":"http:\/\/www.maria-koenigin.de\/index.php?rest_route=\/wp\/v2\/posts\/8882","targetHints":{"allow":["GET"]}}],"collection":[{"href":"http:\/\/www.maria-koenigin.de\/index.php?rest_route=\/wp\/v2\/posts"}],"about":[{"href":"http:\/\/www.maria-koenigin.de\/index.php?rest_route=\/wp\/v2\/types\/post"}],"author":[{"embeddable":true,"href":"http:\/\/www.maria-koenigin.de\/index.php?rest_route=\/wp\/v2\/users\/1"}],"replies":[{"embeddable":true,"href":"http:\/\/www.maria-koenigin.de\/index.php?rest_route=%2Fwp%2Fv2%2Fcomments&post=8882"}],"version-history":[{"count":4,"href":"http:\/\/www.maria-koenigin.de\/index.php?rest_route=\/wp\/v2\/posts\/8882\/revisions"}],"predecessor-version":[{"id":8889,"href":"http:\/\/www.maria-koenigin.de\/index.php?rest_route=\/wp\/v2\/posts\/8882\/revisions\/8889"}],"wp:attachment":[{"href":"http:\/\/www.maria-koenigin.de\/index.php?rest_route=%2Fwp%2Fv2%2Fmedia&parent=8882"}],"wp:term":[{"taxonomy":"category","embeddable":true,"href":"http:\/\/www.maria-koenigin.de\/index.php?rest_route=%2Fwp%2Fv2%2Fcategories&post=8882"},{"taxonomy":"post_tag","embeddable":true,"href":"http:\/\/www.maria-koenigin.de\/index.php?rest_route=%2Fwp%2Fv2%2Ftags&post=8882"}],"curies":[{"name":"wp","href":"https:\/\/api.w.org\/{rel}","templated":true}]}}