{"id":8908,"date":"2019-12-01T17:34:33","date_gmt":"2019-12-01T16:34:33","guid":{"rendered":"http:\/\/www.maria-koenigin.de\/?p=8908"},"modified":"2019-12-01T17:34:33","modified_gmt":"2019-12-01T16:34:33","slug":"prominente-gaeste-begeistern-fuers-lesen","status":"publish","type":"post","link":"http:\/\/www.maria-koenigin.de\/?p=8908","title":{"rendered":"Prominente G\u00e4ste begeistern f\u00fcrs Lesen"},"content":{"rendered":"<p><img loading=\"lazy\" decoding=\"async\" class=\"alignnone size-full wp-image-8909\" src=\"http:\/\/www.maria-koenigin.de\/wordpress\/wp-content\/uploads\/2019\/12\/vorlesetag_19_05.jpg\" alt=\"\" width=\"650\" height=\"433\" srcset=\"http:\/\/www.maria-koenigin.de\/wordpress\/wp-content\/uploads\/2019\/12\/vorlesetag_19_05.jpg 650w, http:\/\/www.maria-koenigin.de\/wordpress\/wp-content\/uploads\/2019\/12\/vorlesetag_19_05-300x200.jpg 300w, http:\/\/www.maria-koenigin.de\/wordpress\/wp-content\/uploads\/2019\/12\/vorlesetag_19_05-624x416.jpg 624w\" sizes=\"auto, (max-width: 650px) 100vw, 650px\" \/><\/p>\n<p style=\"text-align: justify;\">Vor den bis auf den letzten Platz besetzten Sitzreihen der Mediothek des Gymnasiums Maria K\u00f6nigin in Altenhundem nahmen am diesj\u00e4hrigen Vorlesetag &nbsp;wieder zahlreiche Vertreter der Lokal- und Landespolitik, der Wirtschaft und der Kultur Platz, um den Sch\u00fclerinnen und Sch\u00fclern der 5. und 6. Klassen aus mitgebrachten <!--more-->B\u00fcchern vorzulesen. Den Rahmen hierzu bildete wie schon in den Vorjahren der an diesem Tag stattfindende bundesweite Vorlesetag, der u.a. von der Stiftung Lesen initiiert wird. Gespannt lauschten die Sch\u00fcler den Ausz\u00fcgen aus den Jugendb\u00fcchern, welche von den Vorlesern eigens f\u00fcr diesen Tag ausgew\u00e4hlt wurden. Das Motto der diesj\u00e4hrigen Veranstaltung lautete \u201eSport und Bewegung\u201c. Entsprechend hatten die Vorleser ihre jeweilige Lekt\u00fcre ausgew\u00e4hlt und dabei ganz individuelle Schwerpunkte gesetzt.<\/p>\n<p><img loading=\"lazy\" decoding=\"async\" class=\"alignnone size-full wp-image-8914\" src=\"http:\/\/www.maria-koenigin.de\/wordpress\/wp-content\/uploads\/2019\/12\/vorlesetag_19_10.jpg\" alt=\"\" width=\"650\" height=\"488\" srcset=\"http:\/\/www.maria-koenigin.de\/wordpress\/wp-content\/uploads\/2019\/12\/vorlesetag_19_10.jpg 650w, http:\/\/www.maria-koenigin.de\/wordpress\/wp-content\/uploads\/2019\/12\/vorlesetag_19_10-300x225.jpg 300w, http:\/\/www.maria-koenigin.de\/wordpress\/wp-content\/uploads\/2019\/12\/vorlesetag_19_10-624x468.jpg 624w\" sizes=\"auto, (max-width: 650px) 100vw, 650px\" \/><\/p>\n<p style=\"text-align: justify;\">Den Anfang machte in diesem Jahr der ehemalige Deutschlehrer und Literat Gerd-Peter Zapp, der der 6b das Buch \u201eEiner von 11\u201c vorlas. Mit der sehr aktuellen Geschichte um Fu\u00dfball, Herkunft und Integration setzte er gleich zu Beginn des Vorlesetages ein Pl\u00e4doyer f\u00fcr gelebte Toleranz, bzw. dass es, zumindest in diesem Fall, eben nicht um den Pass, sondern nur um \u201eP\u00e4sse\u201c geht.<\/p>\n<p><img loading=\"lazy\" decoding=\"async\" class=\"alignnone size-full wp-image-8911\" src=\"http:\/\/www.maria-koenigin.de\/wordpress\/wp-content\/uploads\/2019\/12\/vorlesetag_19_07.jpg\" alt=\"\" width=\"650\" height=\"433\" srcset=\"http:\/\/www.maria-koenigin.de\/wordpress\/wp-content\/uploads\/2019\/12\/vorlesetag_19_07.jpg 650w, http:\/\/www.maria-koenigin.de\/wordpress\/wp-content\/uploads\/2019\/12\/vorlesetag_19_07-300x200.jpg 300w, http:\/\/www.maria-koenigin.de\/wordpress\/wp-content\/uploads\/2019\/12\/vorlesetag_19_07-624x416.jpg 624w\" sizes=\"auto, (max-width: 650px) 100vw, 650px\" \/><\/p>\n<p style=\"text-align: justify;\">Als Vertreter der Sauerl\u00e4nder Wirtschaft begeisterte Tobias Metten nicht nur mit seiner spannenden Darbietung von Kate DiCamillos herzerw\u00e4rmender Geschichte \u201eWinn-Dixie\u201c, sondern er richtete auch mit dem Beispiel seiner eigenen Person einen flammenden Appell an die versammelten Sch\u00fcler der Klasse 5a: In der Schule vollen Einsatz zu zeigen und vor allem m\u00f6glichst viele Fremdsprachen gut zu erlernen. Dies sei in der heutigen Zeit der internationalen Vernetzung nicht nur enorm wichtig, sondern er\u00f6ffne auch den pers\u00f6nlichen Zugang zu fernen L\u00e4ndern und Kulturen. Die jungen Zuh\u00f6rer lauschten dieser pers\u00f6nlichen Schilderung \u00e4hnlich gebannt wie die 6a, die mit Johannes Remmel, der als Mitglied der Landtagsfraktion der Gr\u00fcnen und ehemaliger Umweltminister von NRW an die Schule gekommen war, \u00fcber eigene sportliche Bet\u00e4tigungen, M\u00f6glichkeiten und Ziele diskutierte, inspiriert von Thomas Pletzingers Biografie \u201eThe Great Nowitzki\u201c.<\/p>\n<p><img loading=\"lazy\" decoding=\"async\" class=\"alignnone size-full wp-image-8912\" src=\"http:\/\/www.maria-koenigin.de\/wordpress\/wp-content\/uploads\/2019\/12\/vorlesetag_19_08.jpg\" alt=\"\" width=\"650\" height=\"433\" srcset=\"http:\/\/www.maria-koenigin.de\/wordpress\/wp-content\/uploads\/2019\/12\/vorlesetag_19_08.jpg 650w, http:\/\/www.maria-koenigin.de\/wordpress\/wp-content\/uploads\/2019\/12\/vorlesetag_19_08-300x200.jpg 300w, http:\/\/www.maria-koenigin.de\/wordpress\/wp-content\/uploads\/2019\/12\/vorlesetag_19_08-624x416.jpg 624w\" sizes=\"auto, (max-width: 650px) 100vw, 650px\" \/><\/p>\n<p style=\"text-align: justify;\">Ein weiteres geradezu sportliches Highlight durfte auch die Klasse 5c erleben. Die Journalistin und Sportreporterin Christina Graf las aus dem Buch \u201ePatina\u201c von Jason Reynolds vor, in dem vielschichtig, aber auch humorvoll die Geschichte einer jungen L\u00e4uferin erz\u00e4hlt wird. Sie konnte sich im Anschluss vor Fragen der jungen Zuh\u00f6rer kaum retten, die begeistert nach immer neuen Bundesliga- und Nationalspielern fragten, die Frau Graf in ihrer Karriere schon interviewt hatte. Und sie zeigten sich durchaus beeindruckt, wie h\u00e4ufig die Antwort dann \u201eJa\u201c lautete. Aber auch die regionale politische Prominenz durfte am Vorlesetag nat\u00fcrlich nicht fehlen. So las der Landrat des Kreises Olpe, Frank Beckehoff, der 5b aus dem dritten Band der Reihe \u201eDie Sneakers\u201c vor, in dem es um die spannende Entf\u00fchrung eines Handballnationalspielers geht, die ein junges Detektivteam aufkl\u00e4rt. Damit konnte er die Sch\u00fcler nicht nur zum Weiterlesen motivieren, auch die Frage, ob ihnen denn der Vortrag gefallen habe, wurde eindeutig positiv beantwortet. \u00dcber ein \u00e4hnliches Feedback konnte sich der Lennest\u00e4dter Beigeordnete Karsten Sch\u00fcrheck freuen, dessen Wahl ebenfalls auf \u201eDie Sneakers\u201c gefallen war. Auch die 6c zeigte sich von der mitrei\u00dfenden Detektivgeschichte begeistert.<\/p>\n<p><img loading=\"lazy\" decoding=\"async\" class=\"alignnone size-full wp-image-8910\" src=\"http:\/\/www.maria-koenigin.de\/wordpress\/wp-content\/uploads\/2019\/12\/vorlesetag_19_06.jpg\" alt=\"\" width=\"650\" height=\"433\" srcset=\"http:\/\/www.maria-koenigin.de\/wordpress\/wp-content\/uploads\/2019\/12\/vorlesetag_19_06.jpg 650w, http:\/\/www.maria-koenigin.de\/wordpress\/wp-content\/uploads\/2019\/12\/vorlesetag_19_06-300x200.jpg 300w, http:\/\/www.maria-koenigin.de\/wordpress\/wp-content\/uploads\/2019\/12\/vorlesetag_19_06-624x416.jpg 624w\" sizes=\"auto, (max-width: 650px) 100vw, 650px\" \/><\/p>\n<p style=\"text-align: justify;\">Der diesj\u00e4hrige Vorlesetag wurde von allen Beteiligten als voller Erfolg gewertet. Dem werden sicher auch die durchweg faszinierten und interessierten gro\u00dfen und kleinen Zuh\u00f6rer nur zustimmen k\u00f6nnen. Einer Fortsetzung dieser besonderen Aktion zur Lesef\u00f6rderung im n\u00e4chsten Jahr steht also nichts im Wege.<\/p>\n","protected":false},"excerpt":{"rendered":"<p>Vor den bis auf den letzten Platz besetzten Sitzreihen der Mediothek des Gymnasiums Maria K\u00f6nigin in Altenhundem nahmen am diesj\u00e4hrigen Vorlesetag &nbsp;wieder zahlreiche Vertreter der Lokal- und Landespolitik, der Wirtschaft und der Kultur Platz, um den Sch\u00fclerinnen und Sch\u00fclern der 5. und 6. Klassen aus mitgebrachten<\/p>\n","protected":false},"author":1,"featured_media":0,"comment_status":"closed","ping_status":"closed","sticky":false,"template":"","format":"standard","meta":{"ngg_post_thumbnail":0,"footnotes":""},"categories":[4],"tags":[],"class_list":["post-8908","post","type-post","status-publish","format-standard","hentry","category-aktuelles"],"_links":{"self":[{"href":"http:\/\/www.maria-koenigin.de\/index.php?rest_route=\/wp\/v2\/posts\/8908","targetHints":{"allow":["GET"]}}],"collection":[{"href":"http:\/\/www.maria-koenigin.de\/index.php?rest_route=\/wp\/v2\/posts"}],"about":[{"href":"http:\/\/www.maria-koenigin.de\/index.php?rest_route=\/wp\/v2\/types\/post"}],"author":[{"embeddable":true,"href":"http:\/\/www.maria-koenigin.de\/index.php?rest_route=\/wp\/v2\/users\/1"}],"replies":[{"embeddable":true,"href":"http:\/\/www.maria-koenigin.de\/index.php?rest_route=%2Fwp%2Fv2%2Fcomments&post=8908"}],"version-history":[{"count":1,"href":"http:\/\/www.maria-koenigin.de\/index.php?rest_route=\/wp\/v2\/posts\/8908\/revisions"}],"predecessor-version":[{"id":8915,"href":"http:\/\/www.maria-koenigin.de\/index.php?rest_route=\/wp\/v2\/posts\/8908\/revisions\/8915"}],"wp:attachment":[{"href":"http:\/\/www.maria-koenigin.de\/index.php?rest_route=%2Fwp%2Fv2%2Fmedia&parent=8908"}],"wp:term":[{"taxonomy":"category","embeddable":true,"href":"http:\/\/www.maria-koenigin.de\/index.php?rest_route=%2Fwp%2Fv2%2Fcategories&post=8908"},{"taxonomy":"post_tag","embeddable":true,"href":"http:\/\/www.maria-koenigin.de\/index.php?rest_route=%2Fwp%2Fv2%2Ftags&post=8908"}],"curies":[{"name":"wp","href":"https:\/\/api.w.org\/{rel}","templated":true}]}}