{"id":8988,"date":"2020-01-11T13:48:33","date_gmt":"2020-01-11T12:48:33","guid":{"rendered":"http:\/\/www.maria-koenigin.de\/?p=8988"},"modified":"2020-01-11T15:51:04","modified_gmt":"2020-01-11T14:51:04","slug":"wenn-latein-auf-virtual-reality-trifft-tag-der-offenen-tuer-am-gymnasium-maria-koenigin","status":"publish","type":"post","link":"http:\/\/www.maria-koenigin.de\/?p=8988","title":{"rendered":"Wenn Latein auf Virtual Reality trifft &#8211; <br>Tag der offenen T\u00fcr am Gymnasium Maria K\u00f6nigin"},"content":{"rendered":"<p><img loading=\"lazy\" decoding=\"async\" class=\"alignnone size-full wp-image-8989\" src=\"http:\/\/www.maria-koenigin.de\/wordpress\/wp-content\/uploads\/2020\/01\/tdot1.jpg\" alt=\"\" width=\"650\" height=\"433\" srcset=\"http:\/\/www.maria-koenigin.de\/wordpress\/wp-content\/uploads\/2020\/01\/tdot1.jpg 650w, http:\/\/www.maria-koenigin.de\/wordpress\/wp-content\/uploads\/2020\/01\/tdot1-300x200.jpg 300w, http:\/\/www.maria-koenigin.de\/wordpress\/wp-content\/uploads\/2020\/01\/tdot1-624x416.jpg 624w\" sizes=\"auto, (max-width: 650px) 100vw, 650px\" \/><\/p>\n<p style=\"text-align: justify;\">Auf sehr gro\u00dfe Resonanz stie\u00df auch in diesem Jahr der Tag der offenen T\u00fcr. Die Besucher konnten die Vielfalt des Unterrichts und des schulischen Lebens erleben.&nbsp; Ein buntes Programm mit Informationen und ganz vielen M\u00f6glichkeiten zum Ausprobieren und Spielen bot sich den Sch\u00fclern und Sch\u00fclerinnen der vierten Klassen. Besonders begeistert waren sie von den <!--more-->Proben zum Musical \u201eDie Kinder des Monsieur Mathieu\u201c und den Mitmachangeboten in der Sporthalle und in den Naturwissenschaften. &nbsp;Etwas Besonderes waren auch Virtual Reality-Brillen, mit denen sich das Fach Latein pr\u00e4sentierte.<\/p>\n<p><img loading=\"lazy\" decoding=\"async\" class=\"alignnone size-full wp-image-8992\" src=\"http:\/\/www.maria-koenigin.de\/wordpress\/wp-content\/uploads\/2020\/01\/tdot4.jpg\" alt=\"\" width=\"650\" height=\"433\" srcset=\"http:\/\/www.maria-koenigin.de\/wordpress\/wp-content\/uploads\/2020\/01\/tdot4.jpg 650w, http:\/\/www.maria-koenigin.de\/wordpress\/wp-content\/uploads\/2020\/01\/tdot4-300x200.jpg 300w, http:\/\/www.maria-koenigin.de\/wordpress\/wp-content\/uploads\/2020\/01\/tdot4-624x416.jpg 624w\" sizes=\"auto, (max-width: 650px) 100vw, 650px\" \/><\/p>\n<p style=\"text-align: justify;\">Die Eltern zeigten sich vor allem interessiert an den unterschiedlichen Angeboten, die den \u00dcbergang von der Grundschule zum Gymnasium erleichtern, wie die Begleitung durch Klassenpaten und das Angebot zur individuellen F\u00f6rderung. &nbsp;Die schrittweise Heranf\u00fchrung an digitales Lernen und die Junior-Ingenieur-Akademie &nbsp;trafen ebenfalls auf viel Interesse. Die Vielfalt des schulischen Lebens, angefangen von der F\u00e4cherzahl \u00fcber au\u00dferunterrichtliche Angebote, AGs, musische, sportliche und religi\u00f6se Angebote beeindruckte die vielen Besucher.<\/p>\n<p><img loading=\"lazy\" decoding=\"async\" class=\"alignnone size-full wp-image-8991\" src=\"http:\/\/www.maria-koenigin.de\/wordpress\/wp-content\/uploads\/2020\/01\/tdot3.jpg\" alt=\"\" width=\"650\" height=\"433\" srcset=\"http:\/\/www.maria-koenigin.de\/wordpress\/wp-content\/uploads\/2020\/01\/tdot3.jpg 650w, http:\/\/www.maria-koenigin.de\/wordpress\/wp-content\/uploads\/2020\/01\/tdot3-300x200.jpg 300w, http:\/\/www.maria-koenigin.de\/wordpress\/wp-content\/uploads\/2020\/01\/tdot3-624x416.jpg 624w\" sizes=\"auto, (max-width: 650px) 100vw, 650px\" \/><\/p>\n<p style=\"text-align: justify;\">F\u00fcr \u00e4ltere Sch\u00fcler und Sch\u00fclerinnen, die in die Einf\u00fchrungsphase der Oberstufe wechseln wollen, gab es Informationsgespr\u00e4che und einen Rundgang durch die Schule. Auch in diesem Jahr nutzen wieder viele Ehemalige die M\u00f6glichkeit, den \u201eKlosterberg\u201c noch einmal zu besuchen.<\/p>\n<p><img loading=\"lazy\" decoding=\"async\" class=\"alignnone size-full wp-image-8990\" src=\"http:\/\/www.maria-koenigin.de\/wordpress\/wp-content\/uploads\/2020\/01\/tdot2.jpg\" alt=\"\" width=\"650\" height=\"433\" srcset=\"http:\/\/www.maria-koenigin.de\/wordpress\/wp-content\/uploads\/2020\/01\/tdot2.jpg 650w, http:\/\/www.maria-koenigin.de\/wordpress\/wp-content\/uploads\/2020\/01\/tdot2-300x200.jpg 300w, http:\/\/www.maria-koenigin.de\/wordpress\/wp-content\/uploads\/2020\/01\/tdot2-624x416.jpg 624w\" sizes=\"auto, (max-width: 650px) 100vw, 650px\" \/><\/p>\n<p style=\"text-align: justify;\">In den n\u00e4chsten Wochen sind nach Vereinbarung im Sekretariat, &nbsp;(Tel. 0 27 23 68 78 0 oder per Mail <a href=\"mailto:schulleitung@maria-koenigin.de\">schulleitung@maria-koenigin.de<\/a>) &nbsp;noch Beratungsgespr\u00e4che zu Fragen der Schulwahl und zur Anmeldung m\u00f6glich. Die Anmeldungen finden dann vom Montag 17.02. bis Donnerstag 20.02.2020 jeweils 08.00\u2009\u2013\u200918.00 Uhr und von Mittwoch, 26.02. bis Freitag, 28.02.2020 jeweils 08.00 \u2013 14.00 Uhr statt. &nbsp;Eine Voranmeldung ist nicht n\u00f6tig.<\/p>\n<p style=\"text-align: right;\">Fotos: Thomas Hilger<\/p>\nngg_shortcode_0_placeholder\n","protected":false},"excerpt":{"rendered":"<p>Auf sehr gro\u00dfe Resonanz stie\u00df auch in diesem Jahr der Tag der offenen T\u00fcr. Die Besucher konnten die Vielfalt des Unterrichts und des schulischen Lebens erleben.&nbsp; Ein buntes Programm mit Informationen und ganz vielen M\u00f6glichkeiten zum Ausprobieren und Spielen bot sich den Sch\u00fclern und Sch\u00fclerinnen der vierten Klassen. Besonders begeistert waren sie von den<\/p>\n","protected":false},"author":1,"featured_media":0,"comment_status":"closed","ping_status":"closed","sticky":false,"template":"","format":"standard","meta":{"ngg_post_thumbnail":0,"footnotes":""},"categories":[4],"tags":[],"class_list":["post-8988","post","type-post","status-publish","format-standard","hentry","category-aktuelles"],"_links":{"self":[{"href":"http:\/\/www.maria-koenigin.de\/index.php?rest_route=\/wp\/v2\/posts\/8988","targetHints":{"allow":["GET"]}}],"collection":[{"href":"http:\/\/www.maria-koenigin.de\/index.php?rest_route=\/wp\/v2\/posts"}],"about":[{"href":"http:\/\/www.maria-koenigin.de\/index.php?rest_route=\/wp\/v2\/types\/post"}],"author":[{"embeddable":true,"href":"http:\/\/www.maria-koenigin.de\/index.php?rest_route=\/wp\/v2\/users\/1"}],"replies":[{"embeddable":true,"href":"http:\/\/www.maria-koenigin.de\/index.php?rest_route=%2Fwp%2Fv2%2Fcomments&post=8988"}],"version-history":[{"count":2,"href":"http:\/\/www.maria-koenigin.de\/index.php?rest_route=\/wp\/v2\/posts\/8988\/revisions"}],"predecessor-version":[{"id":9052,"href":"http:\/\/www.maria-koenigin.de\/index.php?rest_route=\/wp\/v2\/posts\/8988\/revisions\/9052"}],"wp:attachment":[{"href":"http:\/\/www.maria-koenigin.de\/index.php?rest_route=%2Fwp%2Fv2%2Fmedia&parent=8988"}],"wp:term":[{"taxonomy":"category","embeddable":true,"href":"http:\/\/www.maria-koenigin.de\/index.php?rest_route=%2Fwp%2Fv2%2Fcategories&post=8988"},{"taxonomy":"post_tag","embeddable":true,"href":"http:\/\/www.maria-koenigin.de\/index.php?rest_route=%2Fwp%2Fv2%2Ftags&post=8988"}],"curies":[{"name":"wp","href":"https:\/\/api.w.org\/{rel}","templated":true}]}}