{"id":9084,"date":"2020-01-30T07:00:06","date_gmt":"2020-01-30T06:00:06","guid":{"rendered":"http:\/\/www.maria-koenigin.de\/?p=9084"},"modified":"2020-02-01T06:29:58","modified_gmt":"2020-02-01T05:29:58","slug":"zehn-jahre-klassenpaten","status":"publish","type":"post","link":"http:\/\/www.maria-koenigin.de\/?p=9084","title":{"rendered":"Zehn Jahre Klassenpaten"},"content":{"rendered":"<p><img loading=\"lazy\" decoding=\"async\" class=\"alignnone size-full wp-image-9086\" src=\"http:\/\/www.maria-koenigin.de\/wordpress\/wp-content\/uploads\/2020\/01\/klassenpaten_1920.jpg\" alt=\"\" width=\"650\" height=\"433\" srcset=\"http:\/\/www.maria-koenigin.de\/wordpress\/wp-content\/uploads\/2020\/01\/klassenpaten_1920.jpg 650w, http:\/\/www.maria-koenigin.de\/wordpress\/wp-content\/uploads\/2020\/01\/klassenpaten_1920-300x200.jpg 300w, http:\/\/www.maria-koenigin.de\/wordpress\/wp-content\/uploads\/2020\/01\/klassenpaten_1920-624x416.jpg 624w\" sizes=\"auto, (max-width: 650px) 100vw, 650px\" \/><\/p>\n<p style=\"text-align: justify;\">Um den \u00dcbergang auf das Gymnasium zu erleichtern gibt es am Gymnasium Maria K\u00f6nigin Klassenpaten und Kennenlerntage f\u00fcr die neuen F\u00fcnftkl\u00e4ssler. Die Klassenpaten begleiten die Klassen durch das Schuljahr. Sie sind Ansprechpartner in allen <!--more-->Fragen und gestalten einzelne Freizeitangebote f\u00fcr die Neuen. Die Paten nehmen mit den Klassen an der Wallfahrt zum Kohlhagen teil und wirken bei den Kennenlerntagen und weiteren Veranstaltungen mit. &nbsp;Regelm\u00e4\u00dfig besuchen sie \u201eihre\u201c Klassen und stehen diesen mit Rat und Tat zur Seite. Mittlerweile gibt es die Klassenpaten seit zehn Jahren.<\/p>\n<p style=\"text-align: justify;\">Die Klassenpaten sind hervorgegangen aus den Mediatoren (Streitschlichtern). Diese Aufgabe nehmen sie auch heute noch wahr. Sie haben eine Ausbildung in der Streitschlichtung (Mediation) kleiner Streitf\u00e4lle absolviert und schlichten Streitigkeiten zwischen Sch\u00fclern. Dazu seht der Mediationsraum im 3. Stock des B-Traktes zur Verf\u00fcgung.<\/p>\n<p><img loading=\"lazy\" decoding=\"async\" class=\"alignnone size-full wp-image-8733\" src=\"http:\/\/www.maria-koenigin.de\/wordpress\/wp-content\/uploads\/2019\/09\/Kennenlerntage3.jpg\" alt=\"\" width=\"640\" height=\"480\" srcset=\"http:\/\/www.maria-koenigin.de\/wordpress\/wp-content\/uploads\/2019\/09\/Kennenlerntage3.jpg 640w, http:\/\/www.maria-koenigin.de\/wordpress\/wp-content\/uploads\/2019\/09\/Kennenlerntage3-300x225.jpg 300w, http:\/\/www.maria-koenigin.de\/wordpress\/wp-content\/uploads\/2019\/09\/Kennenlerntage3-624x468.jpg 624w\" sizes=\"auto, (max-width: 640px) 100vw, 640px\" \/><\/p>\n<p style=\"text-align: justify;\">Bei Bedarf bieten die Mediatoren in Zusammenarbeit mit Barbara Geuecke ein Soziales Kompetenztraining an, bei dem die Klassen intensiv \u00fcber das Miteinander in der Klasse und in der Schule nachdenken und dieses mit geeigneten \u00dcbungen verbessern.<\/p>\n<p style=\"text-align: justify;\">Das Gymnasium Maria K\u00f6nigin war im Kreis Olpe eine der ersten Schulen, die die Mediation durch Sch\u00fcler eingef\u00fchrt hat. Bereits seit 1997 wirken \u00e4ltere Sch\u00fcler als Mediatoren (Streitschlichter) in der Schule und tragen so zu einer einvernehmlichen Konfliktregelung bei. Pro Jahr haben etwa 15 Sch\u00fclerinnen und Sch\u00fcler die Ausbildung zur Mediation durchlaufen, also mittlerweile weit \u00fcber 300 Sch\u00fclerinnen und Sch\u00fcler.<\/p>\n<p><img loading=\"lazy\" decoding=\"async\" class=\"alignnone size-full wp-image-8734\" src=\"http:\/\/www.maria-koenigin.de\/wordpress\/wp-content\/uploads\/2019\/09\/Kennenlerntage2.jpg\" alt=\"\" width=\"640\" height=\"480\" srcset=\"http:\/\/www.maria-koenigin.de\/wordpress\/wp-content\/uploads\/2019\/09\/Kennenlerntage2.jpg 640w, http:\/\/www.maria-koenigin.de\/wordpress\/wp-content\/uploads\/2019\/09\/Kennenlerntage2-300x225.jpg 300w, http:\/\/www.maria-koenigin.de\/wordpress\/wp-content\/uploads\/2019\/09\/Kennenlerntage2-624x468.jpg 624w\" sizes=\"auto, (max-width: 640px) 100vw, 640px\" \/><\/p>\n<p style=\"text-align: justify;\">Auch die Kennenlerntage f\u00fcr die 5. Klassen sind bereits eine langj\u00e4hrige Tradition. Die neuen F\u00fcnftkl\u00e4ssler verbringen kurz nach Schuljahresbeginn zwei gemeinsame Tage, die dem Kennenlernen und dem Ankommen in der neuen Schule dienen. In diesem Jahr fanden die die Kennenlerntage jedoch nicht mehr in der OT Grevenbr\u00fcck, sondern bei unseren Nachbarn im Jugendhof Pallotti statt. Dort wurde viel gespielt, aber auch ernsthaft&nbsp;gearbeitet, zusammen gegessen und getrunken, viel gelacht und wenig geschlafen. Neben dem Team des Jugendhofes und der Schulsozialarbeiterin Barbara Geuecke waren selbstverst\u00e4ndlich auch die Klassenpaten mit dabei.&nbsp;<\/p>\n<p style=\"text-align: justify;\">Im Schuljahr 2019 \/ 20 sind folgende Sch\u00fclerinnen und Sch\u00fcler als Klassenpaten und Mediatoren t\u00e4tig: Frederike Beckmann, Sophie Poggel, Marie Nollen, Hannah L\u00f6hr, Kim Stahlhacke (5a), Benedikt Winterhoff, Marie Mertens, Leo Fr\u00f6hlich, Marie Schulte-Strotmes und Maurice Wittwer (5b) und Pia Hardenacke, Maja Rademacher, Hannah Eickelmann, Aaron Michels und Paul Remmel in der 5c.<\/p>\n","protected":false},"excerpt":{"rendered":"<p>Um den \u00dcbergang auf das Gymnasium zu erleichtern gibt es am Gymnasium Maria K\u00f6nigin Klassenpaten und Kennenlerntage f\u00fcr die neuen F\u00fcnftkl\u00e4ssler. Die Klassenpaten begleiten die Klassen durch das Schuljahr. Sie sind Ansprechpartner in allen<\/p>\n","protected":false},"author":1,"featured_media":0,"comment_status":"closed","ping_status":"closed","sticky":false,"template":"","format":"standard","meta":{"ngg_post_thumbnail":0,"footnotes":""},"categories":[4],"tags":[],"class_list":["post-9084","post","type-post","status-publish","format-standard","hentry","category-aktuelles"],"_links":{"self":[{"href":"http:\/\/www.maria-koenigin.de\/index.php?rest_route=\/wp\/v2\/posts\/9084","targetHints":{"allow":["GET"]}}],"collection":[{"href":"http:\/\/www.maria-koenigin.de\/index.php?rest_route=\/wp\/v2\/posts"}],"about":[{"href":"http:\/\/www.maria-koenigin.de\/index.php?rest_route=\/wp\/v2\/types\/post"}],"author":[{"embeddable":true,"href":"http:\/\/www.maria-koenigin.de\/index.php?rest_route=\/wp\/v2\/users\/1"}],"replies":[{"embeddable":true,"href":"http:\/\/www.maria-koenigin.de\/index.php?rest_route=%2Fwp%2Fv2%2Fcomments&post=9084"}],"version-history":[{"count":3,"href":"http:\/\/www.maria-koenigin.de\/index.php?rest_route=\/wp\/v2\/posts\/9084\/revisions"}],"predecessor-version":[{"id":9101,"href":"http:\/\/www.maria-koenigin.de\/index.php?rest_route=\/wp\/v2\/posts\/9084\/revisions\/9101"}],"wp:attachment":[{"href":"http:\/\/www.maria-koenigin.de\/index.php?rest_route=%2Fwp%2Fv2%2Fmedia&parent=9084"}],"wp:term":[{"taxonomy":"category","embeddable":true,"href":"http:\/\/www.maria-koenigin.de\/index.php?rest_route=%2Fwp%2Fv2%2Fcategories&post=9084"},{"taxonomy":"post_tag","embeddable":true,"href":"http:\/\/www.maria-koenigin.de\/index.php?rest_route=%2Fwp%2Fv2%2Ftags&post=9084"}],"curies":[{"name":"wp","href":"https:\/\/api.w.org\/{rel}","templated":true}]}}