{"id":9103,"date":"2020-02-09T09:54:19","date_gmt":"2020-02-09T08:54:19","guid":{"rendered":"http:\/\/www.maria-koenigin.de\/?p=9103"},"modified":"2020-02-09T09:54:19","modified_gmt":"2020-02-09T08:54:19","slug":"gymnasium-maria-koenigin-erhaelt-auszeichnung-als-verbraucherschule","status":"publish","type":"post","link":"http:\/\/www.maria-koenigin.de\/?p=9103","title":{"rendered":"Gymnasium Maria K\u00f6nigin erh\u00e4lt Auszeichnung als \u201eVerbraucherschule\u201c"},"content":{"rendered":"<div id=\"attachment_9104\" style=\"width: 660px\" class=\"wp-caption alignnone\"><img loading=\"lazy\" decoding=\"async\" aria-describedby=\"caption-attachment-9104\" class=\"wp-image-9104 size-full\" src=\"http:\/\/www.maria-koenigin.de\/wordpress\/wp-content\/uploads\/2020\/02\/verbraucher_19.jpg\" alt=\"\" width=\"650\" height=\"483\" srcset=\"http:\/\/www.maria-koenigin.de\/wordpress\/wp-content\/uploads\/2020\/02\/verbraucher_19.jpg 650w, http:\/\/www.maria-koenigin.de\/wordpress\/wp-content\/uploads\/2020\/02\/verbraucher_19-300x223.jpg 300w, http:\/\/www.maria-koenigin.de\/wordpress\/wp-content\/uploads\/2020\/02\/verbraucher_19-624x464.jpg 624w\" sizes=\"auto, (max-width: 650px) 100vw, 650px\" \/><p id=\"caption-attachment-9104\" class=\"wp-caption-text\">Dem Gymnasium Maria K\u00f6nigin wurde der Titel \u201eVerbraucherschule\u201c verliehen (v.l.): Ministerin Christine Lambrecht, Schulleiter Jan Fabian Borys, Hanna Reuber (Politiklehrerin), Hans-Gerd Mummel (Vorsitzender des Tr\u00e4gervereins), Manuel Vormweg (Politiklehrer) und Klaus M\u00fcller (Vorstand des Verbraucherzentrale Bundesverbands). (Foto: vzbv \/ Gert Baumbach)<\/p><\/div>\n<p style=\"text-align: justify;\">Bereits Ende des vergangenen Jahres erhielt das Gymnasium Maria K\u00f6nigin die freudige Nachricht, dass man sich fortan offiziell als \u201eVerbraucherschule\u201c bezeichnen darf. Nun folgte die feierliche Auszeichnung durch die Bundesministerin f\u00fcr Justiz und Verbraucherschutz <!--more-->Christine Lambrecht (SPD) in Berlin.<\/p>\n<p style=\"text-align: justify;\">Um die M\u00f6glichkeit zu nutzen, sich mit anderen Schulen und Vertretern des Bundesverbandes der Verbraucherzentralen austauschen zu k\u00f6nnen, reisten Schulleiter Jan Fabian Borys, Hans Gerd-Mummel als Vorsitzender des Tr\u00e4gervereins und die Politiklehrer Hanna Reuber und Manuel Vormweg nach Berlin in die Hessische Landesvertretung.<\/p>\n<p style=\"text-align: justify;\">\u201eKlauen, oder sagen wir besser, kopieren und nachahmen, ist ausdr\u00fccklich gew\u00fcnscht\u201c, appellierte Klaus M\u00fcller, Vorstand des Bundesverbandes der Verbraucherzentralen, in seiner Begr\u00fc\u00dfungsrede an die diesj\u00e4hrigen Preistr\u00e4ger. In diesem Sinne pr\u00e4sentierten anschlie\u00dfend einige ausgew\u00e4hlte Schulen ihre durchgef\u00fchrten Projekte zur Verbraucherbildung.<\/p>\n<p style=\"text-align: justify;\">Ministerin Lambrecht als Schirmherrin des Projekts erkl\u00e4rte in ihrer Festrede, wie wichtig es sei, dass Kinder und Jugendliche ihr Verbraucherleben selbstbestimmt gestalten k\u00f6nnen. Es erfordere ein gro\u00dfes Engagement der Verbraucherschulen, die Kompetenzen ihrer Sch\u00fclerinnen und Sch\u00fcler in verschiedenen Lebensbereichen wie Ern\u00e4hrung, Medien, Finanzen und nachhaltigem Konsum auch handlungsorientiert und alltagsnah zu erweitern. Dabei erw\u00e4hnte sie unter anderem die \u201eMedienscouts\u201c an Maria K\u00f6nigin und betonte die Bedeutsamkeit dieses Projektes, da es \u00fcber aktuelle Risiken der digitalen Welt aufkl\u00e4re und vor gr\u00f6\u00dferen, ernstzunehmenden Folgen wie Cybermobbing sch\u00fctze. \u201eIhre Schule setzt Verbraucherbildung vorbildlich um und leistet damit einen wertvollen Beitrag, die Konsum- und Alltagskompetenzen Ihrer Sch\u00fclerinnen und Sch\u00fcler zu st\u00e4rken\u201c, so die Jury in ihrer Bewertung der Projekte am Lennest\u00e4dter Gymnasium.<\/p>\n<p style=\"text-align: justify;\">Insgesamt wurden 57 Schulen aus 13 Bundesl\u00e4ndern mit der Auszeichnung belohnt. Durch die Festveranstaltung wurde abermals deutlich, dass gesellschaftlich wichtige Themen wie der Verbraucherschutz praxis- und problemorientiert in der Schule behandelt werden m\u00fcssen. Die F\u00fclle an M\u00f6glichkeiten dazu sowie die Begeisterung der Teilnehmenden motivieren die Schule, auch in Zukunft Ma\u00dfnahmen zur Verbraucherbildung umzusetzen.<\/p>\n","protected":false},"excerpt":{"rendered":"<p>Bereits Ende des vergangenen Jahres erhielt das Gymnasium Maria K\u00f6nigin die freudige Nachricht, dass man sich fortan offiziell als \u201eVerbraucherschule\u201c bezeichnen darf. Nun folgte die feierliche Auszeichnung durch die Bundesministerin f\u00fcr Justiz und Verbraucherschutz<\/p>\n","protected":false},"author":1,"featured_media":0,"comment_status":"closed","ping_status":"closed","sticky":false,"template":"","format":"standard","meta":{"ngg_post_thumbnail":0,"footnotes":""},"categories":[4],"tags":[],"class_list":["post-9103","post","type-post","status-publish","format-standard","hentry","category-aktuelles"],"_links":{"self":[{"href":"http:\/\/www.maria-koenigin.de\/index.php?rest_route=\/wp\/v2\/posts\/9103","targetHints":{"allow":["GET"]}}],"collection":[{"href":"http:\/\/www.maria-koenigin.de\/index.php?rest_route=\/wp\/v2\/posts"}],"about":[{"href":"http:\/\/www.maria-koenigin.de\/index.php?rest_route=\/wp\/v2\/types\/post"}],"author":[{"embeddable":true,"href":"http:\/\/www.maria-koenigin.de\/index.php?rest_route=\/wp\/v2\/users\/1"}],"replies":[{"embeddable":true,"href":"http:\/\/www.maria-koenigin.de\/index.php?rest_route=%2Fwp%2Fv2%2Fcomments&post=9103"}],"version-history":[{"count":1,"href":"http:\/\/www.maria-koenigin.de\/index.php?rest_route=\/wp\/v2\/posts\/9103\/revisions"}],"predecessor-version":[{"id":9105,"href":"http:\/\/www.maria-koenigin.de\/index.php?rest_route=\/wp\/v2\/posts\/9103\/revisions\/9105"}],"wp:attachment":[{"href":"http:\/\/www.maria-koenigin.de\/index.php?rest_route=%2Fwp%2Fv2%2Fmedia&parent=9103"}],"wp:term":[{"taxonomy":"category","embeddable":true,"href":"http:\/\/www.maria-koenigin.de\/index.php?rest_route=%2Fwp%2Fv2%2Fcategories&post=9103"},{"taxonomy":"post_tag","embeddable":true,"href":"http:\/\/www.maria-koenigin.de\/index.php?rest_route=%2Fwp%2Fv2%2Ftags&post=9103"}],"curies":[{"name":"wp","href":"https:\/\/api.w.org\/{rel}","templated":true}]}}