{"id":9123,"date":"2020-03-05T10:48:02","date_gmt":"2020-03-05T09:48:02","guid":{"rendered":"http:\/\/www.maria-koenigin.de\/?p=9123"},"modified":"2020-03-08T10:53:45","modified_gmt":"2020-03-08T09:53:45","slug":"brueckenbauwettbewerb-der-universitaet-siegen","status":"publish","type":"post","link":"http:\/\/www.maria-koenigin.de\/?p=9123","title":{"rendered":"Br\u00fcckenbauwettbewerb der Universit\u00e4t Siegen"},"content":{"rendered":"<p><img loading=\"lazy\" decoding=\"async\" class=\"alignnone size-full wp-image-9125\" src=\"http:\/\/www.maria-koenigin.de\/wordpress\/wp-content\/uploads\/2020\/03\/brueckenbau_siegen_20_2.png\" alt=\"\" width=\"650\" height=\"330\" srcset=\"http:\/\/www.maria-koenigin.de\/wordpress\/wp-content\/uploads\/2020\/03\/brueckenbau_siegen_20_2.png 650w, http:\/\/www.maria-koenigin.de\/wordpress\/wp-content\/uploads\/2020\/03\/brueckenbau_siegen_20_2-300x152.png 300w, http:\/\/www.maria-koenigin.de\/wordpress\/wp-content\/uploads\/2020\/03\/brueckenbau_siegen_20_2-624x317.png 624w\" sizes=\"auto, (max-width: 650px) 100vw, 650px\" \/><\/p>\n<p style=\"margin: 0cm 0cm 0.0001pt; text-align: justify;\">Am 3. M\u00e4rz fand das Finale des Br\u00fcckenbauwettbewerbs der Uni Siegen statt, an dem Viktoria Li\u00dfek aus der Stufe EF teilgenommen hat. Bei diesem Wettbewerb f\u00fcr Oberstufensch\u00fcler aus der Region S\u00fcdwestfalen soll ein Br\u00fcckenmodell nur aus <!--more-->Papier und Klebstoff gebastelt werden, welches in Geometrie und Material bestimmten Anforderungen entsprechen muss. Insgesamt hatten sich 12 Teams und somit etwa 50 Sch\u00fclerinnen und Sch\u00fcler zum Wettbewerb angemeldet. Seit 2004, als der Sch\u00fclerwettbewerb zum ersten Mal ausgetragen wurde, haben nun rund 800 zuk\u00fcnftige Ingenieure teilgenommen.<\/p>\n<p style=\"margin: 0cm 0cm 0.0001pt; text-align: justify;\">Viktoria hat die Papierbr\u00fccke in den vergangenen Wochen in ihrer Freizeit gebastelt. Dar\u00fcber hinaus fertigte sie noch eine mehrseitige Dokumentation ihrer Arbeitsschritte an, in der sie unter anderem ihre Auswahl der Konstruktionsart begr\u00fcnden musste.<\/p>\n<p>&nbsp;<\/p>\n<p style=\"margin: 0cm 0cm 0.0001pt; text-align: justify;\">Beim finalen Belastungstest wurde die Br\u00fccke zun\u00e4chst gewogen und anschlie\u00dfend in die Pr\u00fcfvorrichtung eingesetzt. Bei einem Eigengewicht von 173g hielt die Br\u00fccke von Viktoria 4,6kg. Bei dieser Marke ist sie allerdings nicht zerbrochen, sondern die maximale Auslenkung nach unten war \u00fcberschritten. Diese Vorgabe ergibt sich aus dem Realit\u00e4tsbezug des Wettbewerbs: Eine Papierbr\u00fccke von 50cm L\u00e4nge entspricht beispielsweise einer 500m langen realen Br\u00fccke. Biegt sich die Papierbr\u00fccke um 4cm durch, entspricht dies bei der realen Br\u00fccke einer Biegung von 4m\u2026 Niemand w\u00fcrde eine solche Br\u00fccke befahren wollen.<\/p>\n<p><img loading=\"lazy\" decoding=\"async\" class=\"alignnone size-full wp-image-9124\" src=\"http:\/\/www.maria-koenigin.de\/wordpress\/wp-content\/uploads\/2020\/03\/brueckenbau_siegen_20_1.png\" alt=\"\" width=\"650\" height=\"435\" srcset=\"http:\/\/www.maria-koenigin.de\/wordpress\/wp-content\/uploads\/2020\/03\/brueckenbau_siegen_20_1.png 650w, http:\/\/www.maria-koenigin.de\/wordpress\/wp-content\/uploads\/2020\/03\/brueckenbau_siegen_20_1-300x201.png 300w, http:\/\/www.maria-koenigin.de\/wordpress\/wp-content\/uploads\/2020\/03\/brueckenbau_siegen_20_1-624x418.png 624w\" sizes=\"auto, (max-width: 650px) 100vw, 650px\" \/><\/p>\n<p style=\"margin: 0cm 0cm 0.0001pt; text-align: justify;\">Zwar hatte Viktoria h\u00f6here Anspr\u00fcche an ihr Bauwerk gesetzt, aber mit dem Gesamtplatz 9 kann sie am Ende doch zufrieden sein. Au\u00dferdem erhielt sie 9 von 10 Punkten f\u00fcr ihrer detaillierte Dokumentation, die auch zu 15% in die Wertung mit einbezogen wurde.<\/p>\n<p>&nbsp;<\/p>\n<p style=\"margin: 0cm 0cm 0.0001pt; text-align: justify;\">Die begleitende Physiklehrerin Sandra Clemens freut sich \u00fcber das gro\u00dfe Engagement von Viktoria und hofft im n\u00e4chsten Jahr wieder ein zweites Team von MK melden zu k\u00f6nnen. Der Wettbewerb beginnt meist Anfang Dezember. Interessierte Sch\u00fclerinnen und Sch\u00fcler k\u00f6nnen sich bei allen Physiklehrern melden.<\/p>\n<p style=\"text-align: right;\">Sandra Clemens<\/p>\n","protected":false},"excerpt":{"rendered":"<p>Am 3. M\u00e4rz fand das Finale des Br\u00fcckenbauwettbewerbs der Uni Siegen statt, an dem Viktoria Li\u00dfek aus der Stufe EF teilgenommen hat. Bei diesem Wettbewerb f\u00fcr Oberstufensch\u00fcler aus der Region S\u00fcdwestfalen soll ein Br\u00fcckenmodell nur aus<\/p>\n","protected":false},"author":1,"featured_media":0,"comment_status":"closed","ping_status":"closed","sticky":false,"template":"","format":"standard","meta":{"ngg_post_thumbnail":0,"footnotes":""},"categories":[4],"tags":[],"class_list":["post-9123","post","type-post","status-publish","format-standard","hentry","category-aktuelles"],"_links":{"self":[{"href":"http:\/\/www.maria-koenigin.de\/index.php?rest_route=\/wp\/v2\/posts\/9123","targetHints":{"allow":["GET"]}}],"collection":[{"href":"http:\/\/www.maria-koenigin.de\/index.php?rest_route=\/wp\/v2\/posts"}],"about":[{"href":"http:\/\/www.maria-koenigin.de\/index.php?rest_route=\/wp\/v2\/types\/post"}],"author":[{"embeddable":true,"href":"http:\/\/www.maria-koenigin.de\/index.php?rest_route=\/wp\/v2\/users\/1"}],"replies":[{"embeddable":true,"href":"http:\/\/www.maria-koenigin.de\/index.php?rest_route=%2Fwp%2Fv2%2Fcomments&post=9123"}],"version-history":[{"count":1,"href":"http:\/\/www.maria-koenigin.de\/index.php?rest_route=\/wp\/v2\/posts\/9123\/revisions"}],"predecessor-version":[{"id":9126,"href":"http:\/\/www.maria-koenigin.de\/index.php?rest_route=\/wp\/v2\/posts\/9123\/revisions\/9126"}],"wp:attachment":[{"href":"http:\/\/www.maria-koenigin.de\/index.php?rest_route=%2Fwp%2Fv2%2Fmedia&parent=9123"}],"wp:term":[{"taxonomy":"category","embeddable":true,"href":"http:\/\/www.maria-koenigin.de\/index.php?rest_route=%2Fwp%2Fv2%2Fcategories&post=9123"},{"taxonomy":"post_tag","embeddable":true,"href":"http:\/\/www.maria-koenigin.de\/index.php?rest_route=%2Fwp%2Fv2%2Ftags&post=9123"}],"curies":[{"name":"wp","href":"https:\/\/api.w.org\/{rel}","templated":true}]}}