{"id":9135,"date":"2020-03-11T13:00:24","date_gmt":"2020-03-11T12:00:24","guid":{"rendered":"http:\/\/www.maria-koenigin.de\/?p=9135"},"modified":"2020-03-13T21:41:54","modified_gmt":"2020-03-13T20:41:54","slug":"mk-musical-entfaellt","status":"publish","type":"post","link":"http:\/\/www.maria-koenigin.de\/?p=9135","title":{"rendered":"MK-Musical entf\u00e4llt"},"content":{"rendered":"<p style=\"text-align: justify;\">Das Gymnasium Maria K\u00f6nigin teilt mit, dass die f\u00fcr Ende M\u00e4rz geplanten Musicalauff\u00fchrungen \u201eDie Kinder des Monsieur Mathieu\u201c aufgrund der Entwicklung des Corona-Virus entf\u00e4llt.<\/p>\n<p style=\"text-align: justify;\">Die Organisatoren hoffen, dass es m\u00f6glich sein wird, die Auff\u00fchrungen zu einem sp\u00e4teren Zeitpunkt nachzuholen. Dar\u00fcber werde rechtzeitig informiert. \u201eBesonders f\u00fcr die beteiligten Sch\u00fclerinnen und Sch\u00fcler und Kolleginnen und Kollegen bedauere ich die Absage sehr, da sie das Musical mit gro\u00dfer Begeisterung vorbereitet haben und es ein besonderer H\u00f6hepunkt in diesem Schuljahr werden sollte,\u201c erkl\u00e4rt Schulleiter Fabian Borys.&nbsp;<\/p>\n<p style=\"text-align: justify;\">Bereits erworbene Karten k\u00f6nnen \u00fcber die Sch\u00fclerinnen und Sch\u00fcler, bei denen sie gekauft wurden, zur\u00fcckgegeben werden und werden dann selbstverst\u00e4ndlich ebenfalls \u00fcber die Sch\u00fcler erstattet. Die erfolgten Reservierungen werden gel\u00f6scht.<\/p>\n","protected":false},"excerpt":{"rendered":"<p>Das Gymnasium Maria K\u00f6nigin teilt mit, dass die f\u00fcr Ende M\u00e4rz geplanten Musicalauff\u00fchrungen \u201eDie Kinder des Monsieur Mathieu\u201c aufgrund der Entwicklung des Corona-Virus entf\u00e4llt. Die Organisatoren hoffen, dass es m\u00f6glich sein wird, die Auff\u00fchrungen zu einem sp\u00e4teren Zeitpunkt nachzuholen. Dar\u00fcber werde rechtzeitig informiert. \u201eBesonders f\u00fcr die beteiligten Sch\u00fclerinnen und Sch\u00fcler und Kolleginnen und Kollegen bedauere [&hellip;]<\/p>\n","protected":false},"author":1,"featured_media":0,"comment_status":"closed","ping_status":"closed","sticky":false,"template":"","format":"standard","meta":{"ngg_post_thumbnail":0,"footnotes":""},"categories":[4],"tags":[],"class_list":["post-9135","post","type-post","status-publish","format-standard","hentry","category-aktuelles"],"_links":{"self":[{"href":"http:\/\/www.maria-koenigin.de\/index.php?rest_route=\/wp\/v2\/posts\/9135","targetHints":{"allow":["GET"]}}],"collection":[{"href":"http:\/\/www.maria-koenigin.de\/index.php?rest_route=\/wp\/v2\/posts"}],"about":[{"href":"http:\/\/www.maria-koenigin.de\/index.php?rest_route=\/wp\/v2\/types\/post"}],"author":[{"embeddable":true,"href":"http:\/\/www.maria-koenigin.de\/index.php?rest_route=\/wp\/v2\/users\/1"}],"replies":[{"embeddable":true,"href":"http:\/\/www.maria-koenigin.de\/index.php?rest_route=%2Fwp%2Fv2%2Fcomments&post=9135"}],"version-history":[{"count":1,"href":"http:\/\/www.maria-koenigin.de\/index.php?rest_route=\/wp\/v2\/posts\/9135\/revisions"}],"predecessor-version":[{"id":9136,"href":"http:\/\/www.maria-koenigin.de\/index.php?rest_route=\/wp\/v2\/posts\/9135\/revisions\/9136"}],"wp:attachment":[{"href":"http:\/\/www.maria-koenigin.de\/index.php?rest_route=%2Fwp%2Fv2%2Fmedia&parent=9135"}],"wp:term":[{"taxonomy":"category","embeddable":true,"href":"http:\/\/www.maria-koenigin.de\/index.php?rest_route=%2Fwp%2Fv2%2Fcategories&post=9135"},{"taxonomy":"post_tag","embeddable":true,"href":"http:\/\/www.maria-koenigin.de\/index.php?rest_route=%2Fwp%2Fv2%2Ftags&post=9135"}],"curies":[{"name":"wp","href":"https:\/\/api.w.org\/{rel}","templated":true}]}}