{"id":9246,"date":"2020-04-03T20:32:25","date_gmt":"2020-04-03T18:32:25","guid":{"rendered":"http:\/\/www.maria-koenigin.de\/?p=9246"},"modified":"2020-04-03T20:33:14","modified_gmt":"2020-04-03T18:33:14","slug":"9246","status":"publish","type":"post","link":"http:\/\/www.maria-koenigin.de\/?p=9246","title":{"rendered":"Zum Start der Osterferien"},"content":{"rendered":"<p style=\"text-align: justify;\"><img loading=\"lazy\" decoding=\"async\" class=\"alignnone size-full wp-image-9247\" src=\"http:\/\/www.maria-koenigin.de\/wordpress\/wp-content\/uploads\/2020\/04\/Kirchturm-MK.jpg\" alt=\"\" width=\"640\" height=\"427\" srcset=\"http:\/\/www.maria-koenigin.de\/wordpress\/wp-content\/uploads\/2020\/04\/Kirchturm-MK.jpg 640w, http:\/\/www.maria-koenigin.de\/wordpress\/wp-content\/uploads\/2020\/04\/Kirchturm-MK-300x200.jpg 300w, http:\/\/www.maria-koenigin.de\/wordpress\/wp-content\/uploads\/2020\/04\/Kirchturm-MK-624x416.jpg 624w\" sizes=\"auto, (max-width: 640px) 100vw, 640px\" \/><\/p>\n<p style=\"text-align: justify;\">Wir w\u00fcnschen der gesamten Schulgemeinde Maria K\u00f6nigin erholsame Ferien und frohe und gesegnete Ostern.<\/p>\n<p style=\"text-align: justify;\">Danke f\u00fcr die gute Mitarbeit und das Verst\u00e4ndnis in diesen besonderen drei Wochen &#8222;Schule ohne Schule&#8220;.<\/p>\n<p style=\"text-align: justify;\">Die letzten Wochen haben bei allen Schwierigkeiten auch viel Zusammenhalt und gro\u00dfes Engagement gezeigt.<\/p>\n<p style=\"text-align: justify;\">\u201eGehen wir alle zusammen in die Osterferien, um jetzt erst einmal durchzuatmen, famili\u00e4r f\u00fcreinander da zu sein und dieses im Sinne eines \u00f6sterlichen Glaubens, der uns hilft, die Unsicherheit und das Leid, das uns diese Krise bringt, gemeinsam durchzustehen.\u201c<br \/>\nFabian Borys, Schulleiter<\/p>\n","protected":false},"excerpt":{"rendered":"<p>Wir w\u00fcnschen der gesamten Schulgemeinde Maria K\u00f6nigin erholsame Ferien und frohe und gesegnete Ostern. Danke f\u00fcr die gute Mitarbeit und das Verst\u00e4ndnis in diesen besonderen drei Wochen &#8222;Schule ohne Schule&#8220;. Die letzten Wochen haben bei allen Schwierigkeiten auch viel Zusammenhalt und gro\u00dfes Engagement gezeigt. \u201eGehen wir alle zusammen in die Osterferien, um jetzt erst einmal [&hellip;]<\/p>\n","protected":false},"author":8,"featured_media":0,"comment_status":"closed","ping_status":"closed","sticky":false,"template":"","format":"standard","meta":{"ngg_post_thumbnail":0,"footnotes":""},"categories":[4],"tags":[],"class_list":["post-9246","post","type-post","status-publish","format-standard","hentry","category-aktuelles"],"_links":{"self":[{"href":"http:\/\/www.maria-koenigin.de\/index.php?rest_route=\/wp\/v2\/posts\/9246","targetHints":{"allow":["GET"]}}],"collection":[{"href":"http:\/\/www.maria-koenigin.de\/index.php?rest_route=\/wp\/v2\/posts"}],"about":[{"href":"http:\/\/www.maria-koenigin.de\/index.php?rest_route=\/wp\/v2\/types\/post"}],"author":[{"embeddable":true,"href":"http:\/\/www.maria-koenigin.de\/index.php?rest_route=\/wp\/v2\/users\/8"}],"replies":[{"embeddable":true,"href":"http:\/\/www.maria-koenigin.de\/index.php?rest_route=%2Fwp%2Fv2%2Fcomments&post=9246"}],"version-history":[{"count":2,"href":"http:\/\/www.maria-koenigin.de\/index.php?rest_route=\/wp\/v2\/posts\/9246\/revisions"}],"predecessor-version":[{"id":9249,"href":"http:\/\/www.maria-koenigin.de\/index.php?rest_route=\/wp\/v2\/posts\/9246\/revisions\/9249"}],"wp:attachment":[{"href":"http:\/\/www.maria-koenigin.de\/index.php?rest_route=%2Fwp%2Fv2%2Fmedia&parent=9246"}],"wp:term":[{"taxonomy":"category","embeddable":true,"href":"http:\/\/www.maria-koenigin.de\/index.php?rest_route=%2Fwp%2Fv2%2Fcategories&post=9246"},{"taxonomy":"post_tag","embeddable":true,"href":"http:\/\/www.maria-koenigin.de\/index.php?rest_route=%2Fwp%2Fv2%2Ftags&post=9246"}],"curies":[{"name":"wp","href":"https:\/\/api.w.org\/{rel}","templated":true}]}}