{"id":9250,"date":"2020-04-02T08:00:28","date_gmt":"2020-04-02T06:00:28","guid":{"rendered":"http:\/\/www.maria-koenigin.de\/?p=9250"},"modified":"2020-04-04T09:04:06","modified_gmt":"2020-04-04T07:04:06","slug":"diercke-wissen-geographie-wettbewerb","status":"publish","type":"post","link":"http:\/\/www.maria-koenigin.de\/?p=9250","title":{"rendered":"Diercke Wissen Geographie-Wettbewerb"},"content":{"rendered":"<p style=\"text-align: justify;\">Im M\u00e4rz wurde traditionell der diesj\u00e4hrige Diercke Wissen Geographie-Wettbewerb durchgef\u00fchrt. Hier die erstplatzierten auf Klassenebene, die nach Wiederbeginn des Unterrichts den Schulsieger ermitteln. Der Termin wird noch bekanntgegeben.<\/p>\n<table>\n<tbody>\n<tr>\n<td width=\"307\"><strong>Klasse 7a)<\/strong><\/p>\n<p>1.&nbsp;&nbsp;&nbsp;&nbsp;&nbsp; Etienne Wensing<\/p>\n<p>2.&nbsp;&nbsp;&nbsp;&nbsp;&nbsp; Felix Forth<\/p>\n<p>3.&nbsp;&nbsp;&nbsp;&nbsp;&nbsp; Elena Baumhoff<\/td>\n<td width=\"307\"><strong>Klasse 7b)<\/strong><\/p>\n<p>1.&nbsp;&nbsp;&nbsp;&nbsp;&nbsp; Luca Steiner<\/p>\n<p>2.&nbsp;&nbsp;&nbsp;&nbsp;&nbsp; Malte Schmidt<\/p>\n<p>3.&nbsp;&nbsp;&nbsp;&nbsp;&nbsp; Hannes Mertens<\/td>\n<\/tr>\n<tr>\n<td width=\"307\"><strong>Klasse 7c)<\/strong><\/p>\n<p>1.&nbsp;&nbsp;&nbsp;&nbsp;&nbsp; Sebastian Berens<\/p>\n<p>2.&nbsp;&nbsp;&nbsp;&nbsp;&nbsp; Amelie Wolff<\/p>\n<p>3.&nbsp;&nbsp;&nbsp;&nbsp;&nbsp; Johannes Hamers<\/td>\n<td width=\"307\"><strong>Klasse 8a)<\/strong><\/p>\n<p>1.&nbsp;&nbsp;&nbsp;&nbsp;&nbsp; Arne Sternberg<\/p>\n<p>2.&nbsp;&nbsp;&nbsp;&nbsp;&nbsp; Johanna Greve<\/p>\n<p>3.&nbsp;&nbsp;&nbsp;&nbsp;&nbsp; Torben Tillmann<\/td>\n<\/tr>\n<tr>\n<td width=\"307\"><strong>Klasse 8b) <\/strong><\/p>\n<p>1.&nbsp;&nbsp;&nbsp;&nbsp;&nbsp; Paulina Grobbel<\/p>\n<p>2.&nbsp;&nbsp;&nbsp;&nbsp;&nbsp; Helena von Schledorn<\/p>\n<p>3.&nbsp;&nbsp;&nbsp;&nbsp;&nbsp; Martha Beckmann<\/td>\n<td width=\"307\"><strong>Klasse 8c)<\/strong><\/p>\n<p>1.&nbsp;&nbsp;&nbsp;&nbsp;&nbsp; Maik Becker<\/p>\n<p>2.&nbsp;&nbsp;&nbsp;&nbsp;&nbsp; Michel Friedhoff<\/p>\n<p>3.&nbsp;&nbsp;&nbsp;&nbsp;&nbsp; Emily Zoppe<\/td>\n<\/tr>\n<tr>\n<td width=\"307\"><strong>Klasse 8d)<\/strong><\/p>\n<p>1.&nbsp;&nbsp;&nbsp;&nbsp;&nbsp; Robert Rinscheid<\/p>\n<p>2.&nbsp;&nbsp;&nbsp;&nbsp;&nbsp; Liam Jankowsky<\/p>\n<p>3.&nbsp;&nbsp;&nbsp;&nbsp;&nbsp; Finnja Grebe<\/td>\n<td width=\"307\"><strong>Klasse 9a)<\/strong><\/p>\n<p>1.&nbsp;&nbsp;&nbsp;&nbsp;&nbsp; Sophie Baumgarten<\/p>\n<p>2.&nbsp;&nbsp;&nbsp;&nbsp;&nbsp; Cornelius Mester<\/p>\n<p>3.&nbsp;&nbsp;&nbsp;&nbsp;&nbsp; Vibisha Thujendran<\/td>\n<\/tr>\n<tr>\n<td width=\"307\"><strong>Klasse 9b)<\/strong><\/p>\n<p>1.&nbsp;&nbsp;&nbsp;&nbsp;&nbsp; Julian Rickert<\/p>\n<p>2.&nbsp;&nbsp;&nbsp;&nbsp;&nbsp; Annika Tigges<\/p>\n<p>3.&nbsp;&nbsp;&nbsp;&nbsp;&nbsp; Jakob Vo\u00dfhagen<\/td>\n<td width=\"307\"><strong>Klasse 9c)<\/strong><\/p>\n<p>1.&nbsp;&nbsp;&nbsp;&nbsp;&nbsp; Lenia Hille<\/p>\n<p>2.&nbsp;&nbsp;&nbsp;&nbsp;&nbsp; Jonas M\u00fcller<\/p>\n<p>3.&nbsp;&nbsp;&nbsp;&nbsp;&nbsp; Leoni Baier<\/td>\n<\/tr>\n<\/tbody>\n<\/table>\n","protected":false},"excerpt":{"rendered":"<p>Im M\u00e4rz wurde traditionell der diesj\u00e4hrige Diercke Wissen Geographie-Wettbewerb durchgef\u00fchrt. Hier die erstplatzierten auf Klassenebene, die nach Wiederbeginn des Unterrichts den Schulsieger ermitteln. Der Termin wird noch bekanntgegeben. Klasse 7a) 1.&nbsp;&nbsp;&nbsp;&nbsp;&nbsp; Etienne Wensing 2.&nbsp;&nbsp;&nbsp;&nbsp;&nbsp; Felix Forth 3.&nbsp;&nbsp;&nbsp;&nbsp;&nbsp; Elena Baumhoff Klasse 7b) 1.&nbsp;&nbsp;&nbsp;&nbsp;&nbsp; Luca Steiner 2.&nbsp;&nbsp;&nbsp;&nbsp;&nbsp; Malte Schmidt 3.&nbsp;&nbsp;&nbsp;&nbsp;&nbsp; Hannes Mertens Klasse 7c) 1.&nbsp;&nbsp;&nbsp;&nbsp;&nbsp; Sebastian Berens [&hellip;]<\/p>\n","protected":false},"author":1,"featured_media":0,"comment_status":"closed","ping_status":"closed","sticky":false,"template":"","format":"standard","meta":{"ngg_post_thumbnail":0,"footnotes":""},"categories":[4],"tags":[],"class_list":["post-9250","post","type-post","status-publish","format-standard","hentry","category-aktuelles"],"_links":{"self":[{"href":"http:\/\/www.maria-koenigin.de\/index.php?rest_route=\/wp\/v2\/posts\/9250","targetHints":{"allow":["GET"]}}],"collection":[{"href":"http:\/\/www.maria-koenigin.de\/index.php?rest_route=\/wp\/v2\/posts"}],"about":[{"href":"http:\/\/www.maria-koenigin.de\/index.php?rest_route=\/wp\/v2\/types\/post"}],"author":[{"embeddable":true,"href":"http:\/\/www.maria-koenigin.de\/index.php?rest_route=\/wp\/v2\/users\/1"}],"replies":[{"embeddable":true,"href":"http:\/\/www.maria-koenigin.de\/index.php?rest_route=%2Fwp%2Fv2%2Fcomments&post=9250"}],"version-history":[{"count":1,"href":"http:\/\/www.maria-koenigin.de\/index.php?rest_route=\/wp\/v2\/posts\/9250\/revisions"}],"predecessor-version":[{"id":9251,"href":"http:\/\/www.maria-koenigin.de\/index.php?rest_route=\/wp\/v2\/posts\/9250\/revisions\/9251"}],"wp:attachment":[{"href":"http:\/\/www.maria-koenigin.de\/index.php?rest_route=%2Fwp%2Fv2%2Fmedia&parent=9250"}],"wp:term":[{"taxonomy":"category","embeddable":true,"href":"http:\/\/www.maria-koenigin.de\/index.php?rest_route=%2Fwp%2Fv2%2Fcategories&post=9250"},{"taxonomy":"post_tag","embeddable":true,"href":"http:\/\/www.maria-koenigin.de\/index.php?rest_route=%2Fwp%2Fv2%2Ftags&post=9250"}],"curies":[{"name":"wp","href":"https:\/\/api.w.org\/{rel}","templated":true}]}}