{"id":9294,"date":"2020-04-23T09:29:22","date_gmt":"2020-04-23T07:29:22","guid":{"rendered":"http:\/\/www.maria-koenigin.de\/?p=9294"},"modified":"2020-04-27T07:56:16","modified_gmt":"2020-04-27T05:56:16","slug":"mk-laechelt-auch-hinter-der-maske","status":"publish","type":"post","link":"http:\/\/www.maria-koenigin.de\/?p=9294","title":{"rendered":"MK l\u00e4chelt &#8211; auch hinter der Maske."},"content":{"rendered":"<p><img loading=\"lazy\" decoding=\"async\" class=\"alignnone size-large wp-image-9227\" src=\"http:\/\/www.maria-koenigin.de\/wordpress\/wp-content\/uploads\/2020\/03\/Mut-Button-1-1024x293.png\" alt=\"\" width=\"625\" height=\"179\" srcset=\"http:\/\/www.maria-koenigin.de\/wordpress\/wp-content\/uploads\/2020\/03\/Mut-Button-1-1024x293.png 1024w, http:\/\/www.maria-koenigin.de\/wordpress\/wp-content\/uploads\/2020\/03\/Mut-Button-1-300x86.png 300w, http:\/\/www.maria-koenigin.de\/wordpress\/wp-content\/uploads\/2020\/03\/Mut-Button-1-768x220.png 768w, http:\/\/www.maria-koenigin.de\/wordpress\/wp-content\/uploads\/2020\/03\/Mut-Button-1-1536x439.png 1536w, http:\/\/www.maria-koenigin.de\/wordpress\/wp-content\/uploads\/2020\/03\/Mut-Button-1-2048x585.png 2048w, http:\/\/www.maria-koenigin.de\/wordpress\/wp-content\/uploads\/2020\/03\/Mut-Button-1-624x178.png 624w\" sizes=\"auto, (max-width: 625px) 100vw, 625px\" \/><\/p>\n<p style=\"text-align: justify;\">Am heutigen Donnerstag beginnt f\u00fcr die Jahrgangsstufe Q2 wieder der Unterricht.<\/p>\n<p style=\"text-align: justify;\">Dieser findet unter den Vorzeichen der Corona-Pandemie unter besonderen Umst\u00e4nden und Sicherheitsvorkehrungen statt.<\/p>\n<p style=\"text-align: justify;\">Wir freuen uns trotzdem, dass es wieder losgeht und sehen den Wiedereinstieg in den Unterricht als ein Zeichen der Hoffnung. Dies dr\u00fccken wir mit verschiedenen Slogans aus, die \u00fcberall im Schulgeb\u00e4ude h\u00e4ngen:<\/p>\n<p style=\"text-align: justify;\">\u201eSch\u00f6n, dass du da bist. MK l\u00e4chelt \u2013 auch hinter der Maske.<\/p>\n<p style=\"text-align: justify;\">Wir bleiben uns nah \u2013 auch mit Abstand.<\/p>\n<p style=\"text-align: justify;\">Auch mit Abstand zueinander halten wir an MK zusammen.\u201c<\/p>\n<p>&nbsp;<\/p>\n","protected":false},"excerpt":{"rendered":"<p>Am heutigen Donnerstag beginnt f\u00fcr die Jahrgangsstufe Q2 wieder der Unterricht. Dieser findet unter den Vorzeichen der Corona-Pandemie unter besonderen Umst\u00e4nden und Sicherheitsvorkehrungen statt. Wir freuen uns trotzdem, dass es wieder losgeht und sehen den Wiedereinstieg in den Unterricht als ein Zeichen der Hoffnung. Dies dr\u00fccken wir mit verschiedenen Slogans aus, die \u00fcberall im Schulgeb\u00e4ude [&hellip;]<\/p>\n","protected":false},"author":8,"featured_media":0,"comment_status":"closed","ping_status":"closed","sticky":false,"template":"","format":"standard","meta":{"ngg_post_thumbnail":0,"footnotes":""},"categories":[4],"tags":[],"class_list":["post-9294","post","type-post","status-publish","format-standard","hentry","category-aktuelles"],"_links":{"self":[{"href":"http:\/\/www.maria-koenigin.de\/index.php?rest_route=\/wp\/v2\/posts\/9294","targetHints":{"allow":["GET"]}}],"collection":[{"href":"http:\/\/www.maria-koenigin.de\/index.php?rest_route=\/wp\/v2\/posts"}],"about":[{"href":"http:\/\/www.maria-koenigin.de\/index.php?rest_route=\/wp\/v2\/types\/post"}],"author":[{"embeddable":true,"href":"http:\/\/www.maria-koenigin.de\/index.php?rest_route=\/wp\/v2\/users\/8"}],"replies":[{"embeddable":true,"href":"http:\/\/www.maria-koenigin.de\/index.php?rest_route=%2Fwp%2Fv2%2Fcomments&post=9294"}],"version-history":[{"count":4,"href":"http:\/\/www.maria-koenigin.de\/index.php?rest_route=\/wp\/v2\/posts\/9294\/revisions"}],"predecessor-version":[{"id":9299,"href":"http:\/\/www.maria-koenigin.de\/index.php?rest_route=\/wp\/v2\/posts\/9294\/revisions\/9299"}],"wp:attachment":[{"href":"http:\/\/www.maria-koenigin.de\/index.php?rest_route=%2Fwp%2Fv2%2Fmedia&parent=9294"}],"wp:term":[{"taxonomy":"category","embeddable":true,"href":"http:\/\/www.maria-koenigin.de\/index.php?rest_route=%2Fwp%2Fv2%2Fcategories&post=9294"},{"taxonomy":"post_tag","embeddable":true,"href":"http:\/\/www.maria-koenigin.de\/index.php?rest_route=%2Fwp%2Fv2%2Ftags&post=9294"}],"curies":[{"name":"wp","href":"https:\/\/api.w.org\/{rel}","templated":true}]}}