{"id":9310,"date":"2020-05-09T17:02:23","date_gmt":"2020-05-09T15:02:23","guid":{"rendered":"http:\/\/www.maria-koenigin.de\/?p=9310"},"modified":"2020-05-09T17:02:23","modified_gmt":"2020-05-09T15:02:23","slug":"ein-blick-nach-vorne","status":"publish","type":"post","link":"http:\/\/www.maria-koenigin.de\/?p=9310","title":{"rendered":"Ein Blick nach vorne"},"content":{"rendered":"<p><img loading=\"lazy\" decoding=\"async\" class=\"alignnone size-full wp-image-9311\" src=\"http:\/\/www.maria-koenigin.de\/wordpress\/wp-content\/uploads\/2020\/05\/viel_erfolg_20.jpg\" alt=\"\" width=\"640\" height=\"545\" srcset=\"http:\/\/www.maria-koenigin.de\/wordpress\/wp-content\/uploads\/2020\/05\/viel_erfolg_20.jpg 640w, http:\/\/www.maria-koenigin.de\/wordpress\/wp-content\/uploads\/2020\/05\/viel_erfolg_20-300x255.jpg 300w, http:\/\/www.maria-koenigin.de\/wordpress\/wp-content\/uploads\/2020\/05\/viel_erfolg_20-624x531.jpg 624w\" sizes=\"auto, (max-width: 640px) 100vw, 640px\" \/><\/p>\n<p>(Das Bild stammt von Lorena Droste, Abi 2018)<\/p>\n<p style=\"text-align: justify;\">In diesen Tagen beginnen f\u00fcr die Sch\u00fclerinnen und Sch\u00fcler der Q2 die Abiturpr\u00fcfungen.<br \/>\nWir w\u00fcnschen Ihnen viel Erfolg und Gottes Segen.\u00a0Dies tun wir mit einem musikalischen Video-Gru\u00df der ehemaligen Sch\u00fclerinnen Carla Nies und Mona Kaiser.<\/p>\n<p><iframe loading=\"lazy\" title=\"Video von Mona und Carla f\u00fcr den Abijahrgang 2020\" width=\"625\" height=\"352\" src=\"https:\/\/www.youtube.com\/embed\/6C3NQYI_neg?feature=oembed\" frameborder=\"0\" allow=\"accelerometer; autoplay; clipboard-write; encrypted-media; gyroscope; picture-in-picture; web-share\" referrerpolicy=\"strict-origin-when-cross-origin\" allowfullscreen><\/iframe><\/p>\n<p style=\"text-align: justify;\">Au\u00dferdem freuen wir uns, dass ab Montag auch die Sch\u00fclerinnen und Sch\u00fcler der Q1 wieder t\u00e4glich im Pr\u00e4senzunterricht in der Schule sein werden. Auch euch w\u00fcnschen wir einen guten Neustart unter den besonderen Bedingungen.<\/p>\n","protected":false},"excerpt":{"rendered":"<p>(Das Bild stammt von Lorena Droste, Abi 2018) In diesen Tagen beginnen f\u00fcr die Sch\u00fclerinnen und Sch\u00fcler der Q2 die Abiturpr\u00fcfungen. Wir w\u00fcnschen Ihnen viel Erfolg und Gottes Segen.\u00a0Dies tun wir mit einem musikalischen Video-Gru\u00df der ehemaligen Sch\u00fclerinnen Carla Nies und Mona Kaiser. Au\u00dferdem freuen wir uns, dass ab Montag auch die Sch\u00fclerinnen und Sch\u00fcler [&hellip;]<\/p>\n","protected":false},"author":8,"featured_media":0,"comment_status":"closed","ping_status":"closed","sticky":false,"template":"","format":"standard","meta":{"ngg_post_thumbnail":0,"footnotes":""},"categories":[4],"tags":[],"class_list":["post-9310","post","type-post","status-publish","format-standard","hentry","category-aktuelles"],"_links":{"self":[{"href":"http:\/\/www.maria-koenigin.de\/index.php?rest_route=\/wp\/v2\/posts\/9310","targetHints":{"allow":["GET"]}}],"collection":[{"href":"http:\/\/www.maria-koenigin.de\/index.php?rest_route=\/wp\/v2\/posts"}],"about":[{"href":"http:\/\/www.maria-koenigin.de\/index.php?rest_route=\/wp\/v2\/types\/post"}],"author":[{"embeddable":true,"href":"http:\/\/www.maria-koenigin.de\/index.php?rest_route=\/wp\/v2\/users\/8"}],"replies":[{"embeddable":true,"href":"http:\/\/www.maria-koenigin.de\/index.php?rest_route=%2Fwp%2Fv2%2Fcomments&post=9310"}],"version-history":[{"count":1,"href":"http:\/\/www.maria-koenigin.de\/index.php?rest_route=\/wp\/v2\/posts\/9310\/revisions"}],"predecessor-version":[{"id":9312,"href":"http:\/\/www.maria-koenigin.de\/index.php?rest_route=\/wp\/v2\/posts\/9310\/revisions\/9312"}],"wp:attachment":[{"href":"http:\/\/www.maria-koenigin.de\/index.php?rest_route=%2Fwp%2Fv2%2Fmedia&parent=9310"}],"wp:term":[{"taxonomy":"category","embeddable":true,"href":"http:\/\/www.maria-koenigin.de\/index.php?rest_route=%2Fwp%2Fv2%2Fcategories&post=9310"},{"taxonomy":"post_tag","embeddable":true,"href":"http:\/\/www.maria-koenigin.de\/index.php?rest_route=%2Fwp%2Fv2%2Ftags&post=9310"}],"curies":[{"name":"wp","href":"https:\/\/api.w.org\/{rel}","templated":true}]}}