{"id":9356,"date":"2020-05-22T10:20:38","date_gmt":"2020-05-22T08:20:38","guid":{"rendered":"http:\/\/www.maria-koenigin.de\/?p=9356"},"modified":"2020-05-22T10:21:39","modified_gmt":"2020-05-22T08:21:39","slug":"9356","status":"publish","type":"post","link":"http:\/\/www.maria-koenigin.de\/?p=9356","title":{"rendered":""},"content":{"rendered":"<p><iframe loading=\"lazy\" title=\"&quot;MK l\u00e4chelt - auch hinter der Maske&quot;  - Begr\u00fc\u00dfungsvideo nach der Corona-Pause&quot;\" width=\"625\" height=\"352\" src=\"https:\/\/www.youtube.com\/embed\/Kb0ZkGCmalI?feature=oembed\" frameborder=\"0\" allow=\"accelerometer; autoplay; clipboard-write; encrypted-media; gyroscope; picture-in-picture; web-share\" referrerpolicy=\"strict-origin-when-cross-origin\" allowfullscreen><\/iframe><\/p>\n<p>Mit diesem Video begr\u00fc\u00dfen wir die Sch\u00fclerinnen und Sch\u00fcler der Jahrgangsstufen 5 bis 10 (EF), die ab Montag wieder in der Schule sein werden. Die Mitglieder der SV zeigen euch, was sich in der Schule ver\u00e4ndert hat und worauf ihr achten m\u00fcsst. Au\u00dferdem gibt es tolle Luftaufnahmen von der Schule und dem Schulgel\u00e4nde. Wir freuen uns auf jeden Fall riesig, euch in der Schule wiederzusehen. Trotz mancher Schwierigkeiten bleibt unser Motto: &#8222;MK l\u00e4chelt, auch hinter der Maske&#8220;.<\/p>\n<p>Wir bedanken uns bei Felix Griese f\u00fcr die Produktion des Videos und bei der SV f\u00fcr die Moderation und Mitarbeit.<\/p>\n","protected":false},"excerpt":{"rendered":"<p>Mit diesem Video begr\u00fc\u00dfen wir die Sch\u00fclerinnen und Sch\u00fcler der Jahrgangsstufen 5 bis 10 (EF), die ab Montag wieder in der Schule sein werden. Die Mitglieder der SV zeigen euch, was sich in der Schule ver\u00e4ndert hat und worauf ihr achten m\u00fcsst. Au\u00dferdem gibt es tolle Luftaufnahmen von der Schule und dem Schulgel\u00e4nde. Wir freuen [&hellip;]<\/p>\n","protected":false},"author":1,"featured_media":0,"comment_status":"closed","ping_status":"closed","sticky":false,"template":"","format":"standard","meta":{"ngg_post_thumbnail":0,"footnotes":""},"categories":[4],"tags":[],"class_list":["post-9356","post","type-post","status-publish","format-standard","hentry","category-aktuelles"],"_links":{"self":[{"href":"http:\/\/www.maria-koenigin.de\/index.php?rest_route=\/wp\/v2\/posts\/9356","targetHints":{"allow":["GET"]}}],"collection":[{"href":"http:\/\/www.maria-koenigin.de\/index.php?rest_route=\/wp\/v2\/posts"}],"about":[{"href":"http:\/\/www.maria-koenigin.de\/index.php?rest_route=\/wp\/v2\/types\/post"}],"author":[{"embeddable":true,"href":"http:\/\/www.maria-koenigin.de\/index.php?rest_route=\/wp\/v2\/users\/1"}],"replies":[{"embeddable":true,"href":"http:\/\/www.maria-koenigin.de\/index.php?rest_route=%2Fwp%2Fv2%2Fcomments&post=9356"}],"version-history":[{"count":2,"href":"http:\/\/www.maria-koenigin.de\/index.php?rest_route=\/wp\/v2\/posts\/9356\/revisions"}],"predecessor-version":[{"id":9358,"href":"http:\/\/www.maria-koenigin.de\/index.php?rest_route=\/wp\/v2\/posts\/9356\/revisions\/9358"}],"wp:attachment":[{"href":"http:\/\/www.maria-koenigin.de\/index.php?rest_route=%2Fwp%2Fv2%2Fmedia&parent=9356"}],"wp:term":[{"taxonomy":"category","embeddable":true,"href":"http:\/\/www.maria-koenigin.de\/index.php?rest_route=%2Fwp%2Fv2%2Fcategories&post=9356"},{"taxonomy":"post_tag","embeddable":true,"href":"http:\/\/www.maria-koenigin.de\/index.php?rest_route=%2Fwp%2Fv2%2Ftags&post=9356"}],"curies":[{"name":"wp","href":"https:\/\/api.w.org\/{rel}","templated":true}]}}