{"id":9390,"date":"2020-07-09T09:31:21","date_gmt":"2020-07-09T07:31:21","guid":{"rendered":"http:\/\/www.maria-koenigin.de\/?p=9390"},"modified":"2020-07-09T16:22:38","modified_gmt":"2020-07-09T14:22:38","slug":"abschied-von-willi-lahme-und-manfred-linder","status":"publish","type":"post","link":"http:\/\/www.maria-koenigin.de\/?p=9390","title":{"rendered":"Abschied von Willi Lahme und Manfred Linder"},"content":{"rendered":"<p><img loading=\"lazy\" decoding=\"async\" class=\"alignnone wp-image-9391 size-full\" src=\"http:\/\/www.maria-koenigin.de\/wordpress\/wp-content\/uploads\/2020\/07\/verab20_1.jpg\" alt=\"\" width=\"650\" height=\"464\" srcset=\"http:\/\/www.maria-koenigin.de\/wordpress\/wp-content\/uploads\/2020\/07\/verab20_1.jpg 650w, http:\/\/www.maria-koenigin.de\/wordpress\/wp-content\/uploads\/2020\/07\/verab20_1-300x214.jpg 300w, http:\/\/www.maria-koenigin.de\/wordpress\/wp-content\/uploads\/2020\/07\/verab20_1-624x445.jpg 624w\" sizes=\"auto, (max-width: 650px) 100vw, 650px\" \/><\/p>\n<p style=\"text-align: justify;\">Zum Ende des Schuljahres verlassen zwei verdiente und langj\u00e4hrige Kollegen das Gymnasium Maria K\u00f6nigin. Sie wurden in einer kleinen Feierstunde unter Corona-Bedingungen in der Sporthalle vom gesamten <!--more-->Kollegium verabschiedet. Willi Lahme geht in den Ruhestand und Manfred Linder wechselt an ein anderes Gymnasium.<\/p>\n<p style=\"text-align: justify;\"><img loading=\"lazy\" decoding=\"async\" class=\"alignnone wp-image-9392 size-full\" src=\"http:\/\/www.maria-koenigin.de\/wordpress\/wp-content\/uploads\/2020\/07\/verab20_2.jpg\" alt=\"\" width=\"650\" height=\"433\" srcset=\"http:\/\/www.maria-koenigin.de\/wordpress\/wp-content\/uploads\/2020\/07\/verab20_2.jpg 650w, http:\/\/www.maria-koenigin.de\/wordpress\/wp-content\/uploads\/2020\/07\/verab20_2-300x200.jpg 300w, http:\/\/www.maria-koenigin.de\/wordpress\/wp-content\/uploads\/2020\/07\/verab20_2-624x416.jpg 624w\" sizes=\"auto, (max-width: 650px) 100vw, 650px\" \/><br \/>\nMit den Stichworten Freundlichkeit, Sensibilit\u00e4t und Hilfsbereitschaft wurde Willfried Lahme von Schulleiter Fabian Borys und von Vertreterinnen des Lehrerates charakterisiert. Er war als Lehrer f\u00fcr Biologie und Sport seit 1989 und damit mehr als 30 Jahre am Gymnasium Maria K\u00f6nigin t\u00e4tig. Vor allem im Sportbereich hat er viele Projekte organisiert und initiiert, von Skitagen \u00fcber die Organisation der Bundesjugendspiele bis hin zum Nikolaus-Basketballturnier der Lennest\u00e4dter Schulen, das er 19 Mal mit viel Liebe zum Detail vorbereitet hat.&nbsp; Er engagierte sich in der Stufenleitung der Oberstufe, war als Mitglied des Beratungsteams \u00fcber viele Jahre f\u00fcr die Sucht- und Drogenberatung zust\u00e4ndig, k\u00fcmmerte sich um den Ehemaligenverein und arbeitete mit am Stundenplan, insbesondere an den Klausur- und Aufsichtspl\u00e4nen.&nbsp; F\u00fcr die Belange des Kollegiums setzte er sich im Lehrerrat und bei der Organisation von Veranstaltungen, etwa der Schulkirmes, ein.<\/p>\n<p style=\"text-align: justify;\"><img loading=\"lazy\" decoding=\"async\" class=\"alignnone wp-image-9393 size-full\" src=\"http:\/\/www.maria-koenigin.de\/wordpress\/wp-content\/uploads\/2020\/07\/verab20_3.jpg\" alt=\"\" width=\"650\" height=\"433\" srcset=\"http:\/\/www.maria-koenigin.de\/wordpress\/wp-content\/uploads\/2020\/07\/verab20_3.jpg 650w, http:\/\/www.maria-koenigin.de\/wordpress\/wp-content\/uploads\/2020\/07\/verab20_3-300x200.jpg 300w, http:\/\/www.maria-koenigin.de\/wordpress\/wp-content\/uploads\/2020\/07\/verab20_3-624x416.jpg 624w\" sizes=\"auto, (max-width: 650px) 100vw, 650px\" \/><br \/>\nVorsitzender des Lehrerrats und Mitglied der Mitarbeitervertretung war auch Manfred Linder. Er verl\u00e4sst das Gymnasium Maria K\u00f6nigin und wechselt zum 1. August als stellvertretender Schulleiter an ein katholisches Gymnasium im Rheinland. Herr Linder war seit 1996 am Gymnasium Maria K\u00f6nigin t\u00e4tig und unterrichtete die F\u00e4cher Latein und Geschichte. In der Verabschiedung betonten alle Redner seine Begeisterung f\u00fcr die Inhalte seiner F\u00e4cher, was sich auch in der T\u00e4tigkeit als Moderator f\u00fcr das Fach Latein gezeigt habe.&nbsp; Bis zuletzt war Herr Linder Stufenleiter in der Oberstufe und k\u00fcmmerte sich um die F\u00f6rderung von Hochbegabten.&nbsp; Auch den Austausch mit der Partnerschule in Otwock in Polen betreute er. Die Kollegen, unter anderem Fachkollege Michael Ameling, betonten in ihren Abschiedsworten seine Akribie, seine Gradlinigkeit und seinen Humor. F\u00fcr den Tr\u00e4gerverein dankte Hans-Gerd Mummel den beiden f\u00fcr ihre langj\u00e4hrige und engagierte T\u00e4tigkeit.<\/p>\n<p style=\"text-align: right;\">Ansgar Kaufmann<\/p>\n","protected":false},"excerpt":{"rendered":"<p>Zum Ende des Schuljahres verlassen zwei verdiente und langj\u00e4hrige Kollegen das Gymnasium Maria K\u00f6nigin. Sie wurden in einer kleinen Feierstunde unter Corona-Bedingungen in der Sporthalle vom gesamten<\/p>\n","protected":false},"author":1,"featured_media":0,"comment_status":"closed","ping_status":"closed","sticky":false,"template":"","format":"standard","meta":{"ngg_post_thumbnail":0,"footnotes":""},"categories":[4],"tags":[],"class_list":["post-9390","post","type-post","status-publish","format-standard","hentry","category-aktuelles"],"_links":{"self":[{"href":"http:\/\/www.maria-koenigin.de\/index.php?rest_route=\/wp\/v2\/posts\/9390","targetHints":{"allow":["GET"]}}],"collection":[{"href":"http:\/\/www.maria-koenigin.de\/index.php?rest_route=\/wp\/v2\/posts"}],"about":[{"href":"http:\/\/www.maria-koenigin.de\/index.php?rest_route=\/wp\/v2\/types\/post"}],"author":[{"embeddable":true,"href":"http:\/\/www.maria-koenigin.de\/index.php?rest_route=\/wp\/v2\/users\/1"}],"replies":[{"embeddable":true,"href":"http:\/\/www.maria-koenigin.de\/index.php?rest_route=%2Fwp%2Fv2%2Fcomments&post=9390"}],"version-history":[{"count":4,"href":"http:\/\/www.maria-koenigin.de\/index.php?rest_route=\/wp\/v2\/posts\/9390\/revisions"}],"predecessor-version":[{"id":9414,"href":"http:\/\/www.maria-koenigin.de\/index.php?rest_route=\/wp\/v2\/posts\/9390\/revisions\/9414"}],"wp:attachment":[{"href":"http:\/\/www.maria-koenigin.de\/index.php?rest_route=%2Fwp%2Fv2%2Fmedia&parent=9390"}],"wp:term":[{"taxonomy":"category","embeddable":true,"href":"http:\/\/www.maria-koenigin.de\/index.php?rest_route=%2Fwp%2Fv2%2Fcategories&post=9390"},{"taxonomy":"post_tag","embeddable":true,"href":"http:\/\/www.maria-koenigin.de\/index.php?rest_route=%2Fwp%2Fv2%2Ftags&post=9390"}],"curies":[{"name":"wp","href":"https:\/\/api.w.org\/{rel}","templated":true}]}}