{"id":9397,"date":"2020-07-11T08:00:50","date_gmt":"2020-07-11T06:00:50","guid":{"rendered":"http:\/\/www.maria-koenigin.de\/?p=9397"},"modified":"2020-07-10T12:35:35","modified_gmt":"2020-07-10T10:35:35","slug":"kreativ-in-der-corona-krise","status":"publish","type":"post","link":"http:\/\/www.maria-koenigin.de\/?p=9397","title":{"rendered":"Kreativ in der Corona-Krise"},"content":{"rendered":"<p><img loading=\"lazy\" decoding=\"async\" class=\"alignnone wp-image-9398 size-full\" src=\"http:\/\/www.maria-koenigin.de\/wordpress\/wp-content\/uploads\/2020\/07\/coronakunst01.jpg\" alt=\"\" width=\"650\" height=\"433\" srcset=\"http:\/\/www.maria-koenigin.de\/wordpress\/wp-content\/uploads\/2020\/07\/coronakunst01.jpg 650w, http:\/\/www.maria-koenigin.de\/wordpress\/wp-content\/uploads\/2020\/07\/coronakunst01-300x200.jpg 300w, http:\/\/www.maria-koenigin.de\/wordpress\/wp-content\/uploads\/2020\/07\/coronakunst01-624x416.jpg 624w\" sizes=\"auto, (max-width: 650px) 100vw, 650px\" \/><\/p>\n<p style=\"text-align: justify;\">Mit ganz unterschiedlichen Aktionen haben Sch\u00fclerinnen und Sch\u00fcler des Gymnasiums Maria K\u00f6nigin die letzten Monate der Corona-Krise gestaltet. Kunstlehrerin Christina Kemper hatte dazu aufgerufen, sich im Rahmen des Kunstunterrichts mit Zeichnungen, Collagen, Bildern, Fotos, Texten und vielem mehr mit der ganz besonderen Situation auseinanderzusetzen. Neben vielen Bildern und Bildergeschichten hat <!--more-->Fynn Heimes sogar einen Corona-Virus mit dem 3D-Druck produziert, der unter folgendem Link angesehen werden kann:<\/p>\n<p><iframe loading=\"lazy\" title=\"Coronavirus aus dem 3D Drucker im Zeitraffer(mit Leucht-PLA)\" width=\"625\" height=\"352\" src=\"https:\/\/www.youtube.com\/embed\/84hSLxrwRKc?feature=oembed\" frameborder=\"0\" allow=\"accelerometer; autoplay; clipboard-write; encrypted-media; gyroscope; picture-in-picture; web-share\" referrerpolicy=\"strict-origin-when-cross-origin\" allowfullscreen><\/iframe><\/p>\n<p style=\"text-align: justify;\">Besonders die j\u00fcngeren Sch\u00fclerinnen und Sch\u00fcler haben bunte Schmetterlinge gebastelt, die dann an die Bewohner von Alten- und Pflegeheimen verteilt wurden. Im Haus Habbecker Heide haben Mitarbeiterin Lioba Richard und Bewohnerin Frau Plett gemeinsam ein Mobile aus Schmetterlingen f\u00fcr den Wohnbereich gebastelt.<\/p>\n<p style=\"text-align: right;\">Ansgar Kaufmann<\/p>\n<p><img loading=\"lazy\" decoding=\"async\" class=\"alignnone wp-image-9411 size-full\" src=\"http:\/\/www.maria-koenigin.de\/wordpress\/wp-content\/uploads\/2020\/07\/coronakunst14.jpg\" alt=\"\" width=\"650\" height=\"440\" srcset=\"http:\/\/www.maria-koenigin.de\/wordpress\/wp-content\/uploads\/2020\/07\/coronakunst14.jpg 650w, http:\/\/www.maria-koenigin.de\/wordpress\/wp-content\/uploads\/2020\/07\/coronakunst14-300x203.jpg 300w, http:\/\/www.maria-koenigin.de\/wordpress\/wp-content\/uploads\/2020\/07\/coronakunst14-624x422.jpg 624w\" sizes=\"auto, (max-width: 650px) 100vw, 650px\" \/> <img loading=\"lazy\" decoding=\"async\" class=\"alignnone wp-image-9410 size-full\" src=\"http:\/\/www.maria-koenigin.de\/wordpress\/wp-content\/uploads\/2020\/07\/coronakunst13.jpg\" alt=\"\" width=\"650\" height=\"750\" srcset=\"http:\/\/www.maria-koenigin.de\/wordpress\/wp-content\/uploads\/2020\/07\/coronakunst13.jpg 650w, http:\/\/www.maria-koenigin.de\/wordpress\/wp-content\/uploads\/2020\/07\/coronakunst13-260x300.jpg 260w, http:\/\/www.maria-koenigin.de\/wordpress\/wp-content\/uploads\/2020\/07\/coronakunst13-624x720.jpg 624w\" sizes=\"auto, (max-width: 650px) 100vw, 650px\" \/> <img loading=\"lazy\" decoding=\"async\" class=\"alignnone wp-image-9409 size-full\" src=\"http:\/\/www.maria-koenigin.de\/wordpress\/wp-content\/uploads\/2020\/07\/coronakunst12.jpg\" alt=\"\" width=\"650\" height=\"911\" srcset=\"http:\/\/www.maria-koenigin.de\/wordpress\/wp-content\/uploads\/2020\/07\/coronakunst12.jpg 650w, http:\/\/www.maria-koenigin.de\/wordpress\/wp-content\/uploads\/2020\/07\/coronakunst12-214x300.jpg 214w, http:\/\/www.maria-koenigin.de\/wordpress\/wp-content\/uploads\/2020\/07\/coronakunst12-624x875.jpg 624w\" sizes=\"auto, (max-width: 650px) 100vw, 650px\" \/> <img loading=\"lazy\" decoding=\"async\" class=\"alignnone wp-image-9408 size-full\" src=\"http:\/\/www.maria-koenigin.de\/wordpress\/wp-content\/uploads\/2020\/07\/coronakunst11.jpg\" alt=\"\" width=\"650\" height=\"797\" srcset=\"http:\/\/www.maria-koenigin.de\/wordpress\/wp-content\/uploads\/2020\/07\/coronakunst11.jpg 650w, http:\/\/www.maria-koenigin.de\/wordpress\/wp-content\/uploads\/2020\/07\/coronakunst11-245x300.jpg 245w, http:\/\/www.maria-koenigin.de\/wordpress\/wp-content\/uploads\/2020\/07\/coronakunst11-624x765.jpg 624w\" sizes=\"auto, (max-width: 650px) 100vw, 650px\" \/> <img loading=\"lazy\" decoding=\"async\" class=\"alignnone wp-image-9407 size-full\" src=\"http:\/\/www.maria-koenigin.de\/wordpress\/wp-content\/uploads\/2020\/07\/coronakunst10.jpg\" alt=\"\" width=\"650\" height=\"478\" srcset=\"http:\/\/www.maria-koenigin.de\/wordpress\/wp-content\/uploads\/2020\/07\/coronakunst10.jpg 650w, http:\/\/www.maria-koenigin.de\/wordpress\/wp-content\/uploads\/2020\/07\/coronakunst10-300x221.jpg 300w, http:\/\/www.maria-koenigin.de\/wordpress\/wp-content\/uploads\/2020\/07\/coronakunst10-624x459.jpg 624w\" sizes=\"auto, (max-width: 650px) 100vw, 650px\" \/> <img loading=\"lazy\" decoding=\"async\" class=\"alignnone wp-image-9406 size-full\" src=\"http:\/\/www.maria-koenigin.de\/wordpress\/wp-content\/uploads\/2020\/07\/coronakunst09.jpg\" alt=\"\" width=\"650\" height=\"2308\" srcset=\"http:\/\/www.maria-koenigin.de\/wordpress\/wp-content\/uploads\/2020\/07\/coronakunst09.jpg 650w, http:\/\/www.maria-koenigin.de\/wordpress\/wp-content\/uploads\/2020\/07\/coronakunst09-288x1024.jpg 288w, http:\/\/www.maria-koenigin.de\/wordpress\/wp-content\/uploads\/2020\/07\/coronakunst09-433x1536.jpg 433w, http:\/\/www.maria-koenigin.de\/wordpress\/wp-content\/uploads\/2020\/07\/coronakunst09-577x2048.jpg 577w, http:\/\/www.maria-koenigin.de\/wordpress\/wp-content\/uploads\/2020\/07\/coronakunst09-624x2216.jpg 624w\" sizes=\"auto, (max-width: 650px) 100vw, 650px\" \/> <img loading=\"lazy\" decoding=\"async\" class=\"alignnone wp-image-9405 size-full\" src=\"http:\/\/www.maria-koenigin.de\/wordpress\/wp-content\/uploads\/2020\/07\/coronakunst08.jpg\" alt=\"\" width=\"650\" height=\"911\" srcset=\"http:\/\/www.maria-koenigin.de\/wordpress\/wp-content\/uploads\/2020\/07\/coronakunst08.jpg 650w, http:\/\/www.maria-koenigin.de\/wordpress\/wp-content\/uploads\/2020\/07\/coronakunst08-214x300.jpg 214w, http:\/\/www.maria-koenigin.de\/wordpress\/wp-content\/uploads\/2020\/07\/coronakunst08-624x875.jpg 624w\" sizes=\"auto, (max-width: 650px) 100vw, 650px\" \/> <img loading=\"lazy\" decoding=\"async\" class=\"alignnone wp-image-9404 size-full\" src=\"http:\/\/www.maria-koenigin.de\/wordpress\/wp-content\/uploads\/2020\/07\/coronakunst07.jpg\" alt=\"\" width=\"650\" height=\"488\" srcset=\"http:\/\/www.maria-koenigin.de\/wordpress\/wp-content\/uploads\/2020\/07\/coronakunst07.jpg 650w, http:\/\/www.maria-koenigin.de\/wordpress\/wp-content\/uploads\/2020\/07\/coronakunst07-300x225.jpg 300w, http:\/\/www.maria-koenigin.de\/wordpress\/wp-content\/uploads\/2020\/07\/coronakunst07-624x468.jpg 624w\" sizes=\"auto, (max-width: 650px) 100vw, 650px\" \/><img loading=\"lazy\" decoding=\"async\" class=\"alignnone size-full wp-image-9401\" src=\"http:\/\/www.maria-koenigin.de\/wordpress\/wp-content\/uploads\/2020\/07\/coronakunst04.jpg\" alt=\"\" width=\"650\" height=\"867\" srcset=\"http:\/\/www.maria-koenigin.de\/wordpress\/wp-content\/uploads\/2020\/07\/coronakunst04.jpg 650w, http:\/\/www.maria-koenigin.de\/wordpress\/wp-content\/uploads\/2020\/07\/coronakunst04-225x300.jpg 225w, http:\/\/www.maria-koenigin.de\/wordpress\/wp-content\/uploads\/2020\/07\/coronakunst04-624x832.jpg 624w\" sizes=\"auto, (max-width: 650px) 100vw, 650px\" \/>&nbsp; <img loading=\"lazy\" decoding=\"async\" class=\"alignnone wp-image-9402 size-full\" src=\"http:\/\/www.maria-koenigin.de\/wordpress\/wp-content\/uploads\/2020\/07\/coronakunst05.jpg\" alt=\"\" width=\"650\" height=\"867\" srcset=\"http:\/\/www.maria-koenigin.de\/wordpress\/wp-content\/uploads\/2020\/07\/coronakunst05.jpg 650w, http:\/\/www.maria-koenigin.de\/wordpress\/wp-content\/uploads\/2020\/07\/coronakunst05-225x300.jpg 225w, http:\/\/www.maria-koenigin.de\/wordpress\/wp-content\/uploads\/2020\/07\/coronakunst05-624x832.jpg 624w\" sizes=\"auto, (max-width: 650px) 100vw, 650px\" \/> <img loading=\"lazy\" decoding=\"async\" class=\"alignnone wp-image-9403 size-full\" src=\"http:\/\/www.maria-koenigin.de\/wordpress\/wp-content\/uploads\/2020\/07\/coronakunst06.jpg\" alt=\"\" width=\"650\" height=\"914\" srcset=\"http:\/\/www.maria-koenigin.de\/wordpress\/wp-content\/uploads\/2020\/07\/coronakunst06.jpg 650w, http:\/\/www.maria-koenigin.de\/wordpress\/wp-content\/uploads\/2020\/07\/coronakunst06-213x300.jpg 213w, http:\/\/www.maria-koenigin.de\/wordpress\/wp-content\/uploads\/2020\/07\/coronakunst06-624x877.jpg 624w\" sizes=\"auto, (max-width: 650px) 100vw, 650px\" \/> <img loading=\"lazy\" decoding=\"async\" class=\"alignnone wp-image-9399 size-full\" src=\"http:\/\/www.maria-koenigin.de\/wordpress\/wp-content\/uploads\/2020\/07\/coronakunst02.jpg\" alt=\"\" width=\"650\" height=\"424\" srcset=\"http:\/\/www.maria-koenigin.de\/wordpress\/wp-content\/uploads\/2020\/07\/coronakunst02.jpg 650w, http:\/\/www.maria-koenigin.de\/wordpress\/wp-content\/uploads\/2020\/07\/coronakunst02-300x196.jpg 300w, http:\/\/www.maria-koenigin.de\/wordpress\/wp-content\/uploads\/2020\/07\/coronakunst02-624x407.jpg 624w\" sizes=\"auto, (max-width: 650px) 100vw, 650px\" \/> <img loading=\"lazy\" decoding=\"async\" class=\"alignnone wp-image-9400 size-full\" src=\"http:\/\/www.maria-koenigin.de\/wordpress\/wp-content\/uploads\/2020\/07\/coronakunst03.jpg\" alt=\"\" width=\"650\" height=\"612\" srcset=\"http:\/\/www.maria-koenigin.de\/wordpress\/wp-content\/uploads\/2020\/07\/coronakunst03.jpg 650w, http:\/\/www.maria-koenigin.de\/wordpress\/wp-content\/uploads\/2020\/07\/coronakunst03-300x282.jpg 300w, http:\/\/www.maria-koenigin.de\/wordpress\/wp-content\/uploads\/2020\/07\/coronakunst03-624x588.jpg 624w\" sizes=\"auto, (max-width: 650px) 100vw, 650px\" \/><\/p>\n","protected":false},"excerpt":{"rendered":"<p>Mit ganz unterschiedlichen Aktionen haben Sch\u00fclerinnen und Sch\u00fcler des Gymnasiums Maria K\u00f6nigin die letzten Monate der Corona-Krise gestaltet. Kunstlehrerin Christina Kemper hatte dazu aufgerufen, sich im Rahmen des Kunstunterrichts mit Zeichnungen, Collagen, Bildern, Fotos, Texten und vielem mehr mit der ganz besonderen Situation auseinanderzusetzen. Neben vielen Bildern und Bildergeschichten hat<\/p>\n","protected":false},"author":1,"featured_media":0,"comment_status":"closed","ping_status":"closed","sticky":false,"template":"","format":"standard","meta":{"ngg_post_thumbnail":0,"footnotes":""},"categories":[4],"tags":[],"class_list":["post-9397","post","type-post","status-publish","format-standard","hentry","category-aktuelles"],"_links":{"self":[{"href":"http:\/\/www.maria-koenigin.de\/index.php?rest_route=\/wp\/v2\/posts\/9397","targetHints":{"allow":["GET"]}}],"collection":[{"href":"http:\/\/www.maria-koenigin.de\/index.php?rest_route=\/wp\/v2\/posts"}],"about":[{"href":"http:\/\/www.maria-koenigin.de\/index.php?rest_route=\/wp\/v2\/types\/post"}],"author":[{"embeddable":true,"href":"http:\/\/www.maria-koenigin.de\/index.php?rest_route=\/wp\/v2\/users\/1"}],"replies":[{"embeddable":true,"href":"http:\/\/www.maria-koenigin.de\/index.php?rest_route=%2Fwp%2Fv2%2Fcomments&post=9397"}],"version-history":[{"count":3,"href":"http:\/\/www.maria-koenigin.de\/index.php?rest_route=\/wp\/v2\/posts\/9397\/revisions"}],"predecessor-version":[{"id":9415,"href":"http:\/\/www.maria-koenigin.de\/index.php?rest_route=\/wp\/v2\/posts\/9397\/revisions\/9415"}],"wp:attachment":[{"href":"http:\/\/www.maria-koenigin.de\/index.php?rest_route=%2Fwp%2Fv2%2Fmedia&parent=9397"}],"wp:term":[{"taxonomy":"category","embeddable":true,"href":"http:\/\/www.maria-koenigin.de\/index.php?rest_route=%2Fwp%2Fv2%2Fcategories&post=9397"},{"taxonomy":"post_tag","embeddable":true,"href":"http:\/\/www.maria-koenigin.de\/index.php?rest_route=%2Fwp%2Fv2%2Ftags&post=9397"}],"curies":[{"name":"wp","href":"https:\/\/api.w.org\/{rel}","templated":true}]}}