{"id":9440,"date":"2020-08-11T10:47:40","date_gmt":"2020-08-11T08:47:40","guid":{"rendered":"http:\/\/www.maria-koenigin.de\/?p=9440"},"modified":"2020-08-11T18:47:49","modified_gmt":"2020-08-11T16:47:49","slug":"maria-koenigin-laechelt-auch-hinter-der-maske-und-auch-im-neuen-schuljahr","status":"publish","type":"post","link":"http:\/\/www.maria-koenigin.de\/?p=9440","title":{"rendered":"Maria K\u00f6nigin l\u00e4chelt \u2013 auch hinter der Maske  \u2013 und auch im neuen Schuljahr"},"content":{"rendered":"<p><img loading=\"lazy\" decoding=\"async\" class=\"alignnone size-full wp-image-9441\" src=\"http:\/\/www.maria-koenigin.de\/wordpress\/wp-content\/uploads\/2020\/08\/Begr\u00fc\u00dfungsvideo-1.jpg\" alt=\"\" width=\"640\" height=\"360\" srcset=\"http:\/\/www.maria-koenigin.de\/wordpress\/wp-content\/uploads\/2020\/08\/Begr\u00fc\u00dfungsvideo-1.jpg 640w, http:\/\/www.maria-koenigin.de\/wordpress\/wp-content\/uploads\/2020\/08\/Begr\u00fc\u00dfungsvideo-1-300x169.jpg 300w, http:\/\/www.maria-koenigin.de\/wordpress\/wp-content\/uploads\/2020\/08\/Begr\u00fc\u00dfungsvideo-1-624x351.jpg 624w\" sizes=\"auto, (max-width: 640px) 100vw, 640px\" \/><\/p>\n<p style=\"text-align: justify;\">Wir begr\u00fc\u00dfen alle Sch\u00fclerinnen und Sch\u00fcler herzlich zum Wiederbeginn des Unterrichts nach den Sommerferien. Wir freuen uns sehr, dass wir alle wieder gleichzeitig in die Schule kommen k\u00f6nnen.<\/p>\n<p style=\"text-align: justify;\">Mit dem Beginn des neuen Schuljahres gilt an allen Schulen und damit selbstverst\u00e4ndlich auch am Gymnasium Maria K\u00f6nigin die Maskenpflicht. Eine Mund-Nasen-Bedeckung ist von Sch\u00fclern und Lehrern zu tragen. Das gilt auch f\u00fcr die Hin- und R\u00fcckfahrt in den Schulbussen.\u00a0 Diese Regelung ist wichtig zur Vermeidung von Infektionen mit Covid 19 und wird daher von uns sehr ernst genommen. Wir wissen aber auch, dass dies eine Belastung f\u00fcr den Schulalltag sein wird.\u00a0 Wir werden als Schulgemeinde das Beste aus der Situation machen und die Freude an der Schule nicht verlieren.<\/p>\n<p style=\"text-align: justify;\">Weiterhin gilt das Motto von Schulleitung und SV aus dem letzten Schuljahr:<\/p>\n<p style=\"text-align: justify;\">Maria K\u00f6nigin l\u00e4chelt \u2013 auch hinter der Maske!<\/p>\n<p><img loading=\"lazy\" decoding=\"async\" class=\"alignnone size-full wp-image-9442\" src=\"http:\/\/www.maria-koenigin.de\/wordpress\/wp-content\/uploads\/2020\/08\/erster-Tag.png\" alt=\"\" width=\"650\" height=\"852\" srcset=\"http:\/\/www.maria-koenigin.de\/wordpress\/wp-content\/uploads\/2020\/08\/erster-Tag.png 650w, http:\/\/www.maria-koenigin.de\/wordpress\/wp-content\/uploads\/2020\/08\/erster-Tag-229x300.png 229w, http:\/\/www.maria-koenigin.de\/wordpress\/wp-content\/uploads\/2020\/08\/erster-Tag-624x818.png 624w\" sizes=\"auto, (max-width: 650px) 100vw, 650px\" \/><\/p>\n","protected":false},"excerpt":{"rendered":"<p>Wir begr\u00fc\u00dfen alle Sch\u00fclerinnen und Sch\u00fcler herzlich zum Wiederbeginn des Unterrichts nach den Sommerferien. Wir freuen uns sehr, dass wir alle wieder gleichzeitig in die Schule kommen k\u00f6nnen. Mit dem Beginn des neuen Schuljahres gilt an allen Schulen und damit selbstverst\u00e4ndlich auch am Gymnasium Maria K\u00f6nigin die Maskenpflicht. Eine Mund-Nasen-Bedeckung ist von Sch\u00fclern und Lehrern [&hellip;]<\/p>\n","protected":false},"author":8,"featured_media":0,"comment_status":"closed","ping_status":"closed","sticky":false,"template":"","format":"standard","meta":{"ngg_post_thumbnail":0,"footnotes":""},"categories":[4],"tags":[],"class_list":["post-9440","post","type-post","status-publish","format-standard","hentry","category-aktuelles"],"_links":{"self":[{"href":"http:\/\/www.maria-koenigin.de\/index.php?rest_route=\/wp\/v2\/posts\/9440","targetHints":{"allow":["GET"]}}],"collection":[{"href":"http:\/\/www.maria-koenigin.de\/index.php?rest_route=\/wp\/v2\/posts"}],"about":[{"href":"http:\/\/www.maria-koenigin.de\/index.php?rest_route=\/wp\/v2\/types\/post"}],"author":[{"embeddable":true,"href":"http:\/\/www.maria-koenigin.de\/index.php?rest_route=\/wp\/v2\/users\/8"}],"replies":[{"embeddable":true,"href":"http:\/\/www.maria-koenigin.de\/index.php?rest_route=%2Fwp%2Fv2%2Fcomments&post=9440"}],"version-history":[{"count":1,"href":"http:\/\/www.maria-koenigin.de\/index.php?rest_route=\/wp\/v2\/posts\/9440\/revisions"}],"predecessor-version":[{"id":9443,"href":"http:\/\/www.maria-koenigin.de\/index.php?rest_route=\/wp\/v2\/posts\/9440\/revisions\/9443"}],"wp:attachment":[{"href":"http:\/\/www.maria-koenigin.de\/index.php?rest_route=%2Fwp%2Fv2%2Fmedia&parent=9440"}],"wp:term":[{"taxonomy":"category","embeddable":true,"href":"http:\/\/www.maria-koenigin.de\/index.php?rest_route=%2Fwp%2Fv2%2Fcategories&post=9440"},{"taxonomy":"post_tag","embeddable":true,"href":"http:\/\/www.maria-koenigin.de\/index.php?rest_route=%2Fwp%2Fv2%2Ftags&post=9440"}],"curies":[{"name":"wp","href":"https:\/\/api.w.org\/{rel}","templated":true}]}}