{"id":9479,"date":"2020-08-30T10:19:13","date_gmt":"2020-08-30T08:19:13","guid":{"rendered":"http:\/\/www.maria-koenigin.de\/?p=9479"},"modified":"2020-08-30T10:57:57","modified_gmt":"2020-08-30T08:57:57","slug":"schuelerinnen-und-schueler-des-mk-pruefen-buergermeisterkandidaten-in-lennestadt-und-kirchhundem","status":"publish","type":"post","link":"http:\/\/www.maria-koenigin.de\/?p=9479","title":{"rendered":"Sch\u00fclerinnen und Sch\u00fcler des MK pr\u00fcfen B\u00fcrgermeisterkandidaten in Lennestadt und Kirchhundem"},"content":{"rendered":"<p style=\"text-align: justify;\"><img loading=\"lazy\" decoding=\"async\" class=\"alignnone size-full wp-image-9484\" src=\"http:\/\/www.maria-koenigin.de\/wordpress\/wp-content\/uploads\/2020\/08\/3-1.jpg\" alt=\"\" width=\"640\" height=\"427\" srcset=\"http:\/\/www.maria-koenigin.de\/wordpress\/wp-content\/uploads\/2020\/08\/3-1.jpg 640w, http:\/\/www.maria-koenigin.de\/wordpress\/wp-content\/uploads\/2020\/08\/3-1-300x200.jpg 300w, http:\/\/www.maria-koenigin.de\/wordpress\/wp-content\/uploads\/2020\/08\/3-1-624x416.jpg 624w\" sizes=\"auto, (max-width: 640px) 100vw, 640px\" \/><\/p>\n<p style=\"text-align: justify;\">Am 24. August 2020 stand die heimische Politik im Mittelpunkt der Jahrgangsstufen Q1 und Q2. Zu diesem Zweck stellten sich die B\u00fcrgermeisterkandidaten aus Lennestadt sowie Kirchhundem einer Podiumsdiskussion. Dabei duellierten sich <!--more-->die beiden Kirchhundemer Kandidaten Herr Reinery und Herr Jarosz im Konferenzraum, w\u00e4hrend die Kandidaten der Stadt Lennestadt Herr Puspas (CDU), Herr Sonntag (SPD), Herr Dr. Kaiser (Die Gr\u00fcnen\/B\u00fcndnis90) sowie Herr Prevorcic (Die Linke) in der Turnhalle aufeinander trafen. Frau Bauer (UWG) fiel leider krankheitsbedingt aus.<\/p>\n<p style=\"text-align: justify;\">Die Diskussion beinhaltete verschiedene Themengebiete und Fragestellungen, die zuvor im Sozialwissenschaftsunterricht vorbereitet worden waren. Jeder Kandidat erhielt zun\u00e4chst die Gelegenheit, zum jeweiligen Inhaltsfeld seine anvisierten Ziele und Ma\u00dfnahmen zu erl\u00e4utern, um anschlie\u00dfend die Pl\u00e4ne des Anderen kritisch kommentieren zu k\u00f6nnen. Durch den entstandenen Diskurs erhielten die Sch\u00fclerinnen und Sch\u00fcler Einsicht in eine politische Diskussionskultur.<\/p>\n<p><img loading=\"lazy\" decoding=\"async\" class=\"alignnone size-full wp-image-9480\" src=\"http:\/\/www.maria-koenigin.de\/wordpress\/wp-content\/uploads\/2020\/08\/1-1.jpg\" alt=\"\" width=\"640\" height=\"427\" srcset=\"http:\/\/www.maria-koenigin.de\/wordpress\/wp-content\/uploads\/2020\/08\/1-1.jpg 640w, http:\/\/www.maria-koenigin.de\/wordpress\/wp-content\/uploads\/2020\/08\/1-1-300x200.jpg 300w, http:\/\/www.maria-koenigin.de\/wordpress\/wp-content\/uploads\/2020\/08\/1-1-624x416.jpg 624w\" sizes=\"auto, (max-width: 640px) 100vw, 640px\" \/><\/p>\n<p style=\"text-align: justify;\">Besonders im Bereich der Bildung stellten die Sch\u00fclerinnen und Sch\u00fcler der Oberstufe viele Nachfragen. Direkt davon betroffen waren sie insofern, dass auch \u00fcber die Finanzierung der eigenen Schule gesprochen wurde und sich hier verschiedene Konfliktlinien er\u00f6ffneten. Auch wurde die kommunale Wirtschaft debattiert, die vor allem unter Coronabedingungen sehr stark gelitten habe. Ein weiterer Streitpunkt war hier, dass sich oftmals die Entwicklung der Wirtschaft und der Schutz der Umwelt entgegenstehen. Besonders in diesem Bereich wurden den Oberstufensch\u00fclerinnen und -sch\u00fclern die einzelnen politischen Ausrichtungen der Parteien transparent.<\/p>\n<p style=\"text-align: justify;\">Humorvoller und pers\u00f6nlicher wurde es dann in einer \u201elockeren Fragerunde\u201c, in welcher die Kandidaten diverse Satzanf\u00e4nge fortf\u00fchren mussten. Anschlie\u00dfend erhielten sie zwei Auswahlm\u00f6glichkeiten, zwischen denen sie sich schnell und spontan entscheiden mussten. Besonders die ausgew\u00e4hlte Option \u201eBier\u201c zur Frage \u201eBier oder Wein?\u201c entlockte dem ein oder anderen Zuschauer der Q1 und Q2 einen tosenden Applaus.<\/p>\n<p style=\"text-align: justify;\">In der abschlie\u00dfenden Runde, in welcher die Kandidaten nochmals zusammenfassend Werbung f\u00fcr sich machen durften, wurde jedoch ein wichtiger Punkt besonders herausgestellt: Politische Partizipation in Form der Kommunalwahl ist wichtig und sollte von jedem der anwesenden Sch\u00fclerinnen und Sch\u00fclern genutzt werden. Dies unterstrich auch ein Sch\u00fcler im Anschluss an die gelungene Veranstaltung: \u201eVorher wusste ich gar nicht, ob ich \u00fcberhaupt w\u00e4hlen soll. Jetzt schwanke ich noch zwischen zwei Kandidaten. Aber ein bisschen Zeit habe ich ja noch bis zur Wahl.\u201c.<\/p>\n<p style=\"text-align: right;\">Hanna Reuber<\/p>\n","protected":false},"excerpt":{"rendered":"<p>Am 24. August 2020 stand die heimische Politik im Mittelpunkt der Jahrgangsstufen Q1 und Q2. Zu diesem Zweck stellten sich die B\u00fcrgermeisterkandidaten aus Lennestadt sowie Kirchhundem einer Podiumsdiskussion. Dabei duellierten sich<\/p>\n","protected":false},"author":8,"featured_media":0,"comment_status":"closed","ping_status":"closed","sticky":false,"template":"","format":"standard","meta":{"ngg_post_thumbnail":0,"footnotes":""},"categories":[4],"tags":[],"class_list":["post-9479","post","type-post","status-publish","format-standard","hentry","category-aktuelles"],"_links":{"self":[{"href":"http:\/\/www.maria-koenigin.de\/index.php?rest_route=\/wp\/v2\/posts\/9479","targetHints":{"allow":["GET"]}}],"collection":[{"href":"http:\/\/www.maria-koenigin.de\/index.php?rest_route=\/wp\/v2\/posts"}],"about":[{"href":"http:\/\/www.maria-koenigin.de\/index.php?rest_route=\/wp\/v2\/types\/post"}],"author":[{"embeddable":true,"href":"http:\/\/www.maria-koenigin.de\/index.php?rest_route=\/wp\/v2\/users\/8"}],"replies":[{"embeddable":true,"href":"http:\/\/www.maria-koenigin.de\/index.php?rest_route=%2Fwp%2Fv2%2Fcomments&post=9479"}],"version-history":[{"count":4,"href":"http:\/\/www.maria-koenigin.de\/index.php?rest_route=\/wp\/v2\/posts\/9479\/revisions"}],"predecessor-version":[{"id":9486,"href":"http:\/\/www.maria-koenigin.de\/index.php?rest_route=\/wp\/v2\/posts\/9479\/revisions\/9486"}],"wp:attachment":[{"href":"http:\/\/www.maria-koenigin.de\/index.php?rest_route=%2Fwp%2Fv2%2Fmedia&parent=9479"}],"wp:term":[{"taxonomy":"category","embeddable":true,"href":"http:\/\/www.maria-koenigin.de\/index.php?rest_route=%2Fwp%2Fv2%2Fcategories&post=9479"},{"taxonomy":"post_tag","embeddable":true,"href":"http:\/\/www.maria-koenigin.de\/index.php?rest_route=%2Fwp%2Fv2%2Ftags&post=9479"}],"curies":[{"name":"wp","href":"https:\/\/api.w.org\/{rel}","templated":true}]}}