{"id":9499,"date":"2020-09-05T15:36:24","date_gmt":"2020-09-05T13:36:24","guid":{"rendered":"http:\/\/www.maria-koenigin.de\/?p=9499"},"modified":"2020-09-05T15:38:22","modified_gmt":"2020-09-05T13:38:22","slug":"viel-spass-bei-den-kennenlerntagen-trotz-maske","status":"publish","type":"post","link":"http:\/\/www.maria-koenigin.de\/?p=9499","title":{"rendered":"Viel Spa\u00df bei den Kennenlerntagen trotz Maske"},"content":{"rendered":"<p><img loading=\"lazy\" decoding=\"async\" class=\"alignnone size-large wp-image-9503\" src=\"http:\/\/www.maria-koenigin.de\/wordpress\/wp-content\/uploads\/2020\/09\/K4.jpg\" alt=\"\" width=\"625\" height=\"469\" srcset=\"http:\/\/www.maria-koenigin.de\/wordpress\/wp-content\/uploads\/2020\/09\/K4.jpg 640w, http:\/\/www.maria-koenigin.de\/wordpress\/wp-content\/uploads\/2020\/09\/K4-300x225.jpg 300w, http:\/\/www.maria-koenigin.de\/wordpress\/wp-content\/uploads\/2020\/09\/K4-624x468.jpg 624w\" sizes=\"auto, (max-width: 625px) 100vw, 625px\" \/><\/p>\n<p style=\"background: white; vertical-align: baseline; text-align: justify;\"><span style=\"font-size: 10.5pt; font-family: 'Helvetica','sans-serif'; color: #444444;\">Zum zweiten Mal fanden die Kennenlerntage f\u00fcr die neuen F\u00fcnfer bei unseren Nachbarn im\u00a0<span id=\"more-8732\"><\/span>Jugendhof der Pallottiner statt. Dort wurde viel gespielt, aber auch ernsthaft gearbeitet, zusammen gegessen und getrunken, viel gelacht und wenig geschlafen. A<\/span><span style=\"font-size: 10.5pt; font-family: 'Helvetica','sans-serif'; color: #444444;\">ll das, um den Sch\u00fclerinnen und Sch\u00fclern den Anfang an MK ein wenig zu erleichtern, sich besser kennenzulernen, Klassenregeln zu erstellen und den Zusammenhalt zu st\u00e4rken. Dass dabei bis auf einzelne Phasen au\u00dferhalb des Jugendhofs mit Abstand eine Mund-Nasen-Bedeckung getragen wurde, st\u00f6rte kaum, denn ein L\u00e4cheln erkennt man auch hinter der Maske!<\/span><!--more--><\/p>\n<p style=\"background: white; vertical-align: baseline; text-align: justify;\"><span style=\"font-size: 10.5pt; font-family: 'Helvetica','sans-serif'; color: #444444;\"><img loading=\"lazy\" decoding=\"async\" class=\"alignnone size-full wp-image-9501\" src=\"http:\/\/www.maria-koenigin.de\/wordpress\/wp-content\/uploads\/2020\/09\/K2.jpg\" alt=\"\" width=\"640\" height=\"480\" srcset=\"http:\/\/www.maria-koenigin.de\/wordpress\/wp-content\/uploads\/2020\/09\/K2.jpg 640w, http:\/\/www.maria-koenigin.de\/wordpress\/wp-content\/uploads\/2020\/09\/K2-300x225.jpg 300w, http:\/\/www.maria-koenigin.de\/wordpress\/wp-content\/uploads\/2020\/09\/K2-624x468.jpg 624w\" sizes=\"auto, (max-width: 640px) 100vw, 640px\" \/><\/span><\/p>\n<p style=\"background: white; vertical-align: baseline; text-align: justify;\"><span style=\"font-size: 10.5pt; font-family: 'Helvetica','sans-serif'; color: #444444;\">Das Team des Jugendhofes wurde dabei tatkr\u00e4ftig unterst\u00fctzt von Frau Geuecke, den Klassenpatinnen sowie den vier Klassenlehrerinnen und -lehrern, sodass das ganze Projekt ein gelungener Einstieg in eine hoffentlich gute Zeit am Gymnasium Maria K\u00f6nigin war.<\/span><\/p>\n<p style=\"text-align: justify; background: white; vertical-align: baseline;\"><span style=\"font-size: 10.5pt; font-family: 'Helvetica','sans-serif'; color: #444444;\">Vielen Dank an den Jugendhof f\u00fcr die sch\u00f6nen R\u00e4umlichkeiten, das leckere Essen und die p\u00e4dagogische Betreuung.<\/span><\/p>\n<p><span style=\"font-size: 10.5pt; font-family: 'Helvetica','sans-serif'; color: #444444;\"><img loading=\"lazy\" decoding=\"async\" class=\"alignnone size-full wp-image-9500\" src=\"http:\/\/www.maria-koenigin.de\/wordpress\/wp-content\/uploads\/2020\/09\/K1.jpg\" alt=\"\" width=\"640\" height=\"480\" srcset=\"http:\/\/www.maria-koenigin.de\/wordpress\/wp-content\/uploads\/2020\/09\/K1.jpg 640w, http:\/\/www.maria-koenigin.de\/wordpress\/wp-content\/uploads\/2020\/09\/K1-300x225.jpg 300w, http:\/\/www.maria-koenigin.de\/wordpress\/wp-content\/uploads\/2020\/09\/K1-624x468.jpg 624w\" sizes=\"auto, (max-width: 640px) 100vw, 640px\" \/><\/span><img loading=\"lazy\" decoding=\"async\" class=\"alignnone size-full wp-image-9502\" src=\"http:\/\/www.maria-koenigin.de\/wordpress\/wp-content\/uploads\/2020\/09\/K3.jpg\" alt=\"\" width=\"640\" height=\"853\" srcset=\"http:\/\/www.maria-koenigin.de\/wordpress\/wp-content\/uploads\/2020\/09\/K3.jpg 640w, http:\/\/www.maria-koenigin.de\/wordpress\/wp-content\/uploads\/2020\/09\/K3-225x300.jpg 225w, http:\/\/www.maria-koenigin.de\/wordpress\/wp-content\/uploads\/2020\/09\/K3-624x832.jpg 624w\" sizes=\"auto, (max-width: 640px) 100vw, 640px\" \/><\/p>\n","protected":false},"excerpt":{"rendered":"<p>Zum zweiten Mal fanden die Kennenlerntage f\u00fcr die neuen F\u00fcnfer bei unseren Nachbarn im\u00a0Jugendhof der Pallottiner statt. Dort wurde viel gespielt, aber auch ernsthaft gearbeitet, zusammen gegessen und getrunken, viel gelacht und wenig geschlafen. All das, um den Sch\u00fclerinnen und Sch\u00fclern den Anfang an MK ein wenig zu erleichtern, sich besser kennenzulernen, Klassenregeln zu erstellen [&hellip;]<\/p>\n","protected":false},"author":8,"featured_media":0,"comment_status":"closed","ping_status":"closed","sticky":false,"template":"","format":"standard","meta":{"ngg_post_thumbnail":0,"footnotes":""},"categories":[4],"tags":[],"class_list":["post-9499","post","type-post","status-publish","format-standard","hentry","category-aktuelles"],"_links":{"self":[{"href":"http:\/\/www.maria-koenigin.de\/index.php?rest_route=\/wp\/v2\/posts\/9499","targetHints":{"allow":["GET"]}}],"collection":[{"href":"http:\/\/www.maria-koenigin.de\/index.php?rest_route=\/wp\/v2\/posts"}],"about":[{"href":"http:\/\/www.maria-koenigin.de\/index.php?rest_route=\/wp\/v2\/types\/post"}],"author":[{"embeddable":true,"href":"http:\/\/www.maria-koenigin.de\/index.php?rest_route=\/wp\/v2\/users\/8"}],"replies":[{"embeddable":true,"href":"http:\/\/www.maria-koenigin.de\/index.php?rest_route=%2Fwp%2Fv2%2Fcomments&post=9499"}],"version-history":[{"count":4,"href":"http:\/\/www.maria-koenigin.de\/index.php?rest_route=\/wp\/v2\/posts\/9499\/revisions"}],"predecessor-version":[{"id":9507,"href":"http:\/\/www.maria-koenigin.de\/index.php?rest_route=\/wp\/v2\/posts\/9499\/revisions\/9507"}],"wp:attachment":[{"href":"http:\/\/www.maria-koenigin.de\/index.php?rest_route=%2Fwp%2Fv2%2Fmedia&parent=9499"}],"wp:term":[{"taxonomy":"category","embeddable":true,"href":"http:\/\/www.maria-koenigin.de\/index.php?rest_route=%2Fwp%2Fv2%2Fcategories&post=9499"},{"taxonomy":"post_tag","embeddable":true,"href":"http:\/\/www.maria-koenigin.de\/index.php?rest_route=%2Fwp%2Fv2%2Ftags&post=9499"}],"curies":[{"name":"wp","href":"https:\/\/api.w.org\/{rel}","templated":true}]}}