{"id":9511,"date":"2020-09-24T16:45:49","date_gmt":"2020-09-24T14:45:49","guid":{"rendered":"http:\/\/www.maria-koenigin.de\/?p=9511"},"modified":"2020-09-24T16:45:49","modified_gmt":"2020-09-24T14:45:49","slug":"gymnasium-maria-koenigin-als-mint-freundliche-schule-ausgezeichnet","status":"publish","type":"post","link":"http:\/\/www.maria-koenigin.de\/?p=9511","title":{"rendered":"Gymnasium Maria K\u00f6nigin als MINT-freundliche Schule ausgezeichnet"},"content":{"rendered":"<p><img loading=\"lazy\" decoding=\"async\" class=\"alignnone size-full wp-image-9512\" src=\"http:\/\/www.maria-koenigin.de\/wordpress\/wp-content\/uploads\/2020\/09\/mintfreundlich_2020.jpg\" alt=\"\" width=\"650\" height=\"372\" srcset=\"http:\/\/www.maria-koenigin.de\/wordpress\/wp-content\/uploads\/2020\/09\/mintfreundlich_2020.jpg 650w, http:\/\/www.maria-koenigin.de\/wordpress\/wp-content\/uploads\/2020\/09\/mintfreundlich_2020-300x172.jpg 300w, http:\/\/www.maria-koenigin.de\/wordpress\/wp-content\/uploads\/2020\/09\/mintfreundlich_2020-624x357.jpg 624w\" sizes=\"auto, (max-width: 650px) 100vw, 650px\" \/><\/p>\n<p style=\"text-align: justify;\">Das Gymnasium Maria K\u00f6nigin aus Lennestadt ist zu Beginn des aktuellen Schuljahres als MINT-freundliche Schule ausgezeichnet worden.<\/p>\n<p style=\"text-align: justify;\">Der Auszeichnung geht ein bundesweit einheitlicher Bewerbungsprozess voran, in dem die Schule in 14 Kategorien gezeigt hat, dass sie in den so genannten <!--more-->MINT-F\u00e4chern (Mathematik, Informatik, Naturwissenschaft und Technik) \u00fcber das normale unterrichtliche Angebot hinaus besondere Schwerpunkte setzt. Die Vergabe erfolgt durch die Initiative \u201eMINT Zukunft schaffen\u201c mit ihren bundesweiten Vertretern aus den Landesarbeitgebervereinigungen und den Bildungswerken der Wirtschaft sowie der Kultusministerkonferenz.<\/p>\n<p style=\"text-align: justify;\">Schulleiter Fabian Borys freut sich \u00fcber die Ehrung und lobt das Engagement aller Mitwirkenden. \u201eAuch diese Auszeichnung ist das Produkt einer fruchtbaren Zusammenarbeit unserer Schulgemeinde. Kolleginnen und Kollegen, die sich besonders engagieren und au\u00dferunterrichtliche Projekte anbieten, Sch\u00fclerinnen und Sch\u00fcler, die Ideen an uns herantragen und selbst AGs initiieren, sowie die Unterst\u00fctzung durch die Elternschaft bei Exkursionen oder der Bereitstellung von besonderen Lernorten.\u201c<\/p>\n<p style=\"text-align: justify;\">Dar\u00fcber hinaus wird das Gymnasium Maria K\u00f6nigin auch von zahlreichen au\u00dferschulischen Partnern unterst\u00fctzt. Das Zusammenspiel der einzelnen Beteiligten wird insbesondere im Wahlpflichtfach \u201eJunior-Ingenieur-Akademie\u201c der Mittelstufe und dem Projektkurs Informatik f\u00fcr die Oberstufe deutlich. \u201eWir kooperieren beispielsweise mit der Lehrwerkstatt Attendorn und der Universit\u00e4t Siegen, sodass die Sch\u00fclerinnen und Sch\u00fcler in mehrw\u00f6chigen Projektphasen vor Ort praktisch arbeiten k\u00f6nnen. Au\u00dferdem werden wir von der Firma Sontec aus Elspe im Bereich Projektmanagement unterst\u00fctzt\u201c, f\u00fchrt Fachlehrer Matthias Walter aus.<\/p>\n<p style=\"text-align: justify;\">Doch auch das Schulgel\u00e4nde selbst bietet mit Schulteich, Naturlehrpfad und Streuobstwiese viele M\u00f6glichkeiten zur naturwissenschaftlichen Forschung vor der sauerl\u00e4ndischen Haust\u00fcr. Die gute Ausstattung der Fachr\u00e4ume erm\u00f6glicht Recherche, Analyse und Auswertung direkt vor Ort.<\/p>\n<p style=\"text-align: justify;\">Auch der Schultr\u00e4ger lobt und unterst\u00fctzt das Engagement. So wurde in den Sommerferien ein Informatikraum komplett modernisiert, Laptops und Tablets angeschafft und der bereits im Jahr 2017 gelegte Glasfaseranschluss auf 1 Gigabit erh\u00f6ht.<\/p>\n<p style=\"text-align: justify;\">Aufgrund der Corona-Pandemie fand die Auszeichnung k\u00fcrzlich im Rahmen einer virtuellen Verleihung statt, bei der neben dem Gymnasium Maria K\u00f6nigin auch noch 34 weitere Schulen aus NRW in den Kreis der MINT-freundlichen Schulen aufgenommen wurden. In einer Videobotschaft dankt Yvonne Gebauer, Ministerin f\u00fcr Schule und Bildung, den engagierten Schulen: \u201eEin guter MINT-Unterricht und eine zeitgem\u00e4\u00dfe Medienbildung im Kontext der Digitalisierung legen den Grundstein daf\u00fcr, dass sich Jugendliche f\u00fcr Mathematik, f\u00fcr Informatik, Naturwissenschaften und Technik begeistern und eine Ausbildung oder ein Studium in diesen Disziplinen anstreben. Die St\u00e4rkung der MINT-Kompetenzen leistet damit einen wichtigen Beitrag, Zukunftsperspektiven zu schaffen sowie den Wirtschafts- und Wissenschaftsstandort Nordrhein-Westfalen zu st\u00e4rken.\u201c<\/p>\n","protected":false},"excerpt":{"rendered":"<p>Das Gymnasium Maria K\u00f6nigin aus Lennestadt ist zu Beginn des aktuellen Schuljahres als MINT-freundliche Schule ausgezeichnet worden. Der Auszeichnung geht ein bundesweit einheitlicher Bewerbungsprozess voran, in dem die Schule in 14 Kategorien gezeigt hat, dass sie in den so genannten<\/p>\n","protected":false},"author":1,"featured_media":0,"comment_status":"closed","ping_status":"closed","sticky":false,"template":"","format":"standard","meta":{"ngg_post_thumbnail":0,"footnotes":""},"categories":[4],"tags":[],"class_list":["post-9511","post","type-post","status-publish","format-standard","hentry","category-aktuelles"],"_links":{"self":[{"href":"http:\/\/www.maria-koenigin.de\/index.php?rest_route=\/wp\/v2\/posts\/9511","targetHints":{"allow":["GET"]}}],"collection":[{"href":"http:\/\/www.maria-koenigin.de\/index.php?rest_route=\/wp\/v2\/posts"}],"about":[{"href":"http:\/\/www.maria-koenigin.de\/index.php?rest_route=\/wp\/v2\/types\/post"}],"author":[{"embeddable":true,"href":"http:\/\/www.maria-koenigin.de\/index.php?rest_route=\/wp\/v2\/users\/1"}],"replies":[{"embeddable":true,"href":"http:\/\/www.maria-koenigin.de\/index.php?rest_route=%2Fwp%2Fv2%2Fcomments&post=9511"}],"version-history":[{"count":1,"href":"http:\/\/www.maria-koenigin.de\/index.php?rest_route=\/wp\/v2\/posts\/9511\/revisions"}],"predecessor-version":[{"id":9513,"href":"http:\/\/www.maria-koenigin.de\/index.php?rest_route=\/wp\/v2\/posts\/9511\/revisions\/9513"}],"wp:attachment":[{"href":"http:\/\/www.maria-koenigin.de\/index.php?rest_route=%2Fwp%2Fv2%2Fmedia&parent=9511"}],"wp:term":[{"taxonomy":"category","embeddable":true,"href":"http:\/\/www.maria-koenigin.de\/index.php?rest_route=%2Fwp%2Fv2%2Fcategories&post=9511"},{"taxonomy":"post_tag","embeddable":true,"href":"http:\/\/www.maria-koenigin.de\/index.php?rest_route=%2Fwp%2Fv2%2Ftags&post=9511"}],"curies":[{"name":"wp","href":"https:\/\/api.w.org\/{rel}","templated":true}]}}