{"id":9528,"date":"2020-10-18T14:40:17","date_gmt":"2020-10-18T12:40:17","guid":{"rendered":"http:\/\/www.maria-koenigin.de\/?p=9528"},"modified":"2020-10-18T14:40:17","modified_gmt":"2020-10-18T12:40:17","slug":"wo-ist-mein-huhn-ideale-bedingungen-zum-kennenlernen-in-bad-fredeburg","status":"publish","type":"post","link":"http:\/\/www.maria-koenigin.de\/?p=9528","title":{"rendered":"\u201eWo ist mein Huhn?\u201c &#8211; Ideale Bedingungen zum Kennenlernen in Bad Fredeburg"},"content":{"rendered":"<p style=\"text-align: justify;\"><img loading=\"lazy\" decoding=\"async\" class=\"alignnone size-full wp-image-9529\" src=\"http:\/\/www.maria-koenigin.de\/wordpress\/wp-content\/uploads\/2020\/10\/3.jpg\" alt=\"\" width=\"640\" height=\"427\" srcset=\"http:\/\/www.maria-koenigin.de\/wordpress\/wp-content\/uploads\/2020\/10\/3.jpg 640w, http:\/\/www.maria-koenigin.de\/wordpress\/wp-content\/uploads\/2020\/10\/3-300x200.jpg 300w, http:\/\/www.maria-koenigin.de\/wordpress\/wp-content\/uploads\/2020\/10\/3-624x416.jpg 624w\" sizes=\"auto, (max-width: 640px) 100vw, 640px\" \/><\/p>\n<p style=\"text-align: justify;\">Alle neunzig Sch\u00fclerinnen und Sch\u00fcler der Jahrgangsstufe EF nahmen in diesem Jahr an den Tagen der Orientierung in Bad Fredeburg teil. Zum zweiten Mal waren wir in der dortigen Musikakademie zu Gast und auch unter Corona-Bedingungen erwies <!--more-->sich das Haus als idealer Ort f\u00fcr Kennenlernen, Gespr\u00e4che \u00fcber Lebensthemen und kooperative Spiele und Methoden.<\/p>\n<p style=\"text-align: justify;\">Zum Konzept der Orientierungstage geh\u00f6rt das Team aus ehemaligen MK\u2018lern genauso wie eine Mischung aus Gespr\u00e4chs- und Freizeitangeboten. Die ehemaligen Sch\u00fclerinnen und Sch\u00fcler waren auch in diesem Jahr wieder mit gro\u00dfer Begeisterung dabei und sind mit ihren unterschiedlichen Erfahrungen aus Studium, Auslandsaufenthalten und interessanten Hobbies auch gefragte Gespr\u00e4chspartner f\u00fcr die Sch\u00fcler, wenn es um die Orientierung f\u00fcr ihre Zukunft geht.<\/p>\n<p style=\"text-align: justify;\"><img loading=\"lazy\" decoding=\"async\" class=\"alignnone size-full wp-image-9530\" src=\"http:\/\/www.maria-koenigin.de\/wordpress\/wp-content\/uploads\/2020\/10\/2.jpg\" alt=\"\" width=\"640\" height=\"427\" srcset=\"http:\/\/www.maria-koenigin.de\/wordpress\/wp-content\/uploads\/2020\/10\/2.jpg 640w, http:\/\/www.maria-koenigin.de\/wordpress\/wp-content\/uploads\/2020\/10\/2-300x200.jpg 300w, http:\/\/www.maria-koenigin.de\/wordpress\/wp-content\/uploads\/2020\/10\/2-624x416.jpg 624w\" sizes=\"auto, (max-width: 640px) 100vw, 640px\" \/><\/p>\n<p style=\"text-align: justify;\">Von besonderer Bedeutung waren die Orientierungstage f\u00fcr die elf Seiteneinsteiger, die sp\u00e4testens nach den vier Tagen von Bad Fredeburg an der neuen Schule und in der Jahrgangsstufe angekommen sind. Eine Auswertung der Tage ergab eine sehr gro\u00dfe Zufriedenheit der Sch\u00fclerinnen und Sch\u00fcler mit dem Programm, den Freizeitangeboten und dem Haus.<\/p>\n<p style=\"text-align: justify;\">Ihre Eindr\u00fccke von den Orientierungstagen haben die beiden Sch\u00fclerinnen Nele Reuter und Leoni Baier festgehalten:\u00a0\u201eWichtig war in diesem Jahr bei den Orientierungstagen, dass die Musikakademie Bad Fredeburg ein passendes Hygienekonzept und gen\u00fcgend Platz f\u00fcr die Corona-Ma\u00dfnahmen bietet.<\/p>\n<div id=\"attachment_9531\" style=\"width: 650px\" class=\"wp-caption alignnone\"><img loading=\"lazy\" decoding=\"async\" aria-describedby=\"caption-attachment-9531\" class=\"wp-image-9531 size-full\" src=\"http:\/\/www.maria-koenigin.de\/wordpress\/wp-content\/uploads\/2020\/10\/1.jpg\" alt=\"\" width=\"640\" height=\"427\" srcset=\"http:\/\/www.maria-koenigin.de\/wordpress\/wp-content\/uploads\/2020\/10\/1.jpg 640w, http:\/\/www.maria-koenigin.de\/wordpress\/wp-content\/uploads\/2020\/10\/1-300x200.jpg 300w, http:\/\/www.maria-koenigin.de\/wordpress\/wp-content\/uploads\/2020\/10\/1-624x416.jpg 624w\" sizes=\"auto, (max-width: 640px) 100vw, 640px\" \/><p id=\"caption-attachment-9531\" class=\"wp-caption-text\">Alle neunzig Sch\u00fclerinnen und Sch\u00fclern gestalteten ein gemeinsames Bild. (Foto: Bertels)<\/p><\/div>\n<p style=\"text-align: justify;\">Das Highlight der Orientierungstage war f\u00fcr uns die gruselige Nachwanderung. Dort wurden wir von den Teamern und Teamerinnen erschreckt, was aber viel Spa\u00df gemacht hat. Unter anderem waren die Teamer verkleidet und konnten uns somit \u00fcberraschen. Eine andere Gruselstation war der Gitarrenspieler, der uns mit pl\u00f6tzlicher Musik Angst eingejagt hat.<\/p>\n<p style=\"text-align: justify;\"><img loading=\"lazy\" decoding=\"async\" class=\"alignnone size-full wp-image-9532\" src=\"http:\/\/www.maria-koenigin.de\/wordpress\/wp-content\/uploads\/2020\/10\/4.jpg\" alt=\"\" width=\"640\" height=\"427\" srcset=\"http:\/\/www.maria-koenigin.de\/wordpress\/wp-content\/uploads\/2020\/10\/4.jpg 640w, http:\/\/www.maria-koenigin.de\/wordpress\/wp-content\/uploads\/2020\/10\/4-300x200.jpg 300w, http:\/\/www.maria-koenigin.de\/wordpress\/wp-content\/uploads\/2020\/10\/4-624x416.jpg 624w\" sizes=\"auto, (max-width: 640px) 100vw, 640px\" \/><\/p>\n<p style=\"text-align: justify;\">Die Gruppengespr\u00e4che und gemeinsamen Aktivit\u00e4ten haben dazu beigetragen, dass wir uns besser kennenlernen und unsere Gemeinschaft st\u00e4rken konnten. Jeden Morgen kamen wir p\u00fcnktlich zum Fr\u00fchst\u00fcck, da wir durch das tolle Fichtls Lied geweckt wurden und somit keinen eigenen Wecker brauchten. Auch die Seiteneinsteiger waren begeistert von den Orientierungstagen, da sie sich gut in die Gemeinschaft einbringen konnten und neue Freunde gefunden haben. In unseren Gruppen haben wir verschiedene Themen besprochen. Wir durften uns die Themen selbst aussuchen, unter anderem wurden LSF (Das steht nicht f\u00fcr den Lichtschutzfaktor, sondern f\u00fcr Liebe, Sexualit\u00e4t und Freundschaft), Zukunft, Sucht und andere Themen besprochen. Zu den Themen haben wir verschiedene Spiele, wie \u201eWo ist mein Huhn?\u201c, Fragerunden und andere Methoden gemacht, die intensive Gespr\u00e4che angesto\u00dfen haben.<\/p>\n<p style=\"text-align: justify;\"><em>Nele Reuter und Leoni Baier\u00a0 <\/em><\/p>\n","protected":false},"excerpt":{"rendered":"<p>Alle neunzig Sch\u00fclerinnen und Sch\u00fcler der Jahrgangsstufe EF nahmen in diesem Jahr an den Tagen der Orientierung in Bad Fredeburg teil. Zum zweiten Mal waren wir in der dortigen Musikakademie zu Gast und auch unter Corona-Bedingungen erwies<\/p>\n","protected":false},"author":8,"featured_media":0,"comment_status":"closed","ping_status":"closed","sticky":false,"template":"","format":"standard","meta":{"ngg_post_thumbnail":0,"footnotes":""},"categories":[4],"tags":[],"class_list":["post-9528","post","type-post","status-publish","format-standard","hentry","category-aktuelles"],"_links":{"self":[{"href":"http:\/\/www.maria-koenigin.de\/index.php?rest_route=\/wp\/v2\/posts\/9528","targetHints":{"allow":["GET"]}}],"collection":[{"href":"http:\/\/www.maria-koenigin.de\/index.php?rest_route=\/wp\/v2\/posts"}],"about":[{"href":"http:\/\/www.maria-koenigin.de\/index.php?rest_route=\/wp\/v2\/types\/post"}],"author":[{"embeddable":true,"href":"http:\/\/www.maria-koenigin.de\/index.php?rest_route=\/wp\/v2\/users\/8"}],"replies":[{"embeddable":true,"href":"http:\/\/www.maria-koenigin.de\/index.php?rest_route=%2Fwp%2Fv2%2Fcomments&post=9528"}],"version-history":[{"count":1,"href":"http:\/\/www.maria-koenigin.de\/index.php?rest_route=\/wp\/v2\/posts\/9528\/revisions"}],"predecessor-version":[{"id":9533,"href":"http:\/\/www.maria-koenigin.de\/index.php?rest_route=\/wp\/v2\/posts\/9528\/revisions\/9533"}],"wp:attachment":[{"href":"http:\/\/www.maria-koenigin.de\/index.php?rest_route=%2Fwp%2Fv2%2Fmedia&parent=9528"}],"wp:term":[{"taxonomy":"category","embeddable":true,"href":"http:\/\/www.maria-koenigin.de\/index.php?rest_route=%2Fwp%2Fv2%2Fcategories&post=9528"},{"taxonomy":"post_tag","embeddable":true,"href":"http:\/\/www.maria-koenigin.de\/index.php?rest_route=%2Fwp%2Fv2%2Ftags&post=9528"}],"curies":[{"name":"wp","href":"https:\/\/api.w.org\/{rel}","templated":true}]}}