{"id":9536,"date":"2020-10-24T11:13:18","date_gmt":"2020-10-24T09:13:18","guid":{"rendered":"http:\/\/www.maria-koenigin.de\/?p=9536"},"modified":"2020-10-24T22:11:35","modified_gmt":"2020-10-24T20:11:35","slug":"gesundheit-schuetzen-und-praesensunterricht-ermoeglichen-wdr-berichtet-ueber-vorbereitungen-auf-den-schulwiederbeginn","status":"publish","type":"post","link":"http:\/\/www.maria-koenigin.de\/?p=9536","title":{"rendered":"Gesundheit sch\u00fctzen und Pr\u00e4senzunterricht erm\u00f6glichen  &#8211;  WDR berichtet \u00fcber Vorbereitungen auf den Schulwiederbeginn"},"content":{"rendered":"<p><img loading=\"lazy\" decoding=\"async\" class=\"alignnone size-full wp-image-9542\" src=\"http:\/\/www.maria-koenigin.de\/wordpress\/wp-content\/uploads\/2020\/10\/video_1_20.jpg\" alt=\"\" width=\"650\" height=\"488\" srcset=\"http:\/\/www.maria-koenigin.de\/wordpress\/wp-content\/uploads\/2020\/10\/video_1_20.jpg 650w, http:\/\/www.maria-koenigin.de\/wordpress\/wp-content\/uploads\/2020\/10\/video_1_20-300x225.jpg 300w, http:\/\/www.maria-koenigin.de\/wordpress\/wp-content\/uploads\/2020\/10\/video_1_20-624x468.jpg 624w\" sizes=\"auto, (max-width: 650px) 100vw, 650px\" \/><\/p>\n<p style=\"text-align: justify;\"><span style=\"font-size: 1rem;\">Der WDR hat in der Lokalzeit S\u00fcdwestfalen und im Radioprogramm \u00fcber die Vorbereitungen unserer Schule zum Wiederbeginn des Unterrichts nach den Herbstferien berichtet. &nbsp;Der Bericht der Lokalzeit ist unter folgendem Link zu sehen: <\/span><a dir=\"ltr\" style=\"font-size: 1rem;\" href=\"https:\/\/www1.wdr.de\/mediathek\/video\/sendungen\/lokalzeit-suedwestfalen\/video-lokalzeit-suedwestfalen---826.html\" target=\"_blank\" rel=\"noopener noreferrer\">https:\/\/www1.wdr.de\/mediathek\/video\/sendungen\/lokalzeit-suedwestfalen\/video-lokalzeit-suedwestfalen&#8212;826.html<\/a><br \/>\n<!--more--><\/p>\n<p style=\"text-align: justify;\">\u201eWir wollen alles tun, um die Gesundheit unserer Schulgemeinde zu erhalten und den allt\u00e4glichen Pr\u00e4senzunterricht zu erm\u00f6glichen,\u201c erkl\u00e4rt Schulleiter Fabian Borys die wichtigsten Ziele der Vorbereitungen.<\/p>\n<p style=\"text-align: justify;\">Um dies zu erreichen, wurden verschiedene organisatorische Ma\u00dfnahmen \u00fcberlegt, die in einem Elternbrief erl\u00e4utert werden.<\/p>\n<p style=\"text-align: justify;\">Aufgrund der momentanen pandemischen Situation im Kreis Olpe mit einem stark steigenden Inzidenzwert von weit \u00fcber 50 wird es am Gymnasium Maria K\u00f6nigin u.a. bis Weihnachten keine jahrgangstufen\u00fcbergreifenden, au\u00dferunterrichtlichen Veranstaltungen oder Angebote f\u00fcr externe G\u00e4ste geben. &nbsp;Damit folgt Maria K\u00f6nigin den Empfehlungen des Robert-Koch-Institutes.<\/p>\n<p style=\"text-align: justify;\">Auch der Informationsabend f\u00fcr Real-, Haupt-, Sekundar- und Gesamtsch\u00fcler, der f\u00fcr Mittwoch, den 11. November geplant war, muss leider entfallen. Wir bieten stattdessen f\u00fcr interessierte Sch\u00fcler und ihre Eltern die M\u00f6glichkeit zur individuellen Beratung an. &nbsp;Die Sch\u00fclerinnen und Sch\u00fcler beziehungsweise deren Eltern k\u00f6nnen sich telefonisch unter 02723 68780 oder per E-Mail unter <a href=\"mailto:sekretariat@maria-koenigin.de\"><span class=\"s3\">sekretariat@maria-koenigin.de<\/span><\/a> &nbsp;melden, um individuelle Beratungstermine zu vereinbaren.<\/p>\n<p style=\"text-align: justify;\">Die Corona-Pandemie hat auch Auswirkungen auf den Elternsprechtag am 5. und 10. November. Dieser findet telefonisch statt.<\/p>\n","protected":false},"excerpt":{"rendered":"<p>Der WDR hat in der Lokalzeit S\u00fcdwestfalen und im Radioprogramm \u00fcber die Vorbereitungen unserer Schule zum Wiederbeginn des Unterrichts nach den Herbstferien berichtet. &nbsp;Der Bericht der Lokalzeit ist unter folgendem Link zu sehen: https:\/\/www1.wdr.de\/mediathek\/video\/sendungen\/lokalzeit-suedwestfalen\/video-lokalzeit-suedwestfalen&#8212;826.html<\/p>\n","protected":false},"author":8,"featured_media":0,"comment_status":"closed","ping_status":"closed","sticky":false,"template":"","format":"standard","meta":{"ngg_post_thumbnail":0,"footnotes":""},"categories":[4],"tags":[],"class_list":["post-9536","post","type-post","status-publish","format-standard","hentry","category-aktuelles"],"_links":{"self":[{"href":"http:\/\/www.maria-koenigin.de\/index.php?rest_route=\/wp\/v2\/posts\/9536","targetHints":{"allow":["GET"]}}],"collection":[{"href":"http:\/\/www.maria-koenigin.de\/index.php?rest_route=\/wp\/v2\/posts"}],"about":[{"href":"http:\/\/www.maria-koenigin.de\/index.php?rest_route=\/wp\/v2\/types\/post"}],"author":[{"embeddable":true,"href":"http:\/\/www.maria-koenigin.de\/index.php?rest_route=\/wp\/v2\/users\/8"}],"replies":[{"embeddable":true,"href":"http:\/\/www.maria-koenigin.de\/index.php?rest_route=%2Fwp%2Fv2%2Fcomments&post=9536"}],"version-history":[{"count":9,"href":"http:\/\/www.maria-koenigin.de\/index.php?rest_route=\/wp\/v2\/posts\/9536\/revisions"}],"predecessor-version":[{"id":9548,"href":"http:\/\/www.maria-koenigin.de\/index.php?rest_route=\/wp\/v2\/posts\/9536\/revisions\/9548"}],"wp:attachment":[{"href":"http:\/\/www.maria-koenigin.de\/index.php?rest_route=%2Fwp%2Fv2%2Fmedia&parent=9536"}],"wp:term":[{"taxonomy":"category","embeddable":true,"href":"http:\/\/www.maria-koenigin.de\/index.php?rest_route=%2Fwp%2Fv2%2Fcategories&post=9536"},{"taxonomy":"post_tag","embeddable":true,"href":"http:\/\/www.maria-koenigin.de\/index.php?rest_route=%2Fwp%2Fv2%2Ftags&post=9536"}],"curies":[{"name":"wp","href":"https:\/\/api.w.org\/{rel}","templated":true}]}}