{"id":9560,"date":"2020-11-05T08:22:34","date_gmt":"2020-11-05T07:22:34","guid":{"rendered":"http:\/\/www.maria-koenigin.de\/?p=9560"},"modified":"2020-11-05T08:22:34","modified_gmt":"2020-11-05T07:22:34","slug":"der-touch-tomorrow-truck-zu-gast-an-maria-koenigin","status":"publish","type":"post","link":"http:\/\/www.maria-koenigin.de\/?p=9560","title":{"rendered":"Der Touch Tomorrow-Truck zu Gast an Maria K\u00f6nigin"},"content":{"rendered":"<p><img loading=\"lazy\" decoding=\"async\" class=\"alignnone size-full wp-image-9561\" src=\"http:\/\/www.maria-koenigin.de\/wordpress\/wp-content\/uploads\/2020\/11\/ttt_20_1.jpg\" alt=\"\" width=\"650\" height=\"431\" srcset=\"http:\/\/www.maria-koenigin.de\/wordpress\/wp-content\/uploads\/2020\/11\/ttt_20_1.jpg 650w, http:\/\/www.maria-koenigin.de\/wordpress\/wp-content\/uploads\/2020\/11\/ttt_20_1-300x199.jpg 300w, http:\/\/www.maria-koenigin.de\/wordpress\/wp-content\/uploads\/2020\/11\/ttt_20_1-624x414.jpg 624w\" sizes=\"auto, (max-width: 650px) 100vw, 650px\" \/><\/p>\n<p style=\"text-align: justify;\">Einen Rundgang mit verschiedenen Stationen voller technischer Neuerungen konnten schon vor den Herbstferien Sch\u00fclerinnen und Sch\u00fcler von Jahrgangsstufe 8 bis 12 erleben. Der \u201eTouch Tomorrow Truck\u201c der Dr. Hans Riegel-Stiftung bietet einen Einblick in die Arbeitswelt von morgen. Hierbei wurden sie unter anderem von den <!--more-->Mitarbeitern der Stiftung sowie der Bundesagentur f\u00fcr Arbeit durch einen virtuellen Rundgang begleitet.<\/p>\n<p><img loading=\"lazy\" decoding=\"async\" class=\"alignnone size-full wp-image-9563\" src=\"http:\/\/www.maria-koenigin.de\/wordpress\/wp-content\/uploads\/2020\/11\/ttt_20_3.jpg\" alt=\"\" width=\"650\" height=\"395\" srcset=\"http:\/\/www.maria-koenigin.de\/wordpress\/wp-content\/uploads\/2020\/11\/ttt_20_3.jpg 650w, http:\/\/www.maria-koenigin.de\/wordpress\/wp-content\/uploads\/2020\/11\/ttt_20_3-300x182.jpg 300w, http:\/\/www.maria-koenigin.de\/wordpress\/wp-content\/uploads\/2020\/11\/ttt_20_3-624x379.jpg 624w\" sizes=\"auto, (max-width: 650px) 100vw, 650px\" \/><\/p>\n<p style=\"text-align: justify;\">Die Sch\u00fcler konnten in kleinen Gruppen AR-Brillen, Smart Glasses oder auch Mind Balls ausprobieren. Alle von den Sch\u00fclern bearbeiteten Stationen wurden auf dem \u201eIKO\u201c, einem mobilen Speicherger\u00e4t, abgespeichert und k\u00f6nnen so auch zu Hause nochmals erlebt werden. Auch erg\u00e4nzende Videos oder interessante Websites befinden sich auf dem \u201eIKO\u201c, um noch weiter in die Welt von morgen einzutauchen.<\/p>\n<p><img loading=\"lazy\" decoding=\"async\" class=\"alignnone size-full wp-image-9564\" src=\"http:\/\/www.maria-koenigin.de\/wordpress\/wp-content\/uploads\/2020\/11\/ttt_20_4.jpg\" alt=\"\" width=\"650\" height=\"488\" srcset=\"http:\/\/www.maria-koenigin.de\/wordpress\/wp-content\/uploads\/2020\/11\/ttt_20_4.jpg 650w, http:\/\/www.maria-koenigin.de\/wordpress\/wp-content\/uploads\/2020\/11\/ttt_20_4-300x225.jpg 300w, http:\/\/www.maria-koenigin.de\/wordpress\/wp-content\/uploads\/2020\/11\/ttt_20_4-624x468.jpg 624w\" sizes=\"auto, (max-width: 650px) 100vw, 650px\" \/><\/p>\n<p style=\"text-align: justify;\">Emely Maag aus dem Mathematik-LK der Q1 gefiel besonders, \u201edie M\u00f6glichkeit mit einem Mitarbeiter der Bundesagentur f\u00fcr Arbeit zu sprechen in Bezug auf Berufe im MINT Bereich und mit der neusten Technik in Kontakt zu kommen wie z.B. Objekte mit Gedanken steuern zu k\u00f6nnen.\u201c<\/p>\n<p style=\"text-align: justify;\">Besonders interessant fand Max Henrichs aus dem gleichen Kurs \u201edie eigene Konzentration zum Steuern einer Kugel in einem Spiel zu nutzen. Denn letztlich werden die Impulse im Gehirn gemessen, woraufhin sich die Kugel nach links oder rechts bewegt.\u201c<\/p>\n<p><img loading=\"lazy\" decoding=\"async\" class=\"alignnone size-full wp-image-9562\" src=\"http:\/\/www.maria-koenigin.de\/wordpress\/wp-content\/uploads\/2020\/11\/ttt_20_2.jpg\" alt=\"\" width=\"650\" height=\"488\" srcset=\"http:\/\/www.maria-koenigin.de\/wordpress\/wp-content\/uploads\/2020\/11\/ttt_20_2.jpg 650w, http:\/\/www.maria-koenigin.de\/wordpress\/wp-content\/uploads\/2020\/11\/ttt_20_2-300x225.jpg 300w, http:\/\/www.maria-koenigin.de\/wordpress\/wp-content\/uploads\/2020\/11\/ttt_20_2-624x468.jpg 624w\" sizes=\"auto, (max-width: 650px) 100vw, 650px\" \/><\/p>\n<p style=\"text-align: justify;\">Hannah Henschel fand es \u201esehr beeindruckend, die neuen Technologien zu sehen und ausprobieren zu k\u00f6nnen.\u201c Pers\u00f6nlich hat ihr \u201edas Reparieren einer Maschine mithilfe einer AR-Brille besonders gut gefallen.\u201c Auch Marius B\u00f6hmer aus dem LK war begeistert: \u201eDer Touch Tomorrow Truck gibt Sch\u00fclerinnen und Sch\u00fclern einen Einblick in Technik, die jetzt bereits vorhanden ist und in der Zukunft immer wichtiger wird. Das passiert nicht stumpf theoretisch, sondern praktisch direkt vor Ort.\u201c<\/p>\n","protected":false},"excerpt":{"rendered":"<p>Einen Rundgang mit verschiedenen Stationen voller technischer Neuerungen konnten schon vor den Herbstferien Sch\u00fclerinnen und Sch\u00fcler von Jahrgangsstufe 8 bis 12 erleben. Der \u201eTouch Tomorrow Truck\u201c der Dr. Hans Riegel-Stiftung bietet einen Einblick in die Arbeitswelt von morgen. Hierbei wurden sie unter anderem von den<\/p>\n","protected":false},"author":1,"featured_media":0,"comment_status":"closed","ping_status":"closed","sticky":false,"template":"","format":"standard","meta":{"ngg_post_thumbnail":0,"footnotes":""},"categories":[4],"tags":[],"class_list":["post-9560","post","type-post","status-publish","format-standard","hentry","category-aktuelles"],"_links":{"self":[{"href":"http:\/\/www.maria-koenigin.de\/index.php?rest_route=\/wp\/v2\/posts\/9560","targetHints":{"allow":["GET"]}}],"collection":[{"href":"http:\/\/www.maria-koenigin.de\/index.php?rest_route=\/wp\/v2\/posts"}],"about":[{"href":"http:\/\/www.maria-koenigin.de\/index.php?rest_route=\/wp\/v2\/types\/post"}],"author":[{"embeddable":true,"href":"http:\/\/www.maria-koenigin.de\/index.php?rest_route=\/wp\/v2\/users\/1"}],"replies":[{"embeddable":true,"href":"http:\/\/www.maria-koenigin.de\/index.php?rest_route=%2Fwp%2Fv2%2Fcomments&post=9560"}],"version-history":[{"count":1,"href":"http:\/\/www.maria-koenigin.de\/index.php?rest_route=\/wp\/v2\/posts\/9560\/revisions"}],"predecessor-version":[{"id":9565,"href":"http:\/\/www.maria-koenigin.de\/index.php?rest_route=\/wp\/v2\/posts\/9560\/revisions\/9565"}],"wp:attachment":[{"href":"http:\/\/www.maria-koenigin.de\/index.php?rest_route=%2Fwp%2Fv2%2Fmedia&parent=9560"}],"wp:term":[{"taxonomy":"category","embeddable":true,"href":"http:\/\/www.maria-koenigin.de\/index.php?rest_route=%2Fwp%2Fv2%2Fcategories&post=9560"},{"taxonomy":"post_tag","embeddable":true,"href":"http:\/\/www.maria-koenigin.de\/index.php?rest_route=%2Fwp%2Fv2%2Ftags&post=9560"}],"curies":[{"name":"wp","href":"https:\/\/api.w.org\/{rel}","templated":true}]}}