{"id":9613,"date":"2020-11-23T08:09:24","date_gmt":"2020-11-23T07:09:24","guid":{"rendered":"http:\/\/www.maria-koenigin.de\/?p=9613"},"modified":"2020-11-23T08:09:24","modified_gmt":"2020-11-23T07:09:24","slug":"lehrerinnen-und-lehrer-begeistern-fuers-lesen-vorlesetag-trotz-corona","status":"publish","type":"post","link":"http:\/\/www.maria-koenigin.de\/?p=9613","title":{"rendered":"Lehrerinnen und Lehrer begeistern f\u00fcrs Lesen &#8211; Vorlesetag trotz Corona"},"content":{"rendered":"<p><img loading=\"lazy\" decoding=\"async\" class=\"alignnone size-full wp-image-9614\" src=\"http:\/\/www.maria-koenigin.de\/wordpress\/wp-content\/uploads\/2020\/11\/vorlese_20_1.jpg\" alt=\"\" width=\"650\" height=\"433\" srcset=\"http:\/\/www.maria-koenigin.de\/wordpress\/wp-content\/uploads\/2020\/11\/vorlese_20_1.jpg 650w, http:\/\/www.maria-koenigin.de\/wordpress\/wp-content\/uploads\/2020\/11\/vorlese_20_1-300x200.jpg 300w, http:\/\/www.maria-koenigin.de\/wordpress\/wp-content\/uploads\/2020\/11\/vorlese_20_1-624x416.jpg 624w\" sizes=\"auto, (max-width: 650px) 100vw, 650px\" \/><\/p>\n<p style=\"text-align: justify;\">Am vergangenen Freitag stand am Gymnasium Maria K\u00f6nigin die 17. Auflage des Bundesweiten Vorlesetages an. Wo normalerweise Prominente aus Wirtschaft, Politik und Kultur ihren Weg zu Maria K\u00f6nigin finden, um F\u00fcnft- und Sechstkl\u00e4ssler von ihren Leseerfahrungen zu berichten und aus einem mitgebrachten Buch vorzulesen, \u00fcbernahmen diese Aufgabe dieses Mal aufgrund des aktuellen Pandemiegeschehens einige der <!--more-->unterrichtenden Lehrerinnen und Lehrer. Ganz nach dem Motto \u201eMK l\u00e4chelt \u2013 auch hinter der Maske\u201c konnten sie die Sch\u00fclerinnen und Sch\u00fcler der beiden Jahrgangsstufen nicht nur durch eine interessante und abwechslungsreiche Textauswahl, sondern auch mit ihrem Enthusiasmus und ihrer Begeisterung f\u00fcrs Lesen in ganz unterschiedliche Fantasiewelten mitnehmen.<\/p>\n<p style=\"text-align: justify;\">Das <img loading=\"lazy\" decoding=\"async\" class=\"alignleft wp-image-9616 size-medium\" src=\"http:\/\/www.maria-koenigin.de\/wordpress\/wp-content\/uploads\/2020\/11\/vorlese_20_3-200x300.jpg\" alt=\"\" width=\"200\" height=\"300\" srcset=\"http:\/\/www.maria-koenigin.de\/wordpress\/wp-content\/uploads\/2020\/11\/vorlese_20_3-200x300.jpg 200w, http:\/\/www.maria-koenigin.de\/wordpress\/wp-content\/uploads\/2020\/11\/vorlese_20_3.jpg 250w\" sizes=\"auto, (max-width: 200px) 100vw, 200px\" \/>Motto des diesj\u00e4hrigen Vorlesetages lautet \u201eEuropa und die Welt\u201c. Davon haben sich einige der Lehrerinnen und Lehrer bei ihrer Textauswahl inspirieren lassen, andere haben ganz individuelle Schwerpunkte gesetzt. So nahm Herr Dr. Linn die 5a mit auf eine abenteuerliche Fahrt ans Meer \u2013 er las aus Cornelia Funkes \u201eDie wilden H\u00fchner auf Klassenfahrt\u201c vor. Die 5b machte mit Herrn Rettler eine Reise in die mystische Vergangenheit Europas und lauschte den von Dimiter Inkiow neu erz\u00e4hlten \u201esch\u00f6nsten europ\u00e4ischen Sagen\u201c. Ebenfalls fantastisch und sicher auch ein wenig gruselig ging es in der 5c zu, der Frau Skala aus Otfried Preu\u00dflers Klassiker \u201eKrabat\u201c vorlas. Herr dos Santos brachte der 5d mit Ayse Bosses \u201ePembo \u2013 Halb und halb macht doppelt gl\u00fccklich!\u201c die Erlebnisse eines M\u00e4dchens n\u00e4her, das mit seiner Familie nach Deutschland kommt.<\/p>\n<p><img loading=\"lazy\" decoding=\"async\" class=\"alignleft size-full wp-image-9615\" src=\"http:\/\/www.maria-koenigin.de\/wordpress\/wp-content\/uploads\/2020\/11\/vorlese_20_2.jpg\" alt=\"\" width=\"650\" height=\"433\" srcset=\"http:\/\/www.maria-koenigin.de\/wordpress\/wp-content\/uploads\/2020\/11\/vorlese_20_2.jpg 650w, http:\/\/www.maria-koenigin.de\/wordpress\/wp-content\/uploads\/2020\/11\/vorlese_20_2-300x200.jpg 300w, http:\/\/www.maria-koenigin.de\/wordpress\/wp-content\/uploads\/2020\/11\/vorlese_20_2-624x416.jpg 624w\" sizes=\"auto, (max-width: 650px) 100vw, 650px\" \/><\/p>\n<p style=\"text-align: justify;\">Auf abenteuerliche Fahrt an den weit entfernten Amazonas Anfang des 20. Jahrhunderts nahm Frau Fr\u00f6hlich die 6a mit Eva Ibbotsons Abenteuerroman \u201eMaia oder Als Miss Minton ihr Korsett in den Amazonas warf\u201c mit. Ebenfalls \u00fcber das Meer f\u00fchrte Frau Clemens die 6b \u2013 an der Seite der drei ??? konnten die Sch\u00fclerinnen und Sch\u00fcler in \u201eDie drei ??? und der verr\u00fcckte Maler\u201c ihrem Detektivsp\u00fcrsinn freien Lauf lassen. Dass unsere Welt auch sehr von starken und au\u00dfergew\u00f6hnlichen Frauen und ihren Ideen gepr\u00e4gt worden ist, war eine der wichtigen Botschaften in Elena Favillis \u201eGood Night Stories for Rebel Girls\u201c, mit dem Frau Eisen sicher nicht nur die Sch\u00fclerinnen der 6c begeistern konnte.<\/p>\n<p><img loading=\"lazy\" decoding=\"async\" class=\"alignleft size-full wp-image-9617\" src=\"http:\/\/www.maria-koenigin.de\/wordpress\/wp-content\/uploads\/2020\/11\/vorlese_20_4.jpg\" alt=\"\" width=\"650\" height=\"433\" srcset=\"http:\/\/www.maria-koenigin.de\/wordpress\/wp-content\/uploads\/2020\/11\/vorlese_20_4.jpg 650w, http:\/\/www.maria-koenigin.de\/wordpress\/wp-content\/uploads\/2020\/11\/vorlese_20_4-300x200.jpg 300w, http:\/\/www.maria-koenigin.de\/wordpress\/wp-content\/uploads\/2020\/11\/vorlese_20_4-624x416.jpg 624w\" sizes=\"auto, (max-width: 650px) 100vw, 650px\" \/><\/p>\n<p style=\"text-align: justify;\">Auch wenn der diesj\u00e4hrige Vorlesetag unter ungew\u00f6hnlichen Umst\u00e4nden stattfand, so diente er seinem ureigensten Zweck: Der Verbreitung von Lesefreude!&nbsp; &nbsp;&nbsp;&nbsp;&nbsp;<\/p>\n<p style=\"text-align: right;\">Titus Birkner<\/p>\n","protected":false},"excerpt":{"rendered":"<p>Am vergangenen Freitag stand am Gymnasium Maria K\u00f6nigin die 17. Auflage des Bundesweiten Vorlesetages an. Wo normalerweise Prominente aus Wirtschaft, Politik und Kultur ihren Weg zu Maria K\u00f6nigin finden, um F\u00fcnft- und Sechstkl\u00e4ssler von ihren Leseerfahrungen zu berichten und aus einem mitgebrachten Buch vorzulesen, \u00fcbernahmen diese Aufgabe dieses Mal aufgrund des aktuellen Pandemiegeschehens einige der<\/p>\n","protected":false},"author":1,"featured_media":0,"comment_status":"closed","ping_status":"closed","sticky":false,"template":"","format":"standard","meta":{"ngg_post_thumbnail":0,"footnotes":""},"categories":[4],"tags":[],"class_list":["post-9613","post","type-post","status-publish","format-standard","hentry","category-aktuelles"],"_links":{"self":[{"href":"http:\/\/www.maria-koenigin.de\/index.php?rest_route=\/wp\/v2\/posts\/9613","targetHints":{"allow":["GET"]}}],"collection":[{"href":"http:\/\/www.maria-koenigin.de\/index.php?rest_route=\/wp\/v2\/posts"}],"about":[{"href":"http:\/\/www.maria-koenigin.de\/index.php?rest_route=\/wp\/v2\/types\/post"}],"author":[{"embeddable":true,"href":"http:\/\/www.maria-koenigin.de\/index.php?rest_route=\/wp\/v2\/users\/1"}],"replies":[{"embeddable":true,"href":"http:\/\/www.maria-koenigin.de\/index.php?rest_route=%2Fwp%2Fv2%2Fcomments&post=9613"}],"version-history":[{"count":1,"href":"http:\/\/www.maria-koenigin.de\/index.php?rest_route=\/wp\/v2\/posts\/9613\/revisions"}],"predecessor-version":[{"id":9618,"href":"http:\/\/www.maria-koenigin.de\/index.php?rest_route=\/wp\/v2\/posts\/9613\/revisions\/9618"}],"wp:attachment":[{"href":"http:\/\/www.maria-koenigin.de\/index.php?rest_route=%2Fwp%2Fv2%2Fmedia&parent=9613"}],"wp:term":[{"taxonomy":"category","embeddable":true,"href":"http:\/\/www.maria-koenigin.de\/index.php?rest_route=%2Fwp%2Fv2%2Fcategories&post=9613"},{"taxonomy":"post_tag","embeddable":true,"href":"http:\/\/www.maria-koenigin.de\/index.php?rest_route=%2Fwp%2Fv2%2Ftags&post=9613"}],"curies":[{"name":"wp","href":"https:\/\/api.w.org\/{rel}","templated":true}]}}