{"id":9662,"date":"2020-12-19T16:43:10","date_gmt":"2020-12-19T15:43:10","guid":{"rendered":"http:\/\/www.maria-koenigin.de\/?p=9662"},"modified":"2021-01-10T16:21:20","modified_gmt":"2021-01-10T15:21:20","slug":"neuer-impuls-zum-advent","status":"publish","type":"post","link":"http:\/\/www.maria-koenigin.de\/?p=9662","title":{"rendered":"Impuls zur Weihnachtszeit"},"content":{"rendered":"<div dir=\"auto\" style=\"text-align: right;\">\n<p>&nbsp;<\/p>\n<p style=\"text-align: justify;\">Zum Abschluss unserer Impulsreihe zur Advents- und Weihnachtszeit machen sich Katharina Br\u00fcggemann und Dana Zimmermann Gedanken dar\u00fcber, wie sich die Advents- und Weihnachtszeit durch Corona ver\u00e4ndert haben.<\/p>\n<p style=\"text-align: justify;\"><strong>Wie haben sich Advents- und Weihnachtszeit durch Corona ver\u00e4ndert?<\/strong><\/p>\n<p style=\"text-align: justify;\"><img loading=\"lazy\" decoding=\"async\" class=\"alignright wp-image-9763 size-full\" src=\"http:\/\/www.maria-koenigin.de\/wordpress\/wp-content\/uploads\/2020\/12\/Impuls-8.01.21-Foto.jpg\" alt=\"\" width=\"702\" height=\"485\" srcset=\"http:\/\/www.maria-koenigin.de\/wordpress\/wp-content\/uploads\/2020\/12\/Impuls-8.01.21-Foto.jpg 702w, http:\/\/www.maria-koenigin.de\/wordpress\/wp-content\/uploads\/2020\/12\/Impuls-8.01.21-Foto-300x207.jpg 300w, http:\/\/www.maria-koenigin.de\/wordpress\/wp-content\/uploads\/2020\/12\/Impuls-8.01.21-Foto-624x431.jpg 624w\" sizes=\"auto, (max-width: 702px) 100vw, 702px\" \/>Wir haben uns gefragt, was f\u00fcr Auswirkungen Corona auf die Advents- und Weihnachtszeit hatte. Zum einen fielen Weihnachtsm\u00e4rkte aus, viele Leute haben sich auf gebrannte Mandeln, hei\u00dfen Kinderpunsch und hei\u00dfen Gl\u00fchwein gefreut. Au\u00dferdem haben wir das Beisammensein mit den Familien und Freunden, das Pl\u00e4tzchenbacken, die Weihnachtsfeiern usw. vermisst. F\u00fcr uns war die Adventszeit immer die sch\u00f6nste Zeit im Jahr, da man mehr Zeit mit der Familie verbringt. Auch die Schule hatte immer besondere Aktionen in der Adventszeit, beispielsweise das Nikolaus-Basketballturnier und am 6. Dezember kam immer der Nikolaus mit seinen Helfern vorbei.<\/p>\n<p style=\"text-align: justify;\">In den letzten 5 Jahren sind diese Aktionen nie ausgefallen, es hat sich komisch angef\u00fchlt ohne diese Aktionen. Der normale \u201eWeihnachtstrubel\u201f konnte nicht stattfinden, f\u00fcr viele war es deutlich entspannter ohne ihn, doch irgendwie war es auch komisch ohne den Stress. Zudem haben viele Menschen an Weihnachten Traditionen, die sie durch Corona nicht in gewohnter Weise pflegen konnten, beispielsweise den Weihnachtsbaum spontan zu holen. Bei uns mussten wir vorher erst anrufen.<\/p>\n<p style=\"text-align: justify;\">Aber durch Corona war es f\u00fcr viele entspannter und wir konnten uns besser auf die Weihnachtszeit vorbereiten und besinnen. Vielleicht ist das ja eine Erfahrung, an die wir uns auch im n\u00e4chsten Jahr erinnern und dann die Advents- und Weihnachtszeit bewusster gestalten.<\/p>\n<p style=\"text-align: justify;\">Wir w\u00fcnschen allen trotzdem noch eine sch\u00f6ne und besinnliche Weihnachtszeit!<\/p>\n<p><em>Katharina Br\u00fcggemann und Dana Zimmermann, EF <\/em><\/p>\n<\/div>\n<div dir=\"auto\"><\/div>\n<div class=\"o9v6fnle cxmmr5t8 oygrvhab hcukyx3x c1et5uql ii04i59q\">\n<div dir=\"auto\">\n<div class=\"o9v6fnle cxmmr5t8 oygrvhab hcukyx3x c1et5uql ii04i59q\">\n<div dir=\"auto\" style=\"text-align: right;\"><\/div>\n<\/div>\n<\/div>\n<\/div>\n<p><a href=\"http:\/\/www.maria-koenigin.de\/?page_id=9645\" target=\"_blank\" rel=\"noopener\">Hier geht es zu den anderen Impulsen<\/a><\/p>\n<p>&nbsp;<\/p>\n<p>&nbsp;<\/p>\n","protected":false},"excerpt":{"rendered":"<p>&nbsp; Zum Abschluss unserer Impulsreihe zur Advents- und Weihnachtszeit machen sich Katharina Br\u00fcggemann und Dana Zimmermann Gedanken dar\u00fcber, wie sich die Advents- und Weihnachtszeit durch Corona ver\u00e4ndert haben. Wie haben sich Advents- und Weihnachtszeit durch Corona ver\u00e4ndert? Wir haben uns gefragt, was f\u00fcr Auswirkungen Corona auf die Advents- und Weihnachtszeit hatte. Zum einen fielen Weihnachtsm\u00e4rkte [&hellip;]<\/p>\n","protected":false},"author":8,"featured_media":0,"comment_status":"closed","ping_status":"closed","sticky":false,"template":"","format":"standard","meta":{"ngg_post_thumbnail":0,"footnotes":""},"categories":[4],"tags":[],"class_list":["post-9662","post","type-post","status-publish","format-standard","hentry","category-aktuelles"],"_links":{"self":[{"href":"http:\/\/www.maria-koenigin.de\/index.php?rest_route=\/wp\/v2\/posts\/9662","targetHints":{"allow":["GET"]}}],"collection":[{"href":"http:\/\/www.maria-koenigin.de\/index.php?rest_route=\/wp\/v2\/posts"}],"about":[{"href":"http:\/\/www.maria-koenigin.de\/index.php?rest_route=\/wp\/v2\/types\/post"}],"author":[{"embeddable":true,"href":"http:\/\/www.maria-koenigin.de\/index.php?rest_route=\/wp\/v2\/users\/8"}],"replies":[{"embeddable":true,"href":"http:\/\/www.maria-koenigin.de\/index.php?rest_route=%2Fwp%2Fv2%2Fcomments&post=9662"}],"version-history":[{"count":22,"href":"http:\/\/www.maria-koenigin.de\/index.php?rest_route=\/wp\/v2\/posts\/9662\/revisions"}],"predecessor-version":[{"id":9764,"href":"http:\/\/www.maria-koenigin.de\/index.php?rest_route=\/wp\/v2\/posts\/9662\/revisions\/9764"}],"wp:attachment":[{"href":"http:\/\/www.maria-koenigin.de\/index.php?rest_route=%2Fwp%2Fv2%2Fmedia&parent=9662"}],"wp:term":[{"taxonomy":"category","embeddable":true,"href":"http:\/\/www.maria-koenigin.de\/index.php?rest_route=%2Fwp%2Fv2%2Fcategories&post=9662"},{"taxonomy":"post_tag","embeddable":true,"href":"http:\/\/www.maria-koenigin.de\/index.php?rest_route=%2Fwp%2Fv2%2Ftags&post=9662"}],"curies":[{"name":"wp","href":"https:\/\/api.w.org\/{rel}","templated":true}]}}