{"id":9669,"date":"2020-12-12T17:15:12","date_gmt":"2020-12-12T16:15:12","guid":{"rendered":"http:\/\/www.maria-koenigin.de\/?p=9669"},"modified":"2020-12-12T17:21:05","modified_gmt":"2020-12-12T16:21:05","slug":"aktuelle-informationen-der-schulleitung","status":"publish","type":"post","link":"http:\/\/www.maria-koenigin.de\/?p=9669","title":{"rendered":"Aktuelle Informationen der Schulleitung"},"content":{"rendered":"<p style=\"text-align: justify;\">Hier geben wir in knapper Form wichtige Informationen zur aktuellen Situation.<\/p>\n<p style=\"text-align: justify;\">Die Entscheidung der Landesregierung zu weiteren Ma\u00dfnahmen zur Eind\u00e4mmung der Corona-Pandemie hat auch auf unser Gymnasium Auswirkungen.<\/p>\n<p style=\"text-align: justify;\">Gem\u00e4\u00df einem Erlass des Ministeriums f\u00fcr Schule und Weiterbildung vom 11.12.2020 gelten ab Montag, dem 14.12.2020 folgende Regelungen:<\/p>\n<ul style=\"text-align: justify;\">\n<li>In den Jahrgangsstufen 5 bis 7 k\u00f6nnen Eltern bzw. Erziehungsberechtigte ihre Kinder vom Pr\u00e4senzunterricht befreien lassen. Dazu ist eine schriftliche Abmeldung erforderlich. Die Kinder, die zuhause bleiben, werden mit Aufgaben zum Distanzlernen versorgt.<\/li>\n<li>In den Jahrgangsstufen 8 bis 12 findet der Unterricht grunds\u00e4tzlich als Distanzunterricht statt. Das Lehrerkollegium hat sich in den letzten Wochen bereits auf diese Situation vorbereitet und wird die Sch\u00fclerinnen und Sch\u00fcler mit Arbeitsmaterialien f\u00fcr den Distanzunterricht versorgen.<\/li>\n<li>S\u00e4mtliche Klassenarbeiten und Klausuren in den Jgst. 5 \u2013 Q1 werden ohne Terminierung in das neue Kalenderjahr verschoben. Die ausstehenden Klausuren in der Q2 werden noch geschrieben.<\/li>\n<li>Am 7. und 8. Januar 2021 findet, wie auch am 21. und 22. Dezember 2020, kein Unterricht statt.<\/li>\n<\/ul>\n<p style=\"text-align: justify;\">Alle weiteren Informationen entnehmen Sie bitte dem Elternbrief vom 11.12.<\/p>\n<p style=\"text-align: justify;\">F\u00fcr Fragen und Informationen steht das Sekretariat auch vom 14.12. bis zum 18.12. zur Verf\u00fcgung.<\/p>\n<p style=\"text-align: justify;\">Tel. 02723 68780 E-Mail: <a href=\"mailto:sekretariat@maria-koenigin.de\">sekretariat@maria-koenigin.de<\/a><\/p>\n","protected":false},"excerpt":{"rendered":"<p>Hier geben wir in knapper Form wichtige Informationen zur aktuellen Situation. Die Entscheidung der Landesregierung zu weiteren Ma\u00dfnahmen zur Eind\u00e4mmung der Corona-Pandemie hat auch auf unser Gymnasium Auswirkungen. Gem\u00e4\u00df einem Erlass des Ministeriums f\u00fcr Schule und Weiterbildung vom 11.12.2020 gelten ab Montag, dem 14.12.2020 folgende Regelungen: In den Jahrgangsstufen 5 bis 7 k\u00f6nnen Eltern bzw. [&hellip;]<\/p>\n","protected":false},"author":8,"featured_media":0,"comment_status":"closed","ping_status":"closed","sticky":false,"template":"","format":"standard","meta":{"ngg_post_thumbnail":0,"footnotes":""},"categories":[4],"tags":[],"class_list":["post-9669","post","type-post","status-publish","format-standard","hentry","category-aktuelles"],"_links":{"self":[{"href":"http:\/\/www.maria-koenigin.de\/index.php?rest_route=\/wp\/v2\/posts\/9669","targetHints":{"allow":["GET"]}}],"collection":[{"href":"http:\/\/www.maria-koenigin.de\/index.php?rest_route=\/wp\/v2\/posts"}],"about":[{"href":"http:\/\/www.maria-koenigin.de\/index.php?rest_route=\/wp\/v2\/types\/post"}],"author":[{"embeddable":true,"href":"http:\/\/www.maria-koenigin.de\/index.php?rest_route=\/wp\/v2\/users\/8"}],"replies":[{"embeddable":true,"href":"http:\/\/www.maria-koenigin.de\/index.php?rest_route=%2Fwp%2Fv2%2Fcomments&post=9669"}],"version-history":[{"count":3,"href":"http:\/\/www.maria-koenigin.de\/index.php?rest_route=\/wp\/v2\/posts\/9669\/revisions"}],"predecessor-version":[{"id":9672,"href":"http:\/\/www.maria-koenigin.de\/index.php?rest_route=\/wp\/v2\/posts\/9669\/revisions\/9672"}],"wp:attachment":[{"href":"http:\/\/www.maria-koenigin.de\/index.php?rest_route=%2Fwp%2Fv2%2Fmedia&parent=9669"}],"wp:term":[{"taxonomy":"category","embeddable":true,"href":"http:\/\/www.maria-koenigin.de\/index.php?rest_route=%2Fwp%2Fv2%2Fcategories&post=9669"},{"taxonomy":"post_tag","embeddable":true,"href":"http:\/\/www.maria-koenigin.de\/index.php?rest_route=%2Fwp%2Fv2%2Ftags&post=9669"}],"curies":[{"name":"wp","href":"https:\/\/api.w.org\/{rel}","templated":true}]}}