{"id":9681,"date":"2020-12-14T12:07:01","date_gmt":"2020-12-14T11:07:01","guid":{"rendered":"http:\/\/www.maria-koenigin.de\/?p=9681"},"modified":"2020-12-21T19:26:49","modified_gmt":"2020-12-21T18:26:49","slug":"wirtschafts-forscher-gehen-an-mk-der-verbraucherbildung-auf-die-spur","status":"publish","type":"post","link":"http:\/\/www.maria-koenigin.de\/?p=9681","title":{"rendered":"Wirtschafts.Forscher gehen an MK der Verbraucherbildung auf die Spur"},"content":{"rendered":"<p><strong><img loading=\"lazy\" decoding=\"async\" class=\"alignnone size-full wp-image-9682\" src=\"http:\/\/www.maria-koenigin.de\/wordpress\/wp-content\/uploads\/2020\/12\/Logo.jpg\" alt=\"\" width=\"640\" height=\"175\" srcset=\"http:\/\/www.maria-koenigin.de\/wordpress\/wp-content\/uploads\/2020\/12\/Logo.jpg 640w, http:\/\/www.maria-koenigin.de\/wordpress\/wp-content\/uploads\/2020\/12\/Logo-300x82.jpg 300w, http:\/\/www.maria-koenigin.de\/wordpress\/wp-content\/uploads\/2020\/12\/Logo-624x171.jpg 624w\" sizes=\"auto, (max-width: 640px) 100vw, 640px\" \/><\/strong><\/p>\n<p><strong><em>\u201eIn welcher Wirtschaft wollen wir leben?\u201c<\/em> und <em>\u201eWelche Werte sind f\u00fcr uns dabei relevant?\u201c<\/em> <\/strong><\/p>\n<p style=\"text-align: justify;\">Fragen wie diese stehen im Mittelpunkt des Programms \u201eWirtschafts.Forscher\u201c, an dem die Sch\u00fclerinnen und Sch\u00fcler der Jahrgangsstufe 8 ab Februar im Politikunterricht teilnehmen werden. Nachdem unsere Schule im vergangenen Jahr von <!--more-->der Justiz- und Verbraucherschutzministerin, Frau Christine Lambrecht (SPD), offiziell als Verbraucherschule ausgezeichnet wurde, wird mit diesem Projekt ein weiterer Schwerpunkt in diesem so wichtigen Aufgabenfeld der Verbraucherbildung gesetzt.<\/p>\n<p style=\"text-align: justify;\">Das Projekt Wirschafts.Forscher, an dem deutschlandweit 20 Schulen teilnehmen, bedient sich dabei der Methode des Forschenden Lernens, in der sich die Sch\u00fclerinnen und Sch\u00fcler in einer digitalen Lernumgebung mit ethischen Fragestellungen in der Wirtschaft besch\u00e4ftigen. Es kn\u00fcpft dabei an die Lebenswelt der Jugendlichen an und thematisiert zukunftsrelevante Fragen im Spannungsfeld \u201eWirtschaft \u2013 Ethik \u2013 Digitalisierung\u201c. Themenschwerpunkte sind dabei u. a.:<\/p>\n<ul style=\"text-align: justify;\">\n<li><em>\u201eWie wir morgen einkaufen\u201c \u2013 Super! M\u00e4rkte 4.0?!<\/em><\/li>\n<li><em>\u201eWie realistisch ist die Robocalypse?\u201c \u2013 Digitaler Strukturwandel in der Arbeitswelt<\/em><\/li>\n<li><em>\u201eSmart = gr\u00fcn?\u201c \u2013 Chancen und Risiken der Digitalisierung f\u00fcr eine nachhaltige Entwicklung<\/em><\/li>\n<li><em>\u201eWer beherrscht das WWW?\u201c Neue M\u00e4rkte \u2013 neue Marktstrukturen!<\/em><\/li>\n<\/ul>\n<p style=\"text-align: justify;\">Das Programm Wirtschafts.Forscher! findet in enger Kooperation mit au\u00dferschulischen Bildungsinstitutionen wie der PwC-Stiftung, EDUCATION Y, der Karl Schlecht Stiftung sowie dem Institut f\u00fcr \u00d6konomische Bildung der Universit\u00e4t Oldenburg statt.<\/p>\n<p style=\"text-align: justify;\">Weitere Informationen befinden sich auf der Homepage: <a href=\"https:\/\/www.wirtschafts-forscher.de\/\" target=\"_blank\" rel=\"noopener\">https:\/\/www.wirtschafts-forscher.de\/<\/a><\/p>\n","protected":false},"excerpt":{"rendered":"<p>\u201eIn welcher Wirtschaft wollen wir leben?\u201c und \u201eWelche Werte sind f\u00fcr uns dabei relevant?\u201c Fragen wie diese stehen im Mittelpunkt des Programms \u201eWirtschafts.Forscher\u201c, an dem die Sch\u00fclerinnen und Sch\u00fcler der Jahrgangsstufe 8 ab Februar im Politikunterricht teilnehmen werden. Nachdem unsere Schule im vergangenen Jahr von<\/p>\n","protected":false},"author":8,"featured_media":0,"comment_status":"closed","ping_status":"closed","sticky":false,"template":"","format":"standard","meta":{"ngg_post_thumbnail":0,"footnotes":""},"categories":[4],"tags":[],"class_list":["post-9681","post","type-post","status-publish","format-standard","hentry","category-aktuelles"],"_links":{"self":[{"href":"http:\/\/www.maria-koenigin.de\/index.php?rest_route=\/wp\/v2\/posts\/9681","targetHints":{"allow":["GET"]}}],"collection":[{"href":"http:\/\/www.maria-koenigin.de\/index.php?rest_route=\/wp\/v2\/posts"}],"about":[{"href":"http:\/\/www.maria-koenigin.de\/index.php?rest_route=\/wp\/v2\/types\/post"}],"author":[{"embeddable":true,"href":"http:\/\/www.maria-koenigin.de\/index.php?rest_route=\/wp\/v2\/users\/8"}],"replies":[{"embeddable":true,"href":"http:\/\/www.maria-koenigin.de\/index.php?rest_route=%2Fwp%2Fv2%2Fcomments&post=9681"}],"version-history":[{"count":5,"href":"http:\/\/www.maria-koenigin.de\/index.php?rest_route=\/wp\/v2\/posts\/9681\/revisions"}],"predecessor-version":[{"id":9718,"href":"http:\/\/www.maria-koenigin.de\/index.php?rest_route=\/wp\/v2\/posts\/9681\/revisions\/9718"}],"wp:attachment":[{"href":"http:\/\/www.maria-koenigin.de\/index.php?rest_route=%2Fwp%2Fv2%2Fmedia&parent=9681"}],"wp:term":[{"taxonomy":"category","embeddable":true,"href":"http:\/\/www.maria-koenigin.de\/index.php?rest_route=%2Fwp%2Fv2%2Fcategories&post=9681"},{"taxonomy":"post_tag","embeddable":true,"href":"http:\/\/www.maria-koenigin.de\/index.php?rest_route=%2Fwp%2Fv2%2Ftags&post=9681"}],"curies":[{"name":"wp","href":"https:\/\/api.w.org\/{rel}","templated":true}]}}