{"id":9785,"date":"2021-01-25T15:33:46","date_gmt":"2021-01-25T14:33:46","guid":{"rendered":"http:\/\/www.maria-koenigin.de\/?p=9785"},"modified":"2021-01-25T15:33:59","modified_gmt":"2021-01-25T14:33:59","slug":"rueck-und-ausblick-auf-das-unterstufenmusical","status":"publish","type":"post","link":"http:\/\/www.maria-koenigin.de\/?p=9785","title":{"rendered":"R\u00fcck- und Ausblick auf das Unterstufenmusical"},"content":{"rendered":"<p><img loading=\"lazy\" decoding=\"async\" class=\"alignnone size-large wp-image-8132\" src=\"http:\/\/www.maria-koenigin.de\/wordpress\/wp-content\/uploads\/2019\/02\/dschungelbuch_19_037-1024x683.jpg\" alt=\"\" width=\"625\" height=\"417\" srcset=\"http:\/\/www.maria-koenigin.de\/wordpress\/wp-content\/uploads\/2019\/02\/dschungelbuch_19_037-1024x683.jpg 1024w, http:\/\/www.maria-koenigin.de\/wordpress\/wp-content\/uploads\/2019\/02\/dschungelbuch_19_037-300x200.jpg 300w, http:\/\/www.maria-koenigin.de\/wordpress\/wp-content\/uploads\/2019\/02\/dschungelbuch_19_037-768x512.jpg 768w, http:\/\/www.maria-koenigin.de\/wordpress\/wp-content\/uploads\/2019\/02\/dschungelbuch_19_037-624x416.jpg 624w, http:\/\/www.maria-koenigin.de\/wordpress\/wp-content\/uploads\/2019\/02\/dschungelbuch_19_037.jpg 1200w\" sizes=\"auto, (max-width: 625px) 100vw, 625px\" \/><\/p>\n<p style=\"text-align: justify;\">Unter normalen Umst\u00e4nden w\u00fcrde in den n\u00e4chsten Tagen ein weiteres Unterstufenmusical der Jahrgangsstufen 5 und 6 im PZ in Meggen aufgef\u00fchrt werden. Alle zwei Jahre f\u00fchren <!--more-->die T\u00e4nzer, S\u00e4nger und Instrumentalisten unter der Leitung von Petra Henkel, Harald J\u00fcngst und Berthold Kresin ein Musical f\u00fcr j\u00fcngere Sch\u00fcler auf. Wir hoffen sehr, dass wir das n\u00e4chste Unterstufenmusical dann im n\u00e4chsten Jahr auff\u00fchren k\u00f6nnen.<strong><a href=\"http:\/\/www.maria-koenigin.de\/?p=8129\" target=\"_blank\" rel=\"noopener\"> Hier <\/a><\/strong>kann man sich noch einmal die Fotos und den Bericht des letzten Musicals &#8222;Dschungelbuch&#8220; anschauen, um einen Vorgeschmack auf die noch kommenden Projekte zu erhalten.<\/p>\n","protected":false},"excerpt":{"rendered":"<p>Unter normalen Umst\u00e4nden w\u00fcrde in den n\u00e4chsten Tagen ein weiteres Unterstufenmusical der Jahrgangsstufen 5 und 6 im PZ in Meggen aufgef\u00fchrt werden. Alle zwei Jahre f\u00fchren<\/p>\n","protected":false},"author":8,"featured_media":0,"comment_status":"closed","ping_status":"closed","sticky":false,"template":"","format":"standard","meta":{"ngg_post_thumbnail":0,"footnotes":""},"categories":[4],"tags":[],"class_list":["post-9785","post","type-post","status-publish","format-standard","hentry","category-aktuelles"],"_links":{"self":[{"href":"http:\/\/www.maria-koenigin.de\/index.php?rest_route=\/wp\/v2\/posts\/9785","targetHints":{"allow":["GET"]}}],"collection":[{"href":"http:\/\/www.maria-koenigin.de\/index.php?rest_route=\/wp\/v2\/posts"}],"about":[{"href":"http:\/\/www.maria-koenigin.de\/index.php?rest_route=\/wp\/v2\/types\/post"}],"author":[{"embeddable":true,"href":"http:\/\/www.maria-koenigin.de\/index.php?rest_route=\/wp\/v2\/users\/8"}],"replies":[{"embeddable":true,"href":"http:\/\/www.maria-koenigin.de\/index.php?rest_route=%2Fwp%2Fv2%2Fcomments&post=9785"}],"version-history":[{"count":2,"href":"http:\/\/www.maria-koenigin.de\/index.php?rest_route=\/wp\/v2\/posts\/9785\/revisions"}],"predecessor-version":[{"id":9787,"href":"http:\/\/www.maria-koenigin.de\/index.php?rest_route=\/wp\/v2\/posts\/9785\/revisions\/9787"}],"wp:attachment":[{"href":"http:\/\/www.maria-koenigin.de\/index.php?rest_route=%2Fwp%2Fv2%2Fmedia&parent=9785"}],"wp:term":[{"taxonomy":"category","embeddable":true,"href":"http:\/\/www.maria-koenigin.de\/index.php?rest_route=%2Fwp%2Fv2%2Fcategories&post=9785"},{"taxonomy":"post_tag","embeddable":true,"href":"http:\/\/www.maria-koenigin.de\/index.php?rest_route=%2Fwp%2Fv2%2Ftags&post=9785"}],"curies":[{"name":"wp","href":"https:\/\/api.w.org\/{rel}","templated":true}]}}