{"id":9791,"date":"2021-02-07T10:05:16","date_gmt":"2021-02-07T09:05:16","guid":{"rendered":"http:\/\/www.maria-koenigin.de\/?p=9791"},"modified":"2021-02-07T10:05:16","modified_gmt":"2021-02-07T09:05:16","slug":"wi-fo-lab-wirtschaftsforscher-an-mk","status":"publish","type":"post","link":"http:\/\/www.maria-koenigin.de\/?p=9791","title":{"rendered":"Wi.Fo!-Lab \u2013 Wirtschaftsforscher an MK"},"content":{"rendered":"<p style=\"text-align: justify;\"><img loading=\"lazy\" decoding=\"async\" class=\"alignnone size-full wp-image-9792\" src=\"http:\/\/www.maria-koenigin.de\/wordpress\/wp-content\/uploads\/2021\/02\/IMG_0328.jpeg\" alt=\"\" width=\"640\" height=\"334\" srcset=\"http:\/\/www.maria-koenigin.de\/wordpress\/wp-content\/uploads\/2021\/02\/IMG_0328.jpeg 640w, http:\/\/www.maria-koenigin.de\/wordpress\/wp-content\/uploads\/2021\/02\/IMG_0328-300x157.jpeg 300w, http:\/\/www.maria-koenigin.de\/wordpress\/wp-content\/uploads\/2021\/02\/IMG_0328-624x326.jpeg 624w\" sizes=\"auto, (max-width: 640px) 100vw, 640px\" \/>Schulen aus ganz Deutschland nehmen j\u00e4hrlich an dem Wirtschaftsforscherprojekt der PWC-Stiftung teil. In kleinen Gruppen werden dabei zu unterschiedlichen Themen Projekte gestartet, beispielsweise wie wir alle in Zukunft einkaufen werden und was daran ver\u00e4ndert oder verbessert werden k\u00f6nnte. Schwerpunkte dabei sind zum Beispiel die <!--more-->Verminderung der Massentierhaltung, die Reduktion von Plastikm\u00fcll o.\u00e4.. Die Gruppen mit den besten Projekten d\u00fcrfen ihre Ergebnisse bei dem Economic Youth Summit im Mai 2021 in Frankfurt vorstellen.<\/p>\n<p style=\"text-align: justify;\">Am 20.01.21 trafen wir uns zum ersten Mal virtuell zusammen mit Frau Treude zu einem Testlauf im Wi.Fo!-Lab, einer digitalen Plattform, auf der die Arbeit an den Projekten stattfindet. Hier gibt es verschiedene Tools wie zum Beispiel einen Methodenkoffer, Podcasts, Experteninterviews usw., die die Arbeit an den eigenen Projekten unterst\u00fctzen. Am Anfang war es etwas ungewohnt sich nur zu h\u00f6ren, doch wir alle haben uns schnell daran gew\u00f6hnt. Wir wurden mit den unterschiedlichen Funktionen vertraut gemacht, wie z.B. der Chatfunktion.<\/p>\n<p style=\"text-align: justify;\">Am 22.01.21 begann dann das erste, richtige Webinar zusammen mit zwei Studenten, die die Videokonferenz geleitet haben. Als erstes haben wir uns mit dem Thema Wirtschaftsethik auseinandergesetzt, in Form einer eher theoretischen Begegnung mit der Thematik. Wirtschaftsethik legt einen besonderen Fokus auf die Differenz zwischen Werten, Normen, Moralvorstellungen und der Effizienz bzw. Produktivit\u00e4t.<\/p>\n<p style=\"text-align: justify;\">In der folgenden Woche fand das zweite Webinar im Wi.Fo!-Lab statt, indem wir begannen, die Ideen und Methoden aus dem letzten Meeting in die Praxis umzusetzen. Jeder entschied f\u00fcr sich, welches Thema er oder sie am interessantesten fand, und so bildeten sich die unterschiedlichen Gruppen. Themen bzw. Fragen, denen wir dabei nachgingen waren zum Beispiel \u201eWerden Pakete perspektivisch mit Drohnen zugstellt?\u201c, \u201eK\u00f6nnen Roboter in der Zukunft unsere Eink\u00e4ufe \u00fcbernehmen?\u201c oder \u201eWelchen Einfluss hat die Digitalisierung der Superm\u00e4rkte auf die Arbeitnehmer?\u201c. Zur Bearbeitung wurden wir in die Online-Gruppenr\u00e4ume aufgeteilt und durch das Wi.Fo!-Lab konnten wir auf Videos, Texte und Karikaturen zugreifen und so an Informationen gelangen. Ab jetzt arbeiten wir selbstst\u00e4ndig an unseren Projekten und sind gespannt, was uns noch erwartet.<\/p>\n<p style=\"text-align: justify;\">\n<p style=\"text-align: right;\">Ein Bericht von Lea Richart-Willmes, Greta Dornseifer und Maria Schmidt (8b)<\/p>\n","protected":false},"excerpt":{"rendered":"<p>Schulen aus ganz Deutschland nehmen j\u00e4hrlich an dem Wirtschaftsforscherprojekt der PWC-Stiftung teil. In kleinen Gruppen werden dabei zu unterschiedlichen Themen Projekte gestartet, beispielsweise wie wir alle in Zukunft einkaufen werden und was daran ver\u00e4ndert oder verbessert werden k\u00f6nnte. Schwerpunkte dabei sind zum Beispiel die<\/p>\n","protected":false},"author":8,"featured_media":0,"comment_status":"closed","ping_status":"closed","sticky":false,"template":"","format":"standard","meta":{"ngg_post_thumbnail":0,"footnotes":""},"categories":[4],"tags":[],"class_list":["post-9791","post","type-post","status-publish","format-standard","hentry","category-aktuelles"],"_links":{"self":[{"href":"http:\/\/www.maria-koenigin.de\/index.php?rest_route=\/wp\/v2\/posts\/9791","targetHints":{"allow":["GET"]}}],"collection":[{"href":"http:\/\/www.maria-koenigin.de\/index.php?rest_route=\/wp\/v2\/posts"}],"about":[{"href":"http:\/\/www.maria-koenigin.de\/index.php?rest_route=\/wp\/v2\/types\/post"}],"author":[{"embeddable":true,"href":"http:\/\/www.maria-koenigin.de\/index.php?rest_route=\/wp\/v2\/users\/8"}],"replies":[{"embeddable":true,"href":"http:\/\/www.maria-koenigin.de\/index.php?rest_route=%2Fwp%2Fv2%2Fcomments&post=9791"}],"version-history":[{"count":1,"href":"http:\/\/www.maria-koenigin.de\/index.php?rest_route=\/wp\/v2\/posts\/9791\/revisions"}],"predecessor-version":[{"id":9793,"href":"http:\/\/www.maria-koenigin.de\/index.php?rest_route=\/wp\/v2\/posts\/9791\/revisions\/9793"}],"wp:attachment":[{"href":"http:\/\/www.maria-koenigin.de\/index.php?rest_route=%2Fwp%2Fv2%2Fmedia&parent=9791"}],"wp:term":[{"taxonomy":"category","embeddable":true,"href":"http:\/\/www.maria-koenigin.de\/index.php?rest_route=%2Fwp%2Fv2%2Fcategories&post=9791"},{"taxonomy":"post_tag","embeddable":true,"href":"http:\/\/www.maria-koenigin.de\/index.php?rest_route=%2Fwp%2Fv2%2Ftags&post=9791"}],"curies":[{"name":"wp","href":"https:\/\/api.w.org\/{rel}","templated":true}]}}