{"id":9796,"date":"2021-02-20T15:35:30","date_gmt":"2021-02-20T14:35:30","guid":{"rendered":"http:\/\/www.maria-koenigin.de\/?p=9796"},"modified":"2021-02-20T15:50:55","modified_gmt":"2021-02-20T14:50:55","slug":"follow-your-dreams-impulse-und-aktionen","status":"publish","type":"post","link":"http:\/\/www.maria-koenigin.de\/?p=9796","title":{"rendered":"&#8222;Follow your dreams!&#8220; Impulse und Aktionen"},"content":{"rendered":"<p><img loading=\"lazy\" decoding=\"async\" class=\"alignright wp-image-9798 size-full\" src=\"http:\/\/www.maria-koenigin.de\/wordpress\/wp-content\/uploads\/2021\/02\/bluhwiese-5299201.jpg\" alt=\"\" width=\"640\" height=\"427\" srcset=\"http:\/\/www.maria-koenigin.de\/wordpress\/wp-content\/uploads\/2021\/02\/bluhwiese-5299201.jpg 640w, http:\/\/www.maria-koenigin.de\/wordpress\/wp-content\/uploads\/2021\/02\/bluhwiese-5299201-300x200.jpg 300w, http:\/\/www.maria-koenigin.de\/wordpress\/wp-content\/uploads\/2021\/02\/bluhwiese-5299201-624x416.jpg 624w\" sizes=\"auto, (max-width: 640px) 100vw, 640px\" \/><\/p>\n<p style=\"text-align: justify;\">Auch in diesem Jahr l\u00e4dt der Arbeitskreis Schulpastoral Sch\u00fclerinnen und Sch\u00fcler wieder zu Impulsen und Aktionen zur Fastenzeit ein.<\/p>\n<p style=\"text-align: justify;\">Unter dem Titel \u201eFollow your dreams \u2013 Wie blickst du auf dein Leben?\u201c gibt es jeweils mittwochs w\u00f6chentliche Impulse, mit denen jede\/r Einzelne sich mit grundlegenden Fragen seines Lebens auseinandersetzen kann. Fragen wie \u201eWas macht dich aus? Mit wem gehst du? Wohin geht es? und Was ist dein Beat?\u201c und dazu passende Audiodateienladen laden dazu ein.<\/p>\n<p style=\"text-align: justify;\">Die Impulse sind bei X-School im Gruppenraum Gymnasium Maria K\u00f6nigin zu finden.<\/p>\n<p style=\"text-align: justify;\">Auch die Aktion \u201etogether for future\u201c greifen wir wieder auf, zun\u00e4chst aber vorrangig digital.<\/p>\n<p style=\"text-align: justify;\"><!--more-->Bereits im letzten Schuljahr haben wir viele Ideen zum Klima- und Umweltschutz und zur Nachhaltigkeit gesammelt. \u201etogether for future\u201c sollte auch das Motto der Projektwoche sein, die f\u00fcr den Juni 2020 geplant war. Die Themen bleiben wichtig. Deshalb wollen wir auf padlets der einzelnen Jahrgangsstufen Ideen f\u00fcr eine bessere Welt sammeln. Sobald es wieder m\u00f6glich ist, sollen ausgew\u00e4hlte Ideen auch umgesetzt werden.<\/p>\n<p style=\"text-align: justify;\">Unter dem Motto \u201eEs geht auch anders!\u201c steht die diesj\u00e4hrige Fastenaktion von Misereor. Wir wollen auch diese Aktion aufgreifen, in der Schule, aber auch digital.<\/p>\n<p style=\"text-align: justify;\">Wir setzen uns weiter f\u00fcr eine klimafreundliche, nachhaltige und gerechte Welt ein und wollen in der Zeit vor Ostern Das Nachdenken dar\u00fcber und dieses Engagement verst\u00e4rken.<\/p>\n<p style=\"text-align: justify;\">\n","protected":false},"excerpt":{"rendered":"<p>Auch in diesem Jahr l\u00e4dt der Arbeitskreis Schulpastoral Sch\u00fclerinnen und Sch\u00fcler wieder zu Impulsen und Aktionen zur Fastenzeit ein. Unter dem Titel \u201eFollow your dreams \u2013 Wie blickst du auf dein Leben?\u201c gibt es jeweils mittwochs w\u00f6chentliche Impulse, mit denen jede\/r Einzelne sich mit grundlegenden Fragen seines Lebens auseinandersetzen kann. Fragen wie \u201eWas macht dich [&hellip;]<\/p>\n","protected":false},"author":7,"featured_media":0,"comment_status":"closed","ping_status":"closed","sticky":false,"template":"","format":"standard","meta":{"ngg_post_thumbnail":0,"footnotes":""},"categories":[4],"tags":[],"class_list":["post-9796","post","type-post","status-publish","format-standard","hentry","category-aktuelles"],"_links":{"self":[{"href":"http:\/\/www.maria-koenigin.de\/index.php?rest_route=\/wp\/v2\/posts\/9796","targetHints":{"allow":["GET"]}}],"collection":[{"href":"http:\/\/www.maria-koenigin.de\/index.php?rest_route=\/wp\/v2\/posts"}],"about":[{"href":"http:\/\/www.maria-koenigin.de\/index.php?rest_route=\/wp\/v2\/types\/post"}],"author":[{"embeddable":true,"href":"http:\/\/www.maria-koenigin.de\/index.php?rest_route=\/wp\/v2\/users\/7"}],"replies":[{"embeddable":true,"href":"http:\/\/www.maria-koenigin.de\/index.php?rest_route=%2Fwp%2Fv2%2Fcomments&post=9796"}],"version-history":[{"count":3,"href":"http:\/\/www.maria-koenigin.de\/index.php?rest_route=\/wp\/v2\/posts\/9796\/revisions"}],"predecessor-version":[{"id":9804,"href":"http:\/\/www.maria-koenigin.de\/index.php?rest_route=\/wp\/v2\/posts\/9796\/revisions\/9804"}],"wp:attachment":[{"href":"http:\/\/www.maria-koenigin.de\/index.php?rest_route=%2Fwp%2Fv2%2Fmedia&parent=9796"}],"wp:term":[{"taxonomy":"category","embeddable":true,"href":"http:\/\/www.maria-koenigin.de\/index.php?rest_route=%2Fwp%2Fv2%2Fcategories&post=9796"},{"taxonomy":"post_tag","embeddable":true,"href":"http:\/\/www.maria-koenigin.de\/index.php?rest_route=%2Fwp%2Fv2%2Ftags&post=9796"}],"curies":[{"name":"wp","href":"https:\/\/api.w.org\/{rel}","templated":true}]}}