{"id":9841,"date":"2021-03-20T19:26:05","date_gmt":"2021-03-20T18:26:05","guid":{"rendered":"http:\/\/www.maria-koenigin.de\/?p=9841"},"modified":"2021-03-28T09:33:55","modified_gmt":"2021-03-28T07:33:55","slug":"neues-ausserschulisches-mathematik-projekt","status":"publish","type":"post","link":"http:\/\/www.maria-koenigin.de\/?p=9841","title":{"rendered":"Neues au\u00dferschulisches Mathematik-Projekt"},"content":{"rendered":"<p style=\"text-align: justify;\"><img loading=\"lazy\" decoding=\"async\" class=\"wp-image-9842 size-full alignnone\" src=\"http:\/\/www.maria-koenigin.de\/wordpress\/wp-content\/uploads\/2021\/03\/Mathe-Projekt-klein.jpg\" alt=\"\" width=\"640\" height=\"480\" srcset=\"http:\/\/www.maria-koenigin.de\/wordpress\/wp-content\/uploads\/2021\/03\/Mathe-Projekt-klein.jpg 640w, http:\/\/www.maria-koenigin.de\/wordpress\/wp-content\/uploads\/2021\/03\/Mathe-Projekt-klein-300x225.jpg 300w, http:\/\/www.maria-koenigin.de\/wordpress\/wp-content\/uploads\/2021\/03\/Mathe-Projekt-klein-624x468.jpg 624w\" sizes=\"auto, (max-width: 640px) 100vw, 640px\" \/>Unter dem Titel \u201eMINT-Pro\u00b2Digi\u201c ist jetzt am Gymnasium Maria K\u00f6nigin ein neues Projekt angelaufen, das von der Mathematik-Didaktik der Universit\u00e4t Siegen initiiert wurde. Es soll mit au\u00dferschulischen Lernangeboten das Interesse im MINT-Bereich (Mathematik, Informatik, Naturwissenschaften, Technik) bei Sch\u00fclerinnen und Sch\u00fclern verschiedener Schulformen f\u00f6rdern.<\/p>\n<p style=\"text-align: justify;\">Die Grundidee des durch die Europ\u00e4ische Union und das Land Nordrhein-Westfalen <!--more-->(Ministerium f\u00fcr Wirtschaft, Innovation, Digitalisierung und Energie des Landes Nordrhein-Westfalen &amp; Ministerium f\u00fcr Kultur und Wissenschaft des Landes Nordrhein-Westfalen) gef\u00f6rderten Projekts liegt darin, dass Sch\u00fclerinnen und Sch\u00fcler ab Klasse 8 in Projektteams an gehaltvollen und authentischen mathematischen Problemstellungen aus Unternehmen der Region arbeiten. So ist f\u00fcr die Sch\u00fclerinnen und Sch\u00fcler direkt und konkret erlebbar, wie sie ihr schulisches Wissen in der au\u00dferschulischen Arbeitswelt nutzen k\u00f6nnen.<\/p>\n<p style=\"text-align: justify;\"><img loading=\"lazy\" decoding=\"async\" class=\"wp-image-9843 size-large alignnone\" src=\"http:\/\/www.maria-koenigin.de\/wordpress\/wp-content\/uploads\/2021\/03\/MINT-Pro2Digi-Logo_web-1024x295.png\" alt=\"\" width=\"625\" height=\"180\" srcset=\"http:\/\/www.maria-koenigin.de\/wordpress\/wp-content\/uploads\/2021\/03\/MINT-Pro2Digi-Logo_web-1024x295.png 1024w, http:\/\/www.maria-koenigin.de\/wordpress\/wp-content\/uploads\/2021\/03\/MINT-Pro2Digi-Logo_web-300x87.png 300w, http:\/\/www.maria-koenigin.de\/wordpress\/wp-content\/uploads\/2021\/03\/MINT-Pro2Digi-Logo_web-768x222.png 768w, http:\/\/www.maria-koenigin.de\/wordpress\/wp-content\/uploads\/2021\/03\/MINT-Pro2Digi-Logo_web-1536x443.png 1536w, http:\/\/www.maria-koenigin.de\/wordpress\/wp-content\/uploads\/2021\/03\/MINT-Pro2Digi-Logo_web-2048x591.png 2048w, http:\/\/www.maria-koenigin.de\/wordpress\/wp-content\/uploads\/2021\/03\/MINT-Pro2Digi-Logo_web-624x180.png 624w\" sizes=\"auto, (max-width: 625px) 100vw, 625px\" \/><\/p>\n<p style=\"text-align: justify;\">Die Begleitung der Projektteams erfolgt dabei seitens der Universit\u00e4t Siegen durch erfahrene Lehramtsstudierende und wissenschaftliches Personal, die in Kontakt mit den beteiligten Unternehmen stehen. Im ersten der drei Projektzyklen, die jeweils einem Schulhalbjahr entsprechen, sind die Unternehmen Albrecht B\u00e4umer GmbH &amp; Co. KG, dicomputer GmbH, Enders Heizung Sanit\u00e4r GmbH &amp; Co. KG, G-TEC Ingenieure GmbH, Hees B\u00fcrowelt, Elektro Kemper und Metallbau Johann Hunold GmbH &amp; Co. KG beteiligt.<\/p>\n<p style=\"text-align: justify;\">Das Gymnasium Maria-K\u00f6nigin bildet den sogenannten \u201eSolver-Hub\u201c der Region Lennestadt. Dieser bietet die M\u00f6glichkeit f\u00fcr teilnehmende Sch\u00fclerinnen und Sch\u00fcler verschiedener Schulformen der Region in einem mit digitalen Medien und Werkzeugen ausgestatteten Raum die gew\u00e4hlte Problemstellung zu bearbeiten. Aufgrund der Pandemie-Lage findet die Arbeit der Teams zun\u00e4chst in einem virtuellen Solver-Hub statt.<\/p>\n<p style=\"text-align: justify;\">Seit der digitalen Er\u00f6ffnungsveranstaltung am 09.02.2021 finden sich die Projektteams mindestens einmal w\u00f6chentlich zusammen und erarbeiten f\u00fcr die vielf\u00e4ltigen und konkreten Problemstellungen kreative L\u00f6sungen.<\/p>\n<p style=\"text-align: justify;\">Von Maria K\u00f6nigin sind im Projekt neun Sch\u00fclerinnen und Sch\u00fcler aus den Jahrgangsstufen 9 und EF (10) aktiv, die sich in unterschiedlichen Teams mit der Konstruktion und Programmierung eines Roboterarms, der Planung eines Feuerwehrhauses, einer Bestpreis-Optimierung und der Digitalisierung einer Endkommissionierung besch\u00e4ftigen.<\/p>\n<p style=\"text-align: justify;\">Die beteiligten Jugendlichen und Lehrkr\u00e4fte freuen sich auf den weiteren Verlauf des Projekts, die fruchtbare Zusammenarbeit mit der Universit\u00e4t Siegen und den beteiligten Unternehmen. Das Projekt \u201eMINT-Pro\u00b2Digi\u201c ist damit ein weiterer Baustein der Aktivit\u00e4ten im MINT-Bereich am Gymnasium Maria K\u00f6nigin und ein weiterer Schritt in der Verzahnung mit der heimischen Industrie und der Universit\u00e4t Siegen. Im n\u00e4chsten Jahr folgt mit\u00a0 \u201eDigiMath4Edu\u201c\u00a0 \u00a0 \u00a0 \u00a0 \u00a0 \u00a0 \u00a0 \u00a0 \u00a0 \u00a0 \u00a0 \u00a0 \u00a0 (= Digitalization in Mathematics for Education) dann noch ein weiteres hochinteressantes Projekt in Zusammenarbeit mit der Uni Siegen.<\/p>\n<p style=\"text-align: justify;\">Weitere Informationen erhalten Sie unter: <a href=\"http:\/\/www.mintpro2digi.de\" target=\"_blank\" rel=\"noopener\">www.mintpro2digi.de<\/a><\/p>\n<p>&nbsp;<\/p>\n","protected":false},"excerpt":{"rendered":"<p>Unter dem Titel \u201eMINT-Pro\u00b2Digi\u201c ist jetzt am Gymnasium Maria K\u00f6nigin ein neues Projekt angelaufen, das von der Mathematik-Didaktik der Universit\u00e4t Siegen initiiert wurde. Es soll mit au\u00dferschulischen Lernangeboten das Interesse im MINT-Bereich (Mathematik, Informatik, Naturwissenschaften, Technik) bei Sch\u00fclerinnen und Sch\u00fclern verschiedener Schulformen f\u00f6rdern. Die Grundidee des durch die Europ\u00e4ische Union und das Land Nordrhein-Westfalen<\/p>\n","protected":false},"author":7,"featured_media":0,"comment_status":"closed","ping_status":"closed","sticky":false,"template":"","format":"standard","meta":{"ngg_post_thumbnail":0,"footnotes":""},"categories":[4],"tags":[],"class_list":["post-9841","post","type-post","status-publish","format-standard","hentry","category-aktuelles"],"_links":{"self":[{"href":"http:\/\/www.maria-koenigin.de\/index.php?rest_route=\/wp\/v2\/posts\/9841","targetHints":{"allow":["GET"]}}],"collection":[{"href":"http:\/\/www.maria-koenigin.de\/index.php?rest_route=\/wp\/v2\/posts"}],"about":[{"href":"http:\/\/www.maria-koenigin.de\/index.php?rest_route=\/wp\/v2\/types\/post"}],"author":[{"embeddable":true,"href":"http:\/\/www.maria-koenigin.de\/index.php?rest_route=\/wp\/v2\/users\/7"}],"replies":[{"embeddable":true,"href":"http:\/\/www.maria-koenigin.de\/index.php?rest_route=%2Fwp%2Fv2%2Fcomments&post=9841"}],"version-history":[{"count":6,"href":"http:\/\/www.maria-koenigin.de\/index.php?rest_route=\/wp\/v2\/posts\/9841\/revisions"}],"predecessor-version":[{"id":9860,"href":"http:\/\/www.maria-koenigin.de\/index.php?rest_route=\/wp\/v2\/posts\/9841\/revisions\/9860"}],"wp:attachment":[{"href":"http:\/\/www.maria-koenigin.de\/index.php?rest_route=%2Fwp%2Fv2%2Fmedia&parent=9841"}],"wp:term":[{"taxonomy":"category","embeddable":true,"href":"http:\/\/www.maria-koenigin.de\/index.php?rest_route=%2Fwp%2Fv2%2Fcategories&post=9841"},{"taxonomy":"post_tag","embeddable":true,"href":"http:\/\/www.maria-koenigin.de\/index.php?rest_route=%2Fwp%2Fv2%2Ftags&post=9841"}],"curies":[{"name":"wp","href":"https:\/\/api.w.org\/{rel}","templated":true}]}}