{"id":9881,"date":"2021-04-08T14:50:00","date_gmt":"2021-04-08T12:50:00","guid":{"rendered":"http:\/\/www.maria-koenigin.de\/?p=9881"},"modified":"2021-04-08T20:15:04","modified_gmt":"2021-04-08T18:15:04","slug":"jonah-schneider-und-paula-schulte-sprenger-ausgezeichnet","status":"publish","type":"post","link":"http:\/\/www.maria-koenigin.de\/?p=9881","title":{"rendered":"Jonah Schneider und Paula Schulte-Sprenger ausgezeichnet"},"content":{"rendered":"<p><img loading=\"lazy\" decoding=\"async\" class=\"wp-image-9882  alignnone\" src=\"http:\/\/www.maria-koenigin.de\/wordpress\/wp-content\/uploads\/2021\/04\/Foto-1-Preistraeger-MK-klein.jpg\" alt=\"\" width=\"621\" height=\"466\" srcset=\"http:\/\/www.maria-koenigin.de\/wordpress\/wp-content\/uploads\/2021\/04\/Foto-1-Preistraeger-MK-klein.jpg 640w, http:\/\/www.maria-koenigin.de\/wordpress\/wp-content\/uploads\/2021\/04\/Foto-1-Preistraeger-MK-klein-300x225.jpg 300w, http:\/\/www.maria-koenigin.de\/wordpress\/wp-content\/uploads\/2021\/04\/Foto-1-Preistraeger-MK-klein-624x468.jpg 624w\" sizes=\"auto, (max-width: 621px) 100vw, 621px\" \/><\/p>\n<p style=\"text-align: justify;\"><strong>Preisverleihung&nbsp; &nbsp;der&nbsp; Dieter Mennekes-Umweltstiftung&nbsp; unter&nbsp; besonderen&nbsp; &nbsp;Bedingungen<\/strong><\/p>\n<p style=\"text-align: justify;\">Die Ehrung von Jonah Schneider und Paula Schulte-Sprenger aus dem Abiturjahrgang 2020 stand im Mittelpunkt einer Veranstaltung, die jetzt im kleinen Rahmen an unserem Gymnasium <!--more-->stattfand.<\/p>\n<p style=\"text-align: justify;\">Schon seit vielen Jahren zeichnet die Dieter Mennekes-Umwelt-Stiftung besonders begabte und engagierte Sch\u00fclerinnen und Sch\u00fcler der beiden Lennest\u00e4dter Gymnasien aus. In diesem Jahr stand die Auszeichnung allerdings unter ganz besonderen Vorzeichen, da der Initiator und Namensgeber der Stiftung, Dieter Mennekes, im April 2020 nach kurzer und schwerer Krankheit verstorben ist.<\/p>\n<p style=\"text-align: justify;\">Erhard Reichling, langj\u00e4hriges Vorstandmitglied der Stiftung, erinnerte an die Stifterpers\u00f6nlichkeit, die \u201esich auf der Basis fundierter Kenntnisse und umweltpolitischen Weitblicks f\u00fcr den Erhalt und die Verbesserung von Natur und Sch\u00f6pfung mit gro\u00dfem Engagement eingesetzt\u201c habe. Dieter Mennekes Lebensphilosophie k\u00f6nne man in dem Satz \u201eDa m\u00fcssen wir helfen!\u201c zusammenfassen und es werde immer deutlicher, wie weitsichtig sein Einsatz f\u00fcr die Umwelt gewesen sei. Eindringlich wies Reichling auf die Dimension der Klimakrise, vor allem auf den Verlust an Biodiversit\u00e4t, hin. Das Verm\u00e4chtnis von Dieter Mennekes, ein konsequenter Einsatz f\u00fcr Umwelt- und Klimaschutz, sei wichtiger denn je. So rief er auch die Preistr\u00e4ger auf, sich, wie Millionen junge Menschen weltweit, f\u00fcr den Erhalt der Umwelt einzusetzen.<\/p>\n<p><img loading=\"lazy\" decoding=\"async\" class=\"wp-image-9884 size-full alignnone\" style=\"text-align: justify;\" src=\"http:\/\/www.maria-koenigin.de\/wordpress\/wp-content\/uploads\/2021\/04\/Paula-Schulte-Sprenger-DMU-klein.jpg\" alt=\"\" width=\"640\" height=\"480\" srcset=\"http:\/\/www.maria-koenigin.de\/wordpress\/wp-content\/uploads\/2021\/04\/Paula-Schulte-Sprenger-DMU-klein.jpg 640w, http:\/\/www.maria-koenigin.de\/wordpress\/wp-content\/uploads\/2021\/04\/Paula-Schulte-Sprenger-DMU-klein-300x225.jpg 300w, http:\/\/www.maria-koenigin.de\/wordpress\/wp-content\/uploads\/2021\/04\/Paula-Schulte-Sprenger-DMU-klein-624x468.jpg 624w\" sizes=\"auto, (max-width: 640px) 100vw, 640px\" \/><\/p>\n<p style=\"text-align: justify;\">In Anwesenheit von Schulleiter Fabian Borys wurden Paula Schulte-Sprenger und Jonah&nbsp;Schneider ausgezeichnet.&nbsp;Beratungslehrer Peter Peil w\u00fcrdigte Paula Schulte-Sprenger und hob ihre F\u00e4higkeit hervor, logisch zu denken und sprachliche und naturwissenschaftliche Gesetzm\u00e4\u00dfigkeiten nachhaltig zu verstehen.&nbsp; Dar\u00fcber hinaus verf\u00fcge Paula \u00fcber imponierendes schauspielerisches Talent, das sie \u00fcber viele Jahre im Rahmen der Theater AG, etwa als Drachent\u00f6terin bei der Auff\u00fchrung \u201eTod dem Drachen\u201c, \u00fcberzeugend gezeigt habe. F\u00fcr ihr bereits begonnenes Medizinstudium bringe sie ideale Voraussetzungen mit, da sie gewissenhaft, ausgeglichen und auch lebensfroh sei.<\/p>\n<p style=\"text-align: justify;\"><img loading=\"lazy\" decoding=\"async\" class=\"wp-image-9883 size-full alignnone\" src=\"http:\/\/www.maria-koenigin.de\/wordpress\/wp-content\/uploads\/2021\/04\/Jonah-Schneider-DMU-klein.jpg\" alt=\"\" width=\"640\" height=\"480\" srcset=\"http:\/\/www.maria-koenigin.de\/wordpress\/wp-content\/uploads\/2021\/04\/Jonah-Schneider-DMU-klein.jpg 640w, http:\/\/www.maria-koenigin.de\/wordpress\/wp-content\/uploads\/2021\/04\/Jonah-Schneider-DMU-klein-300x225.jpg 300w, http:\/\/www.maria-koenigin.de\/wordpress\/wp-content\/uploads\/2021\/04\/Jonah-Schneider-DMU-klein-624x468.jpg 624w\" sizes=\"auto, (max-width: 640px) 100vw, 640px\" \/><\/p>\n<p style=\"text-align: justify;\">Jonah Schneider besteche ebenso durch seine kommunikativen Kompetenzen wie durch seine logischen F\u00e4higkeiten, erl\u00e4uterte Manuel Vormweg in seiner Laudatio. Sein Engagement bei&nbsp;\u201eFridays for future\u201c und das Interesse f\u00fcr Nachhaltigkeit hob der Stufenleiter ebenso hervor wie Jonahs Heimatverbundenheit, die sich unter anderem in der Mitarbeit in zahlreichen Projekten des Jugendparlamentes gezeigt habe. Au\u00dferdem sei er nach \u00fcbereinstimmender Aussage ein \u201efeiner Kerl\u201c, der sich immer auch f\u00fcr seine Mitsch\u00fcler eingesetzt habe. Jonah hat, motiviert auch durch die Corona-Pandemie, ein Studium der Pharmazie begonnen.&nbsp; Beide Stipendiaten berichteten auch vom ungew\u00f6hnlichen, weil weitgehend digitalen Studienbeginn in Corona-Zeiten.<\/p>\n","protected":false},"excerpt":{"rendered":"<p>Preisverleihung&nbsp; &nbsp;der&nbsp; Dieter Mennekes-Umweltstiftung&nbsp; unter&nbsp; besonderen&nbsp; &nbsp;Bedingungen Die Ehrung von Jonah Schneider und Paula Schulte-Sprenger aus dem Abiturjahrgang 2020 stand im Mittelpunkt einer Veranstaltung, die jetzt im kleinen Rahmen an unserem Gymnasium<\/p>\n","protected":false},"author":7,"featured_media":0,"comment_status":"closed","ping_status":"closed","sticky":false,"template":"","format":"standard","meta":{"ngg_post_thumbnail":0,"footnotes":""},"categories":[4],"tags":[],"class_list":["post-9881","post","type-post","status-publish","format-standard","hentry","category-aktuelles"],"_links":{"self":[{"href":"http:\/\/www.maria-koenigin.de\/index.php?rest_route=\/wp\/v2\/posts\/9881","targetHints":{"allow":["GET"]}}],"collection":[{"href":"http:\/\/www.maria-koenigin.de\/index.php?rest_route=\/wp\/v2\/posts"}],"about":[{"href":"http:\/\/www.maria-koenigin.de\/index.php?rest_route=\/wp\/v2\/types\/post"}],"author":[{"embeddable":true,"href":"http:\/\/www.maria-koenigin.de\/index.php?rest_route=\/wp\/v2\/users\/7"}],"replies":[{"embeddable":true,"href":"http:\/\/www.maria-koenigin.de\/index.php?rest_route=%2Fwp%2Fv2%2Fcomments&post=9881"}],"version-history":[{"count":5,"href":"http:\/\/www.maria-koenigin.de\/index.php?rest_route=\/wp\/v2\/posts\/9881\/revisions"}],"predecessor-version":[{"id":9890,"href":"http:\/\/www.maria-koenigin.de\/index.php?rest_route=\/wp\/v2\/posts\/9881\/revisions\/9890"}],"wp:attachment":[{"href":"http:\/\/www.maria-koenigin.de\/index.php?rest_route=%2Fwp%2Fv2%2Fmedia&parent=9881"}],"wp:term":[{"taxonomy":"category","embeddable":true,"href":"http:\/\/www.maria-koenigin.de\/index.php?rest_route=%2Fwp%2Fv2%2Fcategories&post=9881"},{"taxonomy":"post_tag","embeddable":true,"href":"http:\/\/www.maria-koenigin.de\/index.php?rest_route=%2Fwp%2Fv2%2Ftags&post=9881"}],"curies":[{"name":"wp","href":"https:\/\/api.w.org\/{rel}","templated":true}]}}