{"id":9915,"date":"2021-05-13T14:24:54","date_gmt":"2021-05-13T12:24:54","guid":{"rendered":"http:\/\/www.maria-koenigin.de\/?p=9915"},"modified":"2021-05-14T11:19:18","modified_gmt":"2021-05-14T09:19:18","slug":"digital-beim-oekt-dabei-sein","status":"publish","type":"post","link":"http:\/\/www.maria-koenigin.de\/?p=9915","title":{"rendered":"Digital beim \u00d6KT dabei"},"content":{"rendered":"<div id=\"attachment_9916\" style=\"width: 650px\" class=\"wp-caption alignright\"><img loading=\"lazy\" decoding=\"async\" aria-describedby=\"caption-attachment-9916\" class=\"wp-image-9916 size-full\" src=\"http:\/\/www.maria-koenigin.de\/wordpress\/wp-content\/uploads\/2021\/05\/OeKT-Bild-1-k.jpg\" alt=\"\" width=\"640\" height=\"640\" srcset=\"http:\/\/www.maria-koenigin.de\/wordpress\/wp-content\/uploads\/2021\/05\/OeKT-Bild-1-k.jpg 640w, http:\/\/www.maria-koenigin.de\/wordpress\/wp-content\/uploads\/2021\/05\/OeKT-Bild-1-k-300x300.jpg 300w, http:\/\/www.maria-koenigin.de\/wordpress\/wp-content\/uploads\/2021\/05\/OeKT-Bild-1-k-150x150.jpg 150w, http:\/\/www.maria-koenigin.de\/wordpress\/wp-content\/uploads\/2021\/05\/OeKT-Bild-1-k-624x624.jpg 624w\" sizes=\"auto, (max-width: 640px) 100vw, 640px\" \/><p id=\"caption-attachment-9916\" class=\"wp-caption-text\">Fotoprojekt EF Religion<\/p><\/div>\n<p>&nbsp;<\/p>\n<p style=\"text-align: justify;\"><strong>Sch\u00fcler von Maria K\u00f6nigin werben f\u00fcr den 3. \u00d6kumenischen Kirchentag in Frankfurt <\/strong><\/p>\n<p style=\"text-align: justify;\">Ein komplett digitaler \u00d6KT mit vielen Veranstaltungen, die man am heimischen PC oder Smartphone mitverfolgen kann. Das hei\u00dft leider auch, dass die Helfende-Gruppe aus dem Kreis Olpe, die bei den letzten Katholikentagen und auch beim letzten \u00d6KT in M\u00fcnchen dabei war, in\u00a0diesem Jahr nicht ben\u00f6tigt wird. Traditionell bilden Sch\u00fcler der katholischen Schulen St. Franziskus Olpe, St. Ursula Attendorn und vom Gymnasium Maria K\u00f6nigin gemeinsam mit Jugendlichen aus dem Pastoralen Raum Wenden und von der Leiterrunde Altenhundem eine der gr\u00f6\u00dften Helfenden-Gruppen.<\/p>\n<p><!--more--><\/p>\n<p style=\"text-align: justify;\">Sch\u00fclerinnen und Sch\u00fcler aus der EF des Gymnasiums Maria K\u00f6nigin haben aber mit Plakaten und einer Fotoaktion Werbung f\u00fcr den \u00d6KT gemacht. Die Plakate h\u00e4ngen in vielen Orten im Umfeld der Schule und weisen auf die M\u00f6glichkeit einer digitalen Teilnahme hin. Unter www.oekt.de k\u00f6nnen Gottesdienste, Diskussions-\u00a0 und Kulturveranstaltungen\u00a0 des\u00a0 \u00d6KT verfolgt werden. Der Hauptveranstaltungstag ist der kommende Samstag. Dann werden unter anderem auch Bundeskanzlerin Angela Merkel, der Nato-Generalsekret\u00e4r Jens Stoltenberg \u00a0und viele weitere Personen des \u00f6ffentlichen Lebens zu Gast sein.<\/p>\n\n\t\t<style type=\"text\/css\">\n\t\t\t#gallery-1 {\n\t\t\t\tmargin: auto;\n\t\t\t}\n\t\t\t#gallery-1 .gallery-item {\n\t\t\t\tfloat: left;\n\t\t\t\tmargin-top: 10px;\n\t\t\t\ttext-align: center;\n\t\t\t\twidth: 33%;\n\t\t\t}\n\t\t\t#gallery-1 img {\n\t\t\t\tborder: 2px solid #cfcfcf;\n\t\t\t}\n\t\t\t#gallery-1 .gallery-caption {\n\t\t\t\tmargin-left: 0;\n\t\t\t}\n\t\t\t\/* see gallery_shortcode() in wp-includes\/media.php *\/\n\t\t<\/style>\n\t\t<div id='gallery-1' class='gallery galleryid-9915 gallery-columns-3 gallery-size-thumbnail'><dl class='gallery-item'>\n\t\t\t<dt class='gallery-icon landscape'>\n\t\t\t\t<img loading=\"lazy\" decoding=\"async\" width=\"150\" height=\"150\" src=\"http:\/\/www.maria-koenigin.de\/wordpress\/wp-content\/uploads\/2021\/05\/OeKT-Bild-2-k-150x150.jpg\" class=\"attachment-thumbnail size-thumbnail\" alt=\"\" aria-describedby=\"gallery-1-9917\" \/>\n\t\t\t<\/dt>\n\t\t\t\t<dd class='wp-caption-text gallery-caption' id='gallery-1-9917'>\n\t\t\t\tFotoprojekt EF Religion\n\t\t\t\t<\/dd><\/dl><dl class='gallery-item'>\n\t\t\t<dt class='gallery-icon portrait'>\n\t\t\t\t<img loading=\"lazy\" decoding=\"async\" width=\"150\" height=\"150\" src=\"http:\/\/www.maria-koenigin.de\/wordpress\/wp-content\/uploads\/2021\/05\/OeKT-Bild-3-k-150x150.jpg\" class=\"attachment-thumbnail size-thumbnail\" alt=\"\" aria-describedby=\"gallery-1-9918\" \/>\n\t\t\t<\/dt>\n\t\t\t\t<dd class='wp-caption-text gallery-caption' id='gallery-1-9918'>\n\t\t\t\tPlakat EF Religion\n\t\t\t\t<\/dd><\/dl><dl class='gallery-item'>\n\t\t\t<dt class='gallery-icon portrait'>\n\t\t\t\t<img loading=\"lazy\" decoding=\"async\" width=\"150\" height=\"150\" src=\"http:\/\/www.maria-koenigin.de\/wordpress\/wp-content\/uploads\/2021\/05\/OeKT-Bild-4-k-150x150.jpg\" class=\"attachment-thumbnail size-thumbnail\" alt=\"\" aria-describedby=\"gallery-1-9920\" \/>\n\t\t\t<\/dt>\n\t\t\t\t<dd class='wp-caption-text gallery-caption' id='gallery-1-9920'>\n\t\t\t\tPlakat EF Religion \n\t\t\t\t<\/dd><\/dl><br style=\"clear: both\" \/><dl class='gallery-item'>\n\t\t\t<dt class='gallery-icon portrait'>\n\t\t\t\t<img loading=\"lazy\" decoding=\"async\" width=\"150\" height=\"150\" src=\"http:\/\/www.maria-koenigin.de\/wordpress\/wp-content\/uploads\/2021\/05\/OeKT-Bild-5-k-150x150.jpg\" class=\"attachment-thumbnail size-thumbnail\" alt=\"\" aria-describedby=\"gallery-1-9922\" \/>\n\t\t\t<\/dt>\n\t\t\t\t<dd class='wp-caption-text gallery-caption' id='gallery-1-9922'>\n\t\t\t\tPlakat EF Religion\n\t\t\t\t<\/dd><\/dl><dl class='gallery-item'>\n\t\t\t<dt class='gallery-icon landscape'>\n\t\t\t\t<img loading=\"lazy\" decoding=\"async\" width=\"150\" height=\"150\" src=\"http:\/\/www.maria-koenigin.de\/wordpress\/wp-content\/uploads\/2021\/05\/OeKT-Bild-6-k-150x150.jpg\" class=\"attachment-thumbnail size-thumbnail\" alt=\"\" aria-describedby=\"gallery-1-9924\" \/>\n\t\t\t<\/dt>\n\t\t\t\t<dd class='wp-caption-text gallery-caption' id='gallery-1-9924'>\n\t\t\t\tKatholikentag M\u00fcnster 2018\n\t\t\t\t<\/dd><\/dl><dl class='gallery-item'>\n\t\t\t<dt class='gallery-icon landscape'>\n\t\t\t\t<img loading=\"lazy\" decoding=\"async\" width=\"150\" height=\"150\" src=\"http:\/\/www.maria-koenigin.de\/wordpress\/wp-content\/uploads\/2021\/05\/OeKT-Bild-7-k-150x150.jpg\" class=\"attachment-thumbnail size-thumbnail\" alt=\"\" aria-describedby=\"gallery-1-9926\" \/>\n\t\t\t<\/dt>\n\t\t\t\t<dd class='wp-caption-text gallery-caption' id='gallery-1-9926'>\n\t\t\t\tKatholikentag M\u00fcnster 2018 \n\t\t\t\t<\/dd><\/dl><br style=\"clear: both\" \/>\n\t\t<\/div>\n\n","protected":false},"excerpt":{"rendered":"<p>&nbsp; Sch\u00fcler von Maria K\u00f6nigin werben f\u00fcr den 3. \u00d6kumenischen Kirchentag in Frankfurt Ein komplett digitaler \u00d6KT mit vielen Veranstaltungen, die man am heimischen PC oder Smartphone mitverfolgen kann. Das hei\u00dft leider auch, dass die Helfende-Gruppe aus dem Kreis Olpe, die bei den letzten Katholikentagen und auch beim letzten \u00d6KT in M\u00fcnchen dabei war, in\u00a0diesem [&hellip;]<\/p>\n","protected":false},"author":7,"featured_media":0,"comment_status":"closed","ping_status":"closed","sticky":false,"template":"","format":"standard","meta":{"ngg_post_thumbnail":0,"footnotes":""},"categories":[4],"tags":[],"class_list":["post-9915","post","type-post","status-publish","format-standard","hentry","category-aktuelles"],"_links":{"self":[{"href":"http:\/\/www.maria-koenigin.de\/index.php?rest_route=\/wp\/v2\/posts\/9915","targetHints":{"allow":["GET"]}}],"collection":[{"href":"http:\/\/www.maria-koenigin.de\/index.php?rest_route=\/wp\/v2\/posts"}],"about":[{"href":"http:\/\/www.maria-koenigin.de\/index.php?rest_route=\/wp\/v2\/types\/post"}],"author":[{"embeddable":true,"href":"http:\/\/www.maria-koenigin.de\/index.php?rest_route=\/wp\/v2\/users\/7"}],"replies":[{"embeddable":true,"href":"http:\/\/www.maria-koenigin.de\/index.php?rest_route=%2Fwp%2Fv2%2Fcomments&post=9915"}],"version-history":[{"count":5,"href":"http:\/\/www.maria-koenigin.de\/index.php?rest_route=\/wp\/v2\/posts\/9915\/revisions"}],"predecessor-version":[{"id":9934,"href":"http:\/\/www.maria-koenigin.de\/index.php?rest_route=\/wp\/v2\/posts\/9915\/revisions\/9934"}],"wp:attachment":[{"href":"http:\/\/www.maria-koenigin.de\/index.php?rest_route=%2Fwp%2Fv2%2Fmedia&parent=9915"}],"wp:term":[{"taxonomy":"category","embeddable":true,"href":"http:\/\/www.maria-koenigin.de\/index.php?rest_route=%2Fwp%2Fv2%2Fcategories&post=9915"},{"taxonomy":"post_tag","embeddable":true,"href":"http:\/\/www.maria-koenigin.de\/index.php?rest_route=%2Fwp%2Fv2%2Ftags&post=9915"}],"curies":[{"name":"wp","href":"https:\/\/api.w.org\/{rel}","templated":true}]}}