{"id":12179,"date":"2023-05-05T09:07:26","date_gmt":"2023-05-05T07:07:26","guid":{"rendered":"https:\/\/www.maria-koenigin.de\/?p=12179"},"modified":"2023-12-21T08:36:31","modified_gmt":"2023-12-21T07:36:31","slug":"eindruecke-vom-chemie-wettbewerb-dechemax","status":"publish","type":"post","link":"https:\/\/www.maria-koenigin.de\/?p=12179","title":{"rendered":"Eindr\u00fccke vom Chemie-Wettbewerb \u201eDechemax\u201c"},"content":{"rendered":"<p style=\"text-align: justify;\"><img loading=\"lazy\" decoding=\"async\" class=\"alignright wp-image-12180 size-full\" src=\"http:\/\/www.maria-koenigin.de\/wordpress\/wp-content\/uploads\/2023\/05\/dechemax-002klein.jpg\" alt=\"\" width=\"640\" height=\"448\" srcset=\"https:\/\/www.maria-koenigin.de\/wordpress\/wp-content\/uploads\/2023\/05\/dechemax-002klein.jpg 640w, https:\/\/www.maria-koenigin.de\/wordpress\/wp-content\/uploads\/2023\/05\/dechemax-002klein-300x210.jpg 300w, https:\/\/www.maria-koenigin.de\/wordpress\/wp-content\/uploads\/2023\/05\/dechemax-002klein-624x437.jpg 624w\" sizes=\"auto, (max-width: 640px) 100vw, 640px\" \/>Der Chemie Grundkurs von Herrn Wiese aus der Q2 hat an dem Wettbewerb \u201ePower2change\u201c von Dechemax teilgenommen. Dieses Projekt bearbeitet den Themenbereich einer klimaneutralen Zukunft und pr\u00e4sentiert L\u00f6sungsans\u00e4tze f\u00fcr eine sichere und bezahlbare Zukunft. Es werden Themen von Jahrgangsstufe 7 bis 12 abgefragt.<!--more--><\/p>\n<p style=\"text-align: justify;\">Die w\u00f6chentlichen Aufgaben ergeben mehrere Runden, in denen die Gruppen m\u00f6glichst viele Punkte sammeln m\u00fcssen um sich f\u00fcr die n\u00e4chste Runde zu qualifizieren. Die w\u00f6chentlichen Aufgaben sind vielf\u00e4ltig aufgebaut, von L\u00fcckentexten bis zum Aufstellen von Reaktionsgleichungen.\u00a0Der Kurs war in unterschiedliche Gruppen aufgeteilt und somit haben 5 Teams aus dem Kurs an dem Wettbewerb teilgenommen. In diesen Teams haben sie dann jeden Montag, in einer Einzelstunde, die neuen Aufgaben gel\u00f6st und abgeschickt. Nach ein paar Wochen erhielten sie eine erfreuliche R\u00fcckmeldung, in Form von erreichten Punkten.<\/p>\n<p style=\"text-align: justify;\">Durch die Vielf\u00e4ltigkeit der Themen dieses Wettbewerbs waren die Stunden abwechslungsreich und die Sch\u00fclerinnen und Sch\u00fcler hatten die M\u00f6glichkeit, neue Sachen zu lernen. Am besten hat ihnen allerdings das sehr eigenst\u00e4ndige Arbeiten in den Teams gefallen.<\/p>\n<p style=\"text-align: justify;\"><em>Antonia Tigges und Anna Heyse<\/em><\/p>\n<p>&nbsp;<\/p>\n","protected":false},"excerpt":{"rendered":"<p>Der Chemie Grundkurs von Herrn Wiese aus der Q2 hat an dem Wettbewerb \u201ePower2change\u201c von Dechemax teilgenommen. Dieses Projekt bearbeitet den Themenbereich einer klimaneutralen Zukunft und pr\u00e4sentiert L\u00f6sungsans\u00e4tze f\u00fcr eine sichere und bezahlbare Zukunft. Es werden Themen von Jahrgangsstufe 7 bis 12 abgefragt.<\/p>\n","protected":false},"author":7,"featured_media":0,"comment_status":"closed","ping_status":"closed","sticky":false,"template":"","format":"standard","meta":{"ngg_post_thumbnail":0,"footnotes":""},"categories":[4,19],"tags":[],"class_list":["post-12179","post","type-post","status-publish","format-standard","hentry","category-aktuelles","category-mint"],"_links":{"self":[{"href":"https:\/\/www.maria-koenigin.de\/index.php?rest_route=\/wp\/v2\/posts\/12179","targetHints":{"allow":["GET"]}}],"collection":[{"href":"https:\/\/www.maria-koenigin.de\/index.php?rest_route=\/wp\/v2\/posts"}],"about":[{"href":"https:\/\/www.maria-koenigin.de\/index.php?rest_route=\/wp\/v2\/types\/post"}],"author":[{"embeddable":true,"href":"https:\/\/www.maria-koenigin.de\/index.php?rest_route=\/wp\/v2\/users\/7"}],"replies":[{"embeddable":true,"href":"https:\/\/www.maria-koenigin.de\/index.php?rest_route=%2Fwp%2Fv2%2Fcomments&post=12179"}],"version-history":[{"count":2,"href":"https:\/\/www.maria-koenigin.de\/index.php?rest_route=\/wp\/v2\/posts\/12179\/revisions"}],"predecessor-version":[{"id":12182,"href":"https:\/\/www.maria-koenigin.de\/index.php?rest_route=\/wp\/v2\/posts\/12179\/revisions\/12182"}],"wp:attachment":[{"href":"https:\/\/www.maria-koenigin.de\/index.php?rest_route=%2Fwp%2Fv2%2Fmedia&parent=12179"}],"wp:term":[{"taxonomy":"category","embeddable":true,"href":"https:\/\/www.maria-koenigin.de\/index.php?rest_route=%2Fwp%2Fv2%2Fcategories&post=12179"},{"taxonomy":"post_tag","embeddable":true,"href":"https:\/\/www.maria-koenigin.de\/index.php?rest_route=%2Fwp%2Fv2%2Ftags&post=12179"}],"curies":[{"name":"wp","href":"https:\/\/api.w.org\/{rel}","templated":true}]}}