{"id":12183,"date":"2023-05-07T18:49:06","date_gmt":"2023-05-07T16:49:06","guid":{"rendered":"https:\/\/www.maria-koenigin.de\/?p=12183"},"modified":"2023-05-07T19:20:37","modified_gmt":"2023-05-07T17:20:37","slug":"grossartige-stimmung-bei-700-ehemaligen","status":"publish","type":"post","link":"https:\/\/www.maria-koenigin.de\/?p=12183","title":{"rendered":"Gro\u00dfartige Stimmung bei 700 Ehemaligen"},"content":{"rendered":"<p><img loading=\"lazy\" decoding=\"async\" class=\"alignright wp-image-12184 size-full\" src=\"http:\/\/www.maria-koenigin.de\/wordpress\/wp-content\/uploads\/2023\/05\/Ehemaligenfete-1klein.jpg\" alt=\"\" width=\"640\" height=\"364\" srcset=\"https:\/\/www.maria-koenigin.de\/wordpress\/wp-content\/uploads\/2023\/05\/Ehemaligenfete-1klein.jpg 640w, https:\/\/www.maria-koenigin.de\/wordpress\/wp-content\/uploads\/2023\/05\/Ehemaligenfete-1klein-300x171.jpg 300w, https:\/\/www.maria-koenigin.de\/wordpress\/wp-content\/uploads\/2023\/05\/Ehemaligenfete-1klein-624x355.jpg 624w\" sizes=\"auto, (max-width: 640px) 100vw, 640px\" \/><\/p>\n<p style=\"text-align: justify;\">Zu einem Fu\u00dfballturnier und zu einer gro\u00dfen Fete in der Sauerlandhalle hatte der Ehemaligenverein eingeladen und die Resonanz war \u00fcberw\u00e4ltigend. Im Vorfeld war schon zu sp\u00fcren, dass sich viele zur ersten Ehemaligenfete seit 2017 einfinden w\u00fcrden. Dass es dann aber etwa 700 Mkler und Mklerinnen wurden, hatte auch der Verein als Veranstalter nicht erwartet.<img loading=\"lazy\" decoding=\"async\" class=\"alignright wp-image-12185 size-full\" src=\"http:\/\/www.maria-koenigin.de\/wordpress\/wp-content\/uploads\/2023\/05\/Turnier-Sieger-1klein.jpg\" alt=\"\" width=\"640\" height=\"462\" srcset=\"https:\/\/www.maria-koenigin.de\/wordpress\/wp-content\/uploads\/2023\/05\/Turnier-Sieger-1klein.jpg 640w, https:\/\/www.maria-koenigin.de\/wordpress\/wp-content\/uploads\/2023\/05\/Turnier-Sieger-1klein-300x217.jpg 300w, https:\/\/www.maria-koenigin.de\/wordpress\/wp-content\/uploads\/2023\/05\/Turnier-Sieger-1klein-624x450.jpg 624w\" sizes=\"auto, (max-width: 640px) 100vw, 640px\" \/><\/p>\n<p style=\"text-align: justify;\">Das Siegerteam des Fu\u00dfballturniers, die Radler Truppe.<\/p>\n<p style=\"text-align: justify;\"><!--more-->Die Bandbreite ging von ganz fr\u00fchen Abiturjahrg\u00e4ngen aus den 70er Jahren bis zur aktuellen Abiturientia, die die Fete als willkommene Abwechslung vom Lernen f\u00fcr die M\u00fcndlichen Pr\u00fcfungen nutzte. Und manch einer hatte auch eine weite Anreise auf sich genommen, aus Berlin, M\u00fcnchen, Oldenburg, G\u00f6ttingen, sogar aus Griechenland kamen die G\u00e4ste. \u201eWir freuen uns \u00fcber die tolle Resonanz und die Stimmung, die einmal mehr zeigt, dass es vielen Ehemaligen wichtig ist, die Verbindung zu Maria K\u00f6nigin und untereinander zu halten\u201c, erkl\u00e4rte Martin Dornseifer.<\/p>\n<p style=\"text-align: justify;\">Auch Schulleiter Fabian Borys, f\u00fcr den es die erste Ehemaligenfete war, war begeistert von der guten Stimmung und der reibungslosen Organisation. \u201eEin richtig sch\u00f6nes Fest mit vielen Begegnungen. Ich danke allen, die das erm\u00f6glicht haben, besonders unserem Ehemaligenverein.\u201c \u00a0Die Bewirtung \u00fcbernahm der Sch\u00fctzenverein Altenhundem, f\u00fcr Musik und Technik sorgten Manuel Behle (\u201ebehle events\u201c) und Julian Richard. Auch der aktuelle Abiturjahrgang half beim Einlass mit.<\/p>\n<p style=\"text-align: justify;\"><img loading=\"lazy\" decoding=\"async\" class=\"alignright wp-image-12186 size-full\" src=\"http:\/\/www.maria-koenigin.de\/wordpress\/wp-content\/uploads\/2023\/05\/Turnier-Lehrer-lein.jpg\" alt=\"\" width=\"640\" height=\"462\" srcset=\"https:\/\/www.maria-koenigin.de\/wordpress\/wp-content\/uploads\/2023\/05\/Turnier-Lehrer-lein.jpg 640w, https:\/\/www.maria-koenigin.de\/wordpress\/wp-content\/uploads\/2023\/05\/Turnier-Lehrer-lein-300x217.jpg 300w, https:\/\/www.maria-koenigin.de\/wordpress\/wp-content\/uploads\/2023\/05\/Turnier-Lehrer-lein-624x450.jpg 624w\" sizes=\"auto, (max-width: 640px) 100vw, 640px\" \/>Bereits morgens um 11 Uhr hatte das Fu\u00dfballturnier mit acht Teams begonnen. Die Mannschaften aus unterschiedlichen Jahrg\u00e4ngen, teilweise auch gemischt, traten in spannenden und hochklassigen Spielen in zwei Gruppen gegeneinander an. Sieger wurde die \u201eRadler-Truppe\u201c mit Spielern aus Abiturjahrg\u00e4ngen um 2014, die den Abiturjahrgang 2021 im Finale nach 7 Meter-Schie\u00dfen besiegten.\u00a0<img loading=\"lazy\" decoding=\"async\" class=\"alignright wp-image-12187 size-full\" src=\"http:\/\/www.maria-koenigin.de\/wordpress\/wp-content\/uploads\/2023\/05\/Turnier-2.-Platz.jpg\" alt=\"\" width=\"640\" height=\"462\" srcset=\"https:\/\/www.maria-koenigin.de\/wordpress\/wp-content\/uploads\/2023\/05\/Turnier-2.-Platz.jpg 640w, https:\/\/www.maria-koenigin.de\/wordpress\/wp-content\/uploads\/2023\/05\/Turnier-2.-Platz-300x217.jpg 300w, https:\/\/www.maria-koenigin.de\/wordpress\/wp-content\/uploads\/2023\/05\/Turnier-2.-Platz-624x450.jpg 624w\" sizes=\"auto, (max-width: 640px) 100vw, 640px\" \/><\/p>\n<p style=\"text-align: justify;\">Platz 3 sicherte sich das Lehrerteam gegen die aktuellen Abiturienten 2023. Auf den weiteren Pl\u00e4tzen landeten das \u201eTeam Lindemann\u201c, \u201eKC Dicke Pins\u201c, die \u201eWalter Frosch-AG\u201c und Abi 2019 unter dem Namen \u201eElite\u201c. \u00a0\u00a0\u00a0Genauso wichtig wie die sportliche Seite war aber auch den Tag \u00fcber schon das Wiedersehen und viele Gespr\u00e4che. F\u00fcr die Essens- und Getr\u00e4nkeversorgung sorgte in bew\u00e4hrter Form die SV. Nico Rettler, der das Turnier organisiert hatte und der stellvertretende Schulleiter Christoph Tebr\u00fcgge, die beide auch selbst im Lehrerteam mitspielten, waren \u00fcberaus zufrieden mit dem Ablauf. <img loading=\"lazy\" decoding=\"async\" class=\"alignright wp-image-12188 size-full\" src=\"http:\/\/www.maria-koenigin.de\/wordpress\/wp-content\/uploads\/2023\/05\/Turnier-4.-Platz-klein.jpg\" alt=\"\" width=\"640\" height=\"462\" srcset=\"https:\/\/www.maria-koenigin.de\/wordpress\/wp-content\/uploads\/2023\/05\/Turnier-4.-Platz-klein.jpg 640w, https:\/\/www.maria-koenigin.de\/wordpress\/wp-content\/uploads\/2023\/05\/Turnier-4.-Platz-klein-300x217.jpg 300w, https:\/\/www.maria-koenigin.de\/wordpress\/wp-content\/uploads\/2023\/05\/Turnier-4.-Platz-klein-624x450.jpg 624w\" sizes=\"auto, (max-width: 640px) 100vw, 640px\" \/><\/p>\n<p>&nbsp;<\/p>\n","protected":false},"excerpt":{"rendered":"<p>Zu einem Fu\u00dfballturnier und zu einer gro\u00dfen Fete in der Sauerlandhalle hatte der Ehemaligenverein eingeladen und die Resonanz war \u00fcberw\u00e4ltigend. Im Vorfeld war schon zu sp\u00fcren, dass sich viele zur ersten Ehemaligenfete seit 2017 einfinden w\u00fcrden. Dass es dann aber etwa 700 Mkler und Mklerinnen wurden, hatte auch der Verein als Veranstalter nicht erwartet. Das [&hellip;]<\/p>\n","protected":false},"author":7,"featured_media":0,"comment_status":"closed","ping_status":"closed","sticky":false,"template":"","format":"standard","meta":{"ngg_post_thumbnail":0,"footnotes":""},"categories":[4],"tags":[],"class_list":["post-12183","post","type-post","status-publish","format-standard","hentry","category-aktuelles"],"_links":{"self":[{"href":"https:\/\/www.maria-koenigin.de\/index.php?rest_route=\/wp\/v2\/posts\/12183","targetHints":{"allow":["GET"]}}],"collection":[{"href":"https:\/\/www.maria-koenigin.de\/index.php?rest_route=\/wp\/v2\/posts"}],"about":[{"href":"https:\/\/www.maria-koenigin.de\/index.php?rest_route=\/wp\/v2\/types\/post"}],"author":[{"embeddable":true,"href":"https:\/\/www.maria-koenigin.de\/index.php?rest_route=\/wp\/v2\/users\/7"}],"replies":[{"embeddable":true,"href":"https:\/\/www.maria-koenigin.de\/index.php?rest_route=%2Fwp%2Fv2%2Fcomments&post=12183"}],"version-history":[{"count":3,"href":"https:\/\/www.maria-koenigin.de\/index.php?rest_route=\/wp\/v2\/posts\/12183\/revisions"}],"predecessor-version":[{"id":12193,"href":"https:\/\/www.maria-koenigin.de\/index.php?rest_route=\/wp\/v2\/posts\/12183\/revisions\/12193"}],"wp:attachment":[{"href":"https:\/\/www.maria-koenigin.de\/index.php?rest_route=%2Fwp%2Fv2%2Fmedia&parent=12183"}],"wp:term":[{"taxonomy":"category","embeddable":true,"href":"https:\/\/www.maria-koenigin.de\/index.php?rest_route=%2Fwp%2Fv2%2Fcategories&post=12183"},{"taxonomy":"post_tag","embeddable":true,"href":"https:\/\/www.maria-koenigin.de\/index.php?rest_route=%2Fwp%2Fv2%2Ftags&post=12183"}],"curies":[{"name":"wp","href":"https:\/\/api.w.org\/{rel}","templated":true}]}}