{"id":12202,"date":"2023-05-17T18:00:47","date_gmt":"2023-05-17T16:00:47","guid":{"rendered":"https:\/\/www.maria-koenigin.de\/?p=12202"},"modified":"2023-05-10T18:27:51","modified_gmt":"2023-05-10T16:27:51","slug":"q2-in-paderborn-dom-weihbischof-interreligioes-und-queer","status":"publish","type":"post","link":"https:\/\/www.maria-koenigin.de\/?p=12202","title":{"rendered":"Q2 in Paderborn:  Dom, Weihbischof, interreligi\u00f6s und queer"},"content":{"rendered":"<p style=\"text-align: justify;\"><img loading=\"lazy\" decoding=\"async\" class=\"alignright wp-image-12204 size-full\" src=\"http:\/\/www.maria-koenigin.de\/wordpress\/wp-content\/uploads\/2023\/05\/Exkursion-Paderborn-5-kl.jpg\" alt=\"\" width=\"640\" height=\"480\" srcset=\"https:\/\/www.maria-koenigin.de\/wordpress\/wp-content\/uploads\/2023\/05\/Exkursion-Paderborn-5-kl.jpg 640w, https:\/\/www.maria-koenigin.de\/wordpress\/wp-content\/uploads\/2023\/05\/Exkursion-Paderborn-5-kl-300x225.jpg 300w, https:\/\/www.maria-koenigin.de\/wordpress\/wp-content\/uploads\/2023\/05\/Exkursion-Paderborn-5-kl-624x468.jpg 624w\" sizes=\"auto, (max-width: 640px) 100vw, 640px\" \/>Ein Grundkurs Religion der Q2 des Gymnasium Maria K\u00f6nigin und einige weitere Sch\u00fclerinnen und Sch\u00fcler besuchten kurz vor dem Abitur im Rahmen des Kirchenkurses die Bistumsstadt Paderborn. Innerhalb von zwei Tagen hatten die Sch\u00fcler und die begleitenden Lehrer Ansgar Kaufmann und Tobias Riesel viele interessante Begegnungen mit Vertretern und Vertreterinnen des Erzbistums. Neben einer informativen Domf\u00fchrung und einem pers\u00f6nlichen Gespr\u00e4ch mit Weihbischof Matthias K\u00f6nig gab es Gespr\u00e4che zu interreligi\u00f6sem Dialog, queersensibler Pastoral, zur Lernmotivation und zu den katholischen Jugendverb\u00e4nden.\u00a0 <!--more--><\/p>\n<p style=\"text-align: justify;\">Die Anreise nach Paderborn erfolgte mit dem Zug und die Unterbringung im Haus Maria Immaculata. In einer ausf\u00fchrlichen Domf\u00fchrung erl\u00e4uterte Rainer Skroka die Entstehung des Doms bis hin zur Herkunft und Bedeutung diverser Gem\u00e4lde und Gegenst\u00e4nde innerhalb des gro\u00dfen Geb\u00e4udes.<\/p>\n<p style=\"text-align: justify;\"><img loading=\"lazy\" decoding=\"async\" class=\"alignright wp-image-12206 size-full\" src=\"http:\/\/www.maria-koenigin.de\/wordpress\/wp-content\/uploads\/2023\/05\/Exkursion-Paderborn-3-kl.jpg\" alt=\"\" width=\"640\" height=\"480\" srcset=\"https:\/\/www.maria-koenigin.de\/wordpress\/wp-content\/uploads\/2023\/05\/Exkursion-Paderborn-3-kl.jpg 640w, https:\/\/www.maria-koenigin.de\/wordpress\/wp-content\/uploads\/2023\/05\/Exkursion-Paderborn-3-kl-300x225.jpg 300w, https:\/\/www.maria-koenigin.de\/wordpress\/wp-content\/uploads\/2023\/05\/Exkursion-Paderborn-3-kl-624x468.jpg 624w\" sizes=\"auto, (max-width: 640px) 100vw, 640px\" \/>Im Anschluss darauf fand das geplante Treffen mit Weihbischof Matthias K\u00f6nig statt. Es entwickelte sich ein sehr offenes und differenziertes Gespr\u00e4ch zur vielen Themen rund um Kirche. Matthias K\u00f6nig war aber auch sehr interessiert an der aktuellen Situation der Sch\u00fclerinnen und Sch\u00fcler kurz vor dem Abitur und nach zwei Jahren Corona. Die Sch\u00fcler schlossen den Tag mit einem gemeinsamen Abendessen mit dem Weihbischof im Roadhouse Paderborn und einem Karaoke-Abend ab.<\/p>\n<p style=\"text-align: justify;\"><img loading=\"lazy\" decoding=\"async\" class=\"alignright wp-image-12205 size-full\" src=\"http:\/\/www.maria-koenigin.de\/wordpress\/wp-content\/uploads\/2023\/05\/Exkursion-Paderborn-2-kl.jpg\" alt=\"\" width=\"640\" height=\"480\" srcset=\"https:\/\/www.maria-koenigin.de\/wordpress\/wp-content\/uploads\/2023\/05\/Exkursion-Paderborn-2-kl.jpg 640w, https:\/\/www.maria-koenigin.de\/wordpress\/wp-content\/uploads\/2023\/05\/Exkursion-Paderborn-2-kl-300x225.jpg 300w, https:\/\/www.maria-koenigin.de\/wordpress\/wp-content\/uploads\/2023\/05\/Exkursion-Paderborn-2-kl-624x468.jpg 624w\" sizes=\"auto, (max-width: 640px) 100vw, 640px\" \/>Der n\u00e4chste Morgen begann mit einem kurzen Morgengebet in der Bartholom\u00e4uskapelle, der \u00e4ltesten erhaltenen Hallenkirche n\u00f6rdlich der Alpen.\u00a0Die Sch\u00fcler nahmen in Gruppen an drei verschiedenen Veranstaltungen teil. Beim interreligi\u00f6sen Gespr\u00e4ch mit Benedikt K\u00f6rner standen das interreligi\u00f6se Gespr\u00e4ch und die Konzilserkl\u00e4rung \u201eNostra Aetate\u201c im Fokus.\u00a0W\u00e4hrenddessen fand das von der Abteilung Schulpastoral entwickelte Programm \u201eEndspurt zum Abitur &#8211; Lernmotivation\u201c statt, in welchem den Sch\u00fclern gezeigt wurde, wie man sich selbst f\u00fcrs Lernen weiter motivieren kann. Es wurden hilfreiche Tipps und Methoden erl\u00e4utert und die Sch\u00fcler konnten ihre eigenen bisherigen Erfahrungen zum Thema Motivation miteinander teilen um sich gegenseitig zu unterst\u00fctzen.\u00a0Weitere Gespr\u00e4chspartnerinnen waren Annika Manegold und Helena Schmidt vom Bund der Deutschen Katholischen Jugend, die Grunds\u00e4tze und Aktivit\u00e4ten des BDKJ und seiner Mitgliedsverb\u00e4nde vorstellten.<\/p>\n<p style=\"text-align: justify;\"><img loading=\"lazy\" decoding=\"async\" class=\"alignright wp-image-12207 size-full\" src=\"http:\/\/www.maria-koenigin.de\/wordpress\/wp-content\/uploads\/2023\/05\/Exkursion-Paderborn-4-kl.jpg\" alt=\"\" width=\"640\" height=\"480\" srcset=\"https:\/\/www.maria-koenigin.de\/wordpress\/wp-content\/uploads\/2023\/05\/Exkursion-Paderborn-4-kl.jpg 640w, https:\/\/www.maria-koenigin.de\/wordpress\/wp-content\/uploads\/2023\/05\/Exkursion-Paderborn-4-kl-300x225.jpg 300w, https:\/\/www.maria-koenigin.de\/wordpress\/wp-content\/uploads\/2023\/05\/Exkursion-Paderborn-4-kl-624x468.jpg 624w\" sizes=\"auto, (max-width: 640px) 100vw, 640px\" \/>Zum Schluss stand noch ein Gespr\u00e4ch \u00fcber queersensible Pastoral auf dem Programm. Melina Sieker erl\u00e4uterte die Bem\u00fchungen des Erzbistums f\u00fcr mehr Geschlechtergerechtigkeit und Diversit\u00e4t. Die fortschrittlichen Positionen in diesen Fragen stie\u00dfen auf Erstaunen bei den Sch\u00fclerinnen und Sch\u00fclern.<\/p>\n","protected":false},"excerpt":{"rendered":"<p>Ein Grundkurs Religion der Q2 des Gymnasium Maria K\u00f6nigin und einige weitere Sch\u00fclerinnen und Sch\u00fcler besuchten kurz vor dem Abitur im Rahmen des Kirchenkurses die Bistumsstadt Paderborn. Innerhalb von zwei Tagen hatten die Sch\u00fcler und die begleitenden Lehrer Ansgar Kaufmann und Tobias Riesel viele interessante Begegnungen mit Vertretern und Vertreterinnen des Erzbistums. Neben einer informativen [&hellip;]<\/p>\n","protected":false},"author":7,"featured_media":0,"comment_status":"closed","ping_status":"closed","sticky":false,"template":"","format":"standard","meta":{"ngg_post_thumbnail":0,"footnotes":""},"categories":[4],"tags":[],"class_list":["post-12202","post","type-post","status-publish","format-standard","hentry","category-aktuelles"],"_links":{"self":[{"href":"https:\/\/www.maria-koenigin.de\/index.php?rest_route=\/wp\/v2\/posts\/12202","targetHints":{"allow":["GET"]}}],"collection":[{"href":"https:\/\/www.maria-koenigin.de\/index.php?rest_route=\/wp\/v2\/posts"}],"about":[{"href":"https:\/\/www.maria-koenigin.de\/index.php?rest_route=\/wp\/v2\/types\/post"}],"author":[{"embeddable":true,"href":"https:\/\/www.maria-koenigin.de\/index.php?rest_route=\/wp\/v2\/users\/7"}],"replies":[{"embeddable":true,"href":"https:\/\/www.maria-koenigin.de\/index.php?rest_route=%2Fwp%2Fv2%2Fcomments&post=12202"}],"version-history":[{"count":2,"href":"https:\/\/www.maria-koenigin.de\/index.php?rest_route=\/wp\/v2\/posts\/12202\/revisions"}],"predecessor-version":[{"id":12208,"href":"https:\/\/www.maria-koenigin.de\/index.php?rest_route=\/wp\/v2\/posts\/12202\/revisions\/12208"}],"wp:attachment":[{"href":"https:\/\/www.maria-koenigin.de\/index.php?rest_route=%2Fwp%2Fv2%2Fmedia&parent=12202"}],"wp:term":[{"taxonomy":"category","embeddable":true,"href":"https:\/\/www.maria-koenigin.de\/index.php?rest_route=%2Fwp%2Fv2%2Fcategories&post=12202"},{"taxonomy":"post_tag","embeddable":true,"href":"https:\/\/www.maria-koenigin.de\/index.php?rest_route=%2Fwp%2Fv2%2Ftags&post=12202"}],"curies":[{"name":"wp","href":"https:\/\/api.w.org\/{rel}","templated":true}]}}