{"id":12212,"date":"2023-05-18T23:53:41","date_gmt":"2023-05-18T21:53:41","guid":{"rendered":"https:\/\/www.maria-koenigin.de\/?p=12212"},"modified":"2023-05-18T23:53:41","modified_gmt":"2023-05-18T21:53:41","slug":"jonas-vom-orde-gewinnt-den-diercke-wissen-wettbewerb-2023","status":"publish","type":"post","link":"https:\/\/www.maria-koenigin.de\/?p=12212","title":{"rendered":"Jonas vom Orde gewinnt den Diercke Wissen Wettbewerb 2023"},"content":{"rendered":"<p style=\"text-align: justify;\">Wieder einmal haben sich unsere Sch\u00fclerinnen und Sch\u00fcler aus den Jahrgangsstufen 7, 8 und 9 in Deutschlands gr\u00f6\u00dftem Geographiewettbewerb mit \u00fcber 310.000 Teilnehmern gemessen und mehr oder weniger komplexe Fragen rund um Deutschland und die Welt gel\u00f6st.<\/p>\n<p style=\"text-align: justify;\"><img loading=\"lazy\" decoding=\"async\" class=\"alignright wp-image-12213 size-full\" src=\"http:\/\/www.maria-koenigin.de\/wordpress\/wp-content\/uploads\/2023\/05\/Diercke-Wettbewerb-Klassensieger-2023-002klein.jpg\" alt=\"\" width=\"640\" height=\"390\" srcset=\"https:\/\/www.maria-koenigin.de\/wordpress\/wp-content\/uploads\/2023\/05\/Diercke-Wettbewerb-Klassensieger-2023-002klein.jpg 640w, https:\/\/www.maria-koenigin.de\/wordpress\/wp-content\/uploads\/2023\/05\/Diercke-Wettbewerb-Klassensieger-2023-002klein-300x183.jpg 300w, https:\/\/www.maria-koenigin.de\/wordpress\/wp-content\/uploads\/2023\/05\/Diercke-Wettbewerb-Klassensieger-2023-002klein-624x380.jpg 624w\" sizes=\"auto, (max-width: 640px) 100vw, 640px\" \/> Die Klassengewinner des Diercke Wissen Wettbewerb 2023 (<em>von links nach rechts<\/em>): Jonas vom Orde (7b), Paul Stahl (9a), David Sch\u00fcrholz (7d), Bernhard Hilber (8c), Philipp Geisler (7c), Niklas Dobbener (8a), Lya Bourgund (9c), Enna Forst (9b), Lehrer Peter Peil, Justus Krippendorf (7a); es fehlt: Ruben Stamm (8b).<!--more--><\/p>\n<p style=\"text-align: justify;\">Es galt zum Beispiel Fachbegriffe wie Tidenhub, Migration, Atmosph\u00e4re oder Erdrotation zu definieren oder zu identifizieren. Dar\u00fcber hinaus wurde topographisches Wissen rund um Fl\u00fcsse und Meere, das Gradnetz sowie die H\u00f6henstufen der Vegetation abgefragt. Kompliziert waren die Stichfragen, z.B. \u201eWie h\u00e4ufig passt Hamburg fl\u00e4chenm\u00e4\u00dfig in Bayern?\u201c (Antwort: ca. 93x).<\/p>\n<p style=\"text-align: justify;\">In der ersten Runde sind unter flei\u00dfiger Mithilfe des Erdkunde Leistungskurses der Jahrgangsstufe Q1 von Herrn Peil die Klassensieger ermittelt worden. In der sich anschlie\u00dfenden Finalrunde erzielte Paul Stahl aus der Klasse 9a den dritten Platz mit 19 Punkten, Lya Bourgund aus der 9c gewann Silber mit 19,5 Punkten und Schulsieger darf sich jetzt f\u00fcr mindestens ein Jahr Jonas vom Orde aus der Klasse 7b nennen mit einer Gesamtpunktzahl von 20,5 \u2013 Herzlichen Gl\u00fcckwunsch an die drei Gewinner!<\/p>\n<p style=\"text-align: justify;\">Jonas hat zudem ein Geographie Kartenspiel gewonnen \u2013 The World Game, ein Lernspiel rund um die Staaten der Erde.\u00a0\u201eGerade im Fach Geographie besch\u00e4ftigen sich die Lernenden mit den globalen Herausforderungen in unserem 21. Jahrhundert, die die Lebensgrundlagen der Menschen bedrohen. Dabei k\u00f6nnen sie sich mit Schwerpunkten wie dem anthropogenen Klimawandel, der weltweiten Migration, Armut, demographischer Entwicklung, der Endlichkeit von Ressourcen und vielem mehr auseinandersetzen&#8220;, erl\u00e4utert Simone Reutemann, die 2. Vorsitzende des VDSG (Verband Deutscher Schulgeographen e. V.). Dieses Zitat unterstreicht sehr gut die Bedeutung der Geographie im F\u00e4cherkanon unseres Gymnasiums.\u00a0Wer selbst einmal r\u00e4tseln m\u00f6chte, kann sich gerne bei der Erdkundefachschaft melden, um die Frage- und Antwortb\u00f6gen zu erhalten.<\/p>\n<p>Peter Peil<\/p>\n","protected":false},"excerpt":{"rendered":"<p>Wieder einmal haben sich unsere Sch\u00fclerinnen und Sch\u00fcler aus den Jahrgangsstufen 7, 8 und 9 in Deutschlands gr\u00f6\u00dftem Geographiewettbewerb mit \u00fcber 310.000 Teilnehmern gemessen und mehr oder weniger komplexe Fragen rund um Deutschland und die Welt gel\u00f6st. Die Klassengewinner des Diercke Wissen Wettbewerb 2023 (von links nach rechts): Jonas vom Orde (7b), Paul Stahl (9a), [&hellip;]<\/p>\n","protected":false},"author":7,"featured_media":0,"comment_status":"closed","ping_status":"closed","sticky":false,"template":"","format":"standard","meta":{"ngg_post_thumbnail":0,"footnotes":""},"categories":[4],"tags":[],"class_list":["post-12212","post","type-post","status-publish","format-standard","hentry","category-aktuelles"],"_links":{"self":[{"href":"https:\/\/www.maria-koenigin.de\/index.php?rest_route=\/wp\/v2\/posts\/12212","targetHints":{"allow":["GET"]}}],"collection":[{"href":"https:\/\/www.maria-koenigin.de\/index.php?rest_route=\/wp\/v2\/posts"}],"about":[{"href":"https:\/\/www.maria-koenigin.de\/index.php?rest_route=\/wp\/v2\/types\/post"}],"author":[{"embeddable":true,"href":"https:\/\/www.maria-koenigin.de\/index.php?rest_route=\/wp\/v2\/users\/7"}],"replies":[{"embeddable":true,"href":"https:\/\/www.maria-koenigin.de\/index.php?rest_route=%2Fwp%2Fv2%2Fcomments&post=12212"}],"version-history":[{"count":1,"href":"https:\/\/www.maria-koenigin.de\/index.php?rest_route=\/wp\/v2\/posts\/12212\/revisions"}],"predecessor-version":[{"id":12214,"href":"https:\/\/www.maria-koenigin.de\/index.php?rest_route=\/wp\/v2\/posts\/12212\/revisions\/12214"}],"wp:attachment":[{"href":"https:\/\/www.maria-koenigin.de\/index.php?rest_route=%2Fwp%2Fv2%2Fmedia&parent=12212"}],"wp:term":[{"taxonomy":"category","embeddable":true,"href":"https:\/\/www.maria-koenigin.de\/index.php?rest_route=%2Fwp%2Fv2%2Fcategories&post=12212"},{"taxonomy":"post_tag","embeddable":true,"href":"https:\/\/www.maria-koenigin.de\/index.php?rest_route=%2Fwp%2Fv2%2Ftags&post=12212"}],"curies":[{"name":"wp","href":"https:\/\/api.w.org\/{rel}","templated":true}]}}