{"id":12228,"date":"2023-05-31T23:19:47","date_gmt":"2023-05-31T21:19:47","guid":{"rendered":"https:\/\/www.maria-koenigin.de\/?p=12228"},"modified":"2023-06-07T20:55:55","modified_gmt":"2023-06-07T18:55:55","slug":"ergebnisse-der-schulinternen-evaluation","status":"publish","type":"post","link":"https:\/\/www.maria-koenigin.de\/?p=12228","title":{"rendered":"Ergebnisse der schulinternen Evaluation"},"content":{"rendered":"<p style=\"text-align: justify;\"><img loading=\"lazy\" decoding=\"async\" class=\"alignright wp-image-12230 size-full\" src=\"http:\/\/www.maria-koenigin.de\/wordpress\/wp-content\/uploads\/2023\/05\/Symbolbild-Evaluation.jpg\" alt=\"\" width=\"640\" height=\"427\" srcset=\"https:\/\/www.maria-koenigin.de\/wordpress\/wp-content\/uploads\/2023\/05\/Symbolbild-Evaluation.jpg 640w, https:\/\/www.maria-koenigin.de\/wordpress\/wp-content\/uploads\/2023\/05\/Symbolbild-Evaluation-300x200.jpg 300w, https:\/\/www.maria-koenigin.de\/wordpress\/wp-content\/uploads\/2023\/05\/Symbolbild-Evaluation-624x416.jpg 624w\" sizes=\"auto, (max-width: 640px) 100vw, 640px\" \/>Mit einigen Videos stellen wir die Ergebnisse der schulinternen Evaluation vor. Wir laden dazu ein, sich die Videos anzusehen.\u00a0 Im Dezember 2022 haben wir eine schulinterne Evaluation durchgef\u00fchrt und unsere Sch\u00fclerinnen und Sch\u00fcler, Eltern und das Kollegium zur aktuellen Situation unserer Schule befragt. Im Januar 2023 haben sich Vertreter von Eltern, Sch\u00fclern und Kollegen zusammensetzt, die Ergebnisse intensiv angeschaut und Handlungsfelder benannt.<!--more--><\/p>\n<p style=\"text-align: justify;\">Anschlie\u00dfend haben sich die Kolleginnen und Kollegen an einem P\u00e4dagogischen Tag bereits mit den definierten Handlungsfeldern besch\u00e4ftigt und erste Konsequenzen im weiteren Vorgehen f\u00fcr die Schulentwicklung abgeleitet. Die Schulpflegschaft konnte sich dann Ende Februar mit den Ergebnissen aus den verschiedenen Themenbereichen an einem gut besuchten Informationsabend auseinandersetzen. Hier wurde mit den Elternvertreterinnen \u2013 und Vertretern sowie den Sch\u00fclerinnen und Sch\u00fclern auch vereinbart, die Schulgemeinde mithilfe von kurzen Clips zu informieren. Die Clips finden sich auf unserem Youtube-Kanal &#8222;Gymnasium Maria K\u00f6nigin&#8220; in der Playlist &#8222;Evaluations Videos 23&#8220; oder \u00fcber die folgenden Links:<\/p>\n<p style=\"text-align: justify;\"><strong>Neues Video 5 ist online: Thema &#8222;Miteinander an MK&#8220;:<\/strong>\u00a0 <a href=\"https:\/\/youtu.be\/fZzX8KnG3Qc\">https:\/\/youtu.be\/fZzX8KnG3Qc<\/a><\/p>\n<p style=\"text-align: justify;\">Video 1 zur Einf\u00fchrung:\u00a0 \u00a0<a href=\"https:\/\/youtu.be\/S5LM-GkepDQ\">https:\/\/youtu.be\/S5LM-GkepDQ<\/a><\/p>\n<p style=\"text-align: justify;\">Video 2 zum Thema &#8222;Digitalisierung&#8220;:\u00a0\u00a0 \u00a0<a href=\"https:\/\/youtu.be\/SoYKd-y6Tlo\">https:\/\/youtu.be\/SoYKd-y6Tlo<\/a><\/p>\n<p style=\"text-align: justify;\">Video 3 zum Thema &#8222;Schulprofil und Schulentwicklung&#8220;:\u00a0 \u00a0<a href=\"https:\/\/youtu.be\/bol_aocJQNo\">https:\/\/youtu.be\/bol_aocJQNo<\/a><\/p>\n<p style=\"text-align: justify;\">Video 4 zum Thema &#8222;Unterricht&#8220;:\u00a0 \u00a0<a href=\"https:\/\/youtu.be\/IR9NJcgwu7A\">https:\/\/youtu.be\/IR9NJcgwu7A<\/a><\/p>\n<p style=\"text-align: justify;\">Sofern sich in diesem Zusammenhang Fragen oder Anmerkungen ergeben, gibt es selbstverst\u00e4ndlich die M\u00f6glichkeit, sich jederzeit unter folgender Mailadresse <a href=\"mailto:Evaluation@maria-koenigin.de\">Evaluation@maria-koenigin.de<\/a> zu melden.<\/p>\n<p>&nbsp;<\/p>\n","protected":false},"excerpt":{"rendered":"<p>Mit einigen Videos stellen wir die Ergebnisse der schulinternen Evaluation vor. Wir laden dazu ein, sich die Videos anzusehen.\u00a0 Im Dezember 2022 haben wir eine schulinterne Evaluation durchgef\u00fchrt und unsere Sch\u00fclerinnen und Sch\u00fcler, Eltern und das Kollegium zur aktuellen Situation unserer Schule befragt. Im Januar 2023 haben sich Vertreter von Eltern, Sch\u00fclern und Kollegen zusammensetzt, [&hellip;]<\/p>\n","protected":false},"author":7,"featured_media":0,"comment_status":"closed","ping_status":"closed","sticky":false,"template":"","format":"standard","meta":{"ngg_post_thumbnail":0,"footnotes":""},"categories":[4],"tags":[],"class_list":["post-12228","post","type-post","status-publish","format-standard","hentry","category-aktuelles"],"_links":{"self":[{"href":"https:\/\/www.maria-koenigin.de\/index.php?rest_route=\/wp\/v2\/posts\/12228","targetHints":{"allow":["GET"]}}],"collection":[{"href":"https:\/\/www.maria-koenigin.de\/index.php?rest_route=\/wp\/v2\/posts"}],"about":[{"href":"https:\/\/www.maria-koenigin.de\/index.php?rest_route=\/wp\/v2\/types\/post"}],"author":[{"embeddable":true,"href":"https:\/\/www.maria-koenigin.de\/index.php?rest_route=\/wp\/v2\/users\/7"}],"replies":[{"embeddable":true,"href":"https:\/\/www.maria-koenigin.de\/index.php?rest_route=%2Fwp%2Fv2%2Fcomments&post=12228"}],"version-history":[{"count":3,"href":"https:\/\/www.maria-koenigin.de\/index.php?rest_route=\/wp\/v2\/posts\/12228\/revisions"}],"predecessor-version":[{"id":12235,"href":"https:\/\/www.maria-koenigin.de\/index.php?rest_route=\/wp\/v2\/posts\/12228\/revisions\/12235"}],"wp:attachment":[{"href":"https:\/\/www.maria-koenigin.de\/index.php?rest_route=%2Fwp%2Fv2%2Fmedia&parent=12228"}],"wp:term":[{"taxonomy":"category","embeddable":true,"href":"https:\/\/www.maria-koenigin.de\/index.php?rest_route=%2Fwp%2Fv2%2Fcategories&post=12228"},{"taxonomy":"post_tag","embeddable":true,"href":"https:\/\/www.maria-koenigin.de\/index.php?rest_route=%2Fwp%2Fv2%2Ftags&post=12228"}],"curies":[{"name":"wp","href":"https:\/\/api.w.org\/{rel}","templated":true}]}}