{"id":12236,"date":"2023-06-08T22:21:08","date_gmt":"2023-06-08T20:21:08","guid":{"rendered":"https:\/\/www.maria-koenigin.de\/?p=12236"},"modified":"2023-06-08T22:21:56","modified_gmt":"2023-06-08T20:21:56","slug":"guetesiegel-durchgaengige-sprachbildung","status":"publish","type":"post","link":"https:\/\/www.maria-koenigin.de\/?p=12236","title":{"rendered":"G\u00fctesiegel \u201eDurchg\u00e4ngige Sprachbildung\u201c"},"content":{"rendered":"<p style=\"text-align: justify;\"><img loading=\"lazy\" decoding=\"async\" class=\"alignright wp-image-12237 size-full\" src=\"http:\/\/www.maria-koenigin.de\/wordpress\/wp-content\/uploads\/2023\/06\/Guetesiegel-1.jpg\" alt=\"\" width=\"640\" height=\"426\" srcset=\"https:\/\/www.maria-koenigin.de\/wordpress\/wp-content\/uploads\/2023\/06\/Guetesiegel-1.jpg 640w, https:\/\/www.maria-koenigin.de\/wordpress\/wp-content\/uploads\/2023\/06\/Guetesiegel-1-300x200.jpg 300w, https:\/\/www.maria-koenigin.de\/wordpress\/wp-content\/uploads\/2023\/06\/Guetesiegel-1-624x415.jpg 624w\" sizes=\"auto, (max-width: 640px) 100vw, 640px\" \/>Maria K\u00f6nigin und Grundschule Oene-Elspe-Tal erreichen den dritten Platz. Frau Busch-B\u00f6hmke und Frau Friesekothen von der GS Oene-Elspe-Tal und Jennifer Voss, Frederik Linn, Schulleiter Fabian Borys und Hans-Gerd Mummel als Vorsitzender des Tr\u00e4gervereins nahmen die Auszeichnung entgegen. <!--more--><\/p>\n<p style=\"text-align: justify;\">Als die Idee von der Grundschule Oene-Elspe-Tal kam, sich in Kooperation f\u00fcr das G\u00fctesiegel \u201eDurchg\u00e4ngige Sprachbildung\u201c zu bewerben, war das MK sofort Feuer und Flamme.\u00a0Denn die Medienkompetenztage, die die Medienscouts des MK im Jahre 2022 unter anderem auch der Grundschule Oene-Elspe-Tal durchgef\u00fchrt haben, bilden eine super Voraussetzung f\u00fcr die Umsetzung einer durchg\u00e4ngigen medialen Bildungssprache:<\/p>\n<p style=\"text-align: justify;\"><img loading=\"lazy\" decoding=\"async\" class=\"alignright wp-image-12238 size-full\" src=\"http:\/\/www.maria-koenigin.de\/wordpress\/wp-content\/uploads\/2023\/06\/Gueresiegel-2.jpg\" alt=\"\" width=\"640\" height=\"481\" srcset=\"https:\/\/www.maria-koenigin.de\/wordpress\/wp-content\/uploads\/2023\/06\/Gueresiegel-2.jpg 640w, https:\/\/www.maria-koenigin.de\/wordpress\/wp-content\/uploads\/2023\/06\/Gueresiegel-2-300x225.jpg 300w, https:\/\/www.maria-koenigin.de\/wordpress\/wp-content\/uploads\/2023\/06\/Gueresiegel-2-624x469.jpg 624w\" sizes=\"auto, (max-width: 640px) 100vw, 640px\" \/>In Klasse 1 bis 4 unterst\u00fctzen unsere Medienscouts und Klassenpaten die Kolleginnen und Kollegen der Grundschule bei ihrem Projekt der Medienbildung. Nahtlos kn\u00fcpfen sie dabei \u00fcber die Erprobungsstufe hinaus an die Medienbildung unseres Gymnasiums an:\u00a0Die Grundsch\u00fcler werden an den Medienkompetenztagen u.a. beim Umgang mit dem iPad, dem PC und Textverarbeitungsprogrammen wie \u201eWord\u201c unterst\u00fctzt, wobei das eigene Handeln dabei klar im Vordergrund steht. Grundvoraussetzung f\u00fcr diese Arbeit ist eine gemeinsame Bildungssprache, deren Aufbau sich wie folgt darstellen l\u00e4sst: W\u00e4hrend die ersten Grundsteine in Form von Wortspeichern bereits in der Grundschule erlernt werden, werden diese nicht nur w\u00e4hrend der gemeinsamen Projekttage, sondern auch an der weiterf\u00fchrenden Schule, angewandt: Dies geschieht am Gymnasium Maria K\u00f6nigin z.B. im Fach \u201eMedien\u201c in Klasse 5, im Fach \u201eInformatik\u201c in Klasse 6 bzw. 9\/10 sowie in der Oberstufe, im Fach \u201eTechnik\u201c oder als Wahlpflichtfach &#8222;JIA\u201c, in AGs und nicht zuletzt bei der Ausbildung zu \u201eMedienscouts NRW\u201c, die wiederum die Grundschulen im Projekt begleiten. Man k\u00f6nnte sagen: ein unendlicher bildungssprachlicher Zirkel.<\/p>\n<p style=\"text-align: justify;\">Gerade der Aufbau einer Bildungssprache \u201eDigitale Medien\u201c ist f\u00fcr die private und vor allem berufliche Zukunft der Sch\u00fclerinnen und Sch\u00fcler von riesiger Bedeutung. Daher freuen wir uns umso mehr, Teil dieser besonderen Kooperation sein zu d\u00fcrfen. Belohnt wurde diese am 23. Mai 2023 mit dem G\u00fctesiegel \u201eDurchg\u00e4ngige Sprachbildung\u201c sowie dem dritten Platz mit einem Preisgeld von 500 Euro, das in weitere Medienprojekte mit einflie\u00dfen wird.\u00a0Ein besonderer Dank geht einerseits an die Kolleginnen und Kollegen der Grundschule und unseres Gymnasiums, die viel Zeit und Ideen eingebracht und dieses tolle Projekt ins Leben gerufen und mitgestaltet haben. Andererseits m\u00f6chten wir uns aber auch bei Medienscouts und Klassenpaten bedanken, die dieses Projekt erst mit ihrem Einsatz und Engagement abrunden und f\u00fcr die Grundsch\u00fcler unvergesslich gemacht haben.<\/p>\n<p>&nbsp;<\/p>\n","protected":false},"excerpt":{"rendered":"<p>Maria K\u00f6nigin und Grundschule Oene-Elspe-Tal erreichen den dritten Platz. Frau Busch-B\u00f6hmke und Frau Friesekothen von der GS Oene-Elspe-Tal und Jennifer Voss, Frederik Linn, Schulleiter Fabian Borys und Hans-Gerd Mummel als Vorsitzender des Tr\u00e4gervereins nahmen die Auszeichnung entgegen.<\/p>\n","protected":false},"author":7,"featured_media":0,"comment_status":"closed","ping_status":"closed","sticky":false,"template":"","format":"standard","meta":{"ngg_post_thumbnail":0,"footnotes":""},"categories":[4],"tags":[],"class_list":["post-12236","post","type-post","status-publish","format-standard","hentry","category-aktuelles"],"_links":{"self":[{"href":"https:\/\/www.maria-koenigin.de\/index.php?rest_route=\/wp\/v2\/posts\/12236","targetHints":{"allow":["GET"]}}],"collection":[{"href":"https:\/\/www.maria-koenigin.de\/index.php?rest_route=\/wp\/v2\/posts"}],"about":[{"href":"https:\/\/www.maria-koenigin.de\/index.php?rest_route=\/wp\/v2\/types\/post"}],"author":[{"embeddable":true,"href":"https:\/\/www.maria-koenigin.de\/index.php?rest_route=\/wp\/v2\/users\/7"}],"replies":[{"embeddable":true,"href":"https:\/\/www.maria-koenigin.de\/index.php?rest_route=%2Fwp%2Fv2%2Fcomments&post=12236"}],"version-history":[{"count":2,"href":"https:\/\/www.maria-koenigin.de\/index.php?rest_route=\/wp\/v2\/posts\/12236\/revisions"}],"predecessor-version":[{"id":12240,"href":"https:\/\/www.maria-koenigin.de\/index.php?rest_route=\/wp\/v2\/posts\/12236\/revisions\/12240"}],"wp:attachment":[{"href":"https:\/\/www.maria-koenigin.de\/index.php?rest_route=%2Fwp%2Fv2%2Fmedia&parent=12236"}],"wp:term":[{"taxonomy":"category","embeddable":true,"href":"https:\/\/www.maria-koenigin.de\/index.php?rest_route=%2Fwp%2Fv2%2Fcategories&post=12236"},{"taxonomy":"post_tag","embeddable":true,"href":"https:\/\/www.maria-koenigin.de\/index.php?rest_route=%2Fwp%2Fv2%2Ftags&post=12236"}],"curies":[{"name":"wp","href":"https:\/\/api.w.org\/{rel}","templated":true}]}}