{"id":12242,"date":"2023-06-17T17:19:24","date_gmt":"2023-06-17T15:19:24","guid":{"rendered":"https:\/\/www.maria-koenigin.de\/?p=12242"},"modified":"2023-06-18T22:59:15","modified_gmt":"2023-06-18T20:59:15","slug":"77-glueckliche-abiturientinnen-und-abiturienten","status":"publish","type":"post","link":"https:\/\/www.maria-koenigin.de\/?p=12242","title":{"rendered":"\u201eJede(r)  Einzelne war und ist wichtig!\u201c"},"content":{"rendered":"<p style=\"text-align: justify;\"><img loading=\"lazy\" decoding=\"async\" class=\"alignnone wp-image-12247 size-large\" src=\"http:\/\/www.maria-koenigin.de\/wordpress\/wp-content\/uploads\/2023\/06\/Abitur-Gruppenphoto-MK23-1024x617.jpg\" alt=\"\" width=\"625\" height=\"377\" srcset=\"https:\/\/www.maria-koenigin.de\/wordpress\/wp-content\/uploads\/2023\/06\/Abitur-Gruppenphoto-MK23-1024x617.jpg 1024w, https:\/\/www.maria-koenigin.de\/wordpress\/wp-content\/uploads\/2023\/06\/Abitur-Gruppenphoto-MK23-300x181.jpg 300w, https:\/\/www.maria-koenigin.de\/wordpress\/wp-content\/uploads\/2023\/06\/Abitur-Gruppenphoto-MK23-768x463.jpg 768w, https:\/\/www.maria-koenigin.de\/wordpress\/wp-content\/uploads\/2023\/06\/Abitur-Gruppenphoto-MK23-1536x926.jpg 1536w, https:\/\/www.maria-koenigin.de\/wordpress\/wp-content\/uploads\/2023\/06\/Abitur-Gruppenphoto-MK23-2048x1235.jpg 2048w, https:\/\/www.maria-koenigin.de\/wordpress\/wp-content\/uploads\/2023\/06\/Abitur-Gruppenphoto-MK23-624x376.jpg 624w\" sizes=\"auto, (max-width: 625px) 100vw, 625px\" \/><\/p>\n<p style=\"text-align: justify;\">Bei strahlendem Wetter und in einem festlichen Rahmen verabschiedete das Gymnasium Maria K\u00f6nigin jetzt die 77 Abiturientinnen und Abiturienten des Jahres 2023.\u00a0<span style=\"font-size: 1rem;\"><img loading=\"lazy\" decoding=\"async\" class=\"alignright wp-image-12261 size-full\" src=\"http:\/\/www.maria-koenigin.de\/wordpress\/wp-content\/uploads\/2023\/06\/Abi-23-Fabiankl.jpg\" alt=\"\" width=\"640\" height=\"427\" srcset=\"https:\/\/www.maria-koenigin.de\/wordpress\/wp-content\/uploads\/2023\/06\/Abi-23-Fabiankl.jpg 640w, https:\/\/www.maria-koenigin.de\/wordpress\/wp-content\/uploads\/2023\/06\/Abi-23-Fabiankl-300x200.jpg 300w, https:\/\/www.maria-koenigin.de\/wordpress\/wp-content\/uploads\/2023\/06\/Abi-23-Fabiankl-624x416.jpg 624w\" sizes=\"auto, (max-width: 640px) 100vw, 640px\" \/><\/span><!--more--><\/p>\n<p style=\"text-align: justify;\"><span style=\"font-size: 1rem;\">Viele gute W\u00fcnsche und eine gro\u00dfe Anerkennung f\u00fcr das Geleistete standen im Mittelpunkt des Festaktes, zu dem Schulleiter Fabian Borys viele G\u00e4ste, unter anderem Tobias Puspas und Bj\u00f6rn Jarosz, begr\u00fc\u00dfen konnte. Die beiden B\u00fcrgermeister ermunterten die Abiturientia dazu, eigene Wege zu gehen, die Gesellschaft mitzugestalten und der Heimat treu zu bleiben. \u201eWir brauchen euch und eure F\u00e4higkeiten hier in unseren Kommunen!\u201c, rief B\u00fcrgermeister Jarosz den jungen Leuten zu.<\/span><\/p>\n<p style=\"text-align: justify;\"><img loading=\"lazy\" decoding=\"async\" class=\"alignleft wp-image-12255\" src=\"http:\/\/www.maria-koenigin.de\/wordpress\/wp-content\/uploads\/2023\/06\/Abi-23-Jarosz-1024x683.jpg\" alt=\"\" width=\"281\" height=\"187\" srcset=\"https:\/\/www.maria-koenigin.de\/wordpress\/wp-content\/uploads\/2023\/06\/Abi-23-Jarosz-1024x683.jpg 1024w, https:\/\/www.maria-koenigin.de\/wordpress\/wp-content\/uploads\/2023\/06\/Abi-23-Jarosz-300x200.jpg 300w, https:\/\/www.maria-koenigin.de\/wordpress\/wp-content\/uploads\/2023\/06\/Abi-23-Jarosz-768x512.jpg 768w, https:\/\/www.maria-koenigin.de\/wordpress\/wp-content\/uploads\/2023\/06\/Abi-23-Jarosz-1536x1024.jpg 1536w, https:\/\/www.maria-koenigin.de\/wordpress\/wp-content\/uploads\/2023\/06\/Abi-23-Jarosz-2048x1365.jpg 2048w, https:\/\/www.maria-koenigin.de\/wordpress\/wp-content\/uploads\/2023\/06\/Abi-23-Jarosz-624x416.jpg 624w\" sizes=\"auto, (max-width: 281px) 100vw, 281px\" \/><\/p>\n<p><img loading=\"lazy\" decoding=\"async\" class=\"alignleft wp-image-12254\" src=\"http:\/\/www.maria-koenigin.de\/wordpress\/wp-content\/uploads\/2023\/06\/Abi-23-Puspas-1024x683.jpg\" alt=\"\" width=\"279\" height=\"186\" srcset=\"https:\/\/www.maria-koenigin.de\/wordpress\/wp-content\/uploads\/2023\/06\/Abi-23-Puspas-1024x683.jpg 1024w, https:\/\/www.maria-koenigin.de\/wordpress\/wp-content\/uploads\/2023\/06\/Abi-23-Puspas-300x200.jpg 300w, https:\/\/www.maria-koenigin.de\/wordpress\/wp-content\/uploads\/2023\/06\/Abi-23-Puspas-768x512.jpg 768w, https:\/\/www.maria-koenigin.de\/wordpress\/wp-content\/uploads\/2023\/06\/Abi-23-Puspas-1536x1024.jpg 1536w, https:\/\/www.maria-koenigin.de\/wordpress\/wp-content\/uploads\/2023\/06\/Abi-23-Puspas-2048x1365.jpg 2048w, https:\/\/www.maria-koenigin.de\/wordpress\/wp-content\/uploads\/2023\/06\/Abi-23-Puspas-624x416.jpg 624w\" sizes=\"auto, (max-width: 279px) 100vw, 279px\" \/><\/p>\n<p>&nbsp;<\/p>\n<p>&nbsp;<\/p>\n<p>&nbsp;<\/p>\n<p>&nbsp;<\/p>\n<p>&nbsp;<\/p>\n<p><img loading=\"lazy\" decoding=\"async\" class=\"alignleft wp-image-12257\" style=\"margin-top: 0.857143rem; margin-right: 1.71429rem; margin-bottom: 0.857143rem; text-align: justify;\" src=\"http:\/\/www.maria-koenigin.de\/wordpress\/wp-content\/uploads\/2023\/06\/Abi-23-Dornseiferkl.jpg\" alt=\"\" width=\"282\" height=\"188\" srcset=\"https:\/\/www.maria-koenigin.de\/wordpress\/wp-content\/uploads\/2023\/06\/Abi-23-Dornseiferkl.jpg 640w, https:\/\/www.maria-koenigin.de\/wordpress\/wp-content\/uploads\/2023\/06\/Abi-23-Dornseiferkl-300x200.jpg 300w, https:\/\/www.maria-koenigin.de\/wordpress\/wp-content\/uploads\/2023\/06\/Abi-23-Dornseiferkl-624x416.jpg 624w\" sizes=\"auto, (max-width: 282px) 100vw, 282px\" \/><\/p>\n<p><a href=\"http:\/\/www.maria-koenigin.de\/wordpress\/wp-content\/uploads\/2023\/06\/Abi-23-Henrichskl.jpg\"><img loading=\"lazy\" decoding=\"async\" class=\"wp-image-12256 alignright\" src=\"http:\/\/www.maria-koenigin.de\/wordpress\/wp-content\/uploads\/2023\/06\/Abi-23-Henrichskl.jpg\" alt=\"\" width=\"281\" height=\"187\" srcset=\"https:\/\/www.maria-koenigin.de\/wordpress\/wp-content\/uploads\/2023\/06\/Abi-23-Henrichskl.jpg 640w, https:\/\/www.maria-koenigin.de\/wordpress\/wp-content\/uploads\/2023\/06\/Abi-23-Henrichskl-300x200.jpg 300w, https:\/\/www.maria-koenigin.de\/wordpress\/wp-content\/uploads\/2023\/06\/Abi-23-Henrichskl-624x416.jpg 624w\" sizes=\"auto, (max-width: 281px) 100vw, 281px\" \/><\/a><\/p>\n<p>&nbsp;<\/p>\n<p>&nbsp;<\/p>\n<p>&nbsp;<\/p>\n<p>&nbsp;<\/p>\n<p style=\"text-align: justify;\"><span style=\"text-align: justify;\">F\u00fcr die schulischen Vereine sprachen Christoph Henrichs f\u00fcr den Tr\u00e4gerverein und Martin Dornseifer f\u00fcr die Ehemaligen von MK. Beide betonten die besondere Atmosph\u00e4re der Schule und das damit verbundene gute Lernklima und luden dazu ein, auch in Zukunft den Kontakt zum Gymnasium Maria K\u00f6nigin zu halten.\u00a0 \u00a0\u00a0<\/span><\/p>\n<p style=\"text-align: justify;\"><img loading=\"lazy\" decoding=\"async\" class=\"alignright wp-image-12258\" src=\"http:\/\/www.maria-koenigin.de\/wordpress\/wp-content\/uploads\/2023\/06\/Abi-23-Zimmermannkl.jpg\" alt=\"\" width=\"450\" height=\"301\" srcset=\"https:\/\/www.maria-koenigin.de\/wordpress\/wp-content\/uploads\/2023\/06\/Abi-23-Zimmermannkl.jpg 640w, https:\/\/www.maria-koenigin.de\/wordpress\/wp-content\/uploads\/2023\/06\/Abi-23-Zimmermannkl-300x200.jpg 300w, https:\/\/www.maria-koenigin.de\/wordpress\/wp-content\/uploads\/2023\/06\/Abi-23-Zimmermannkl-624x416.jpg 624w\" sizes=\"auto, (max-width: 450px) 100vw, 450px\" \/>Im Namen der Eltern dankte Markus Zimmermann allen Mitarbeitern in der Schule f\u00fcr die Begleitung und Unterst\u00fctzung der Stufe und beschrieb deren Zukunftsaussichten als durchaus positiv trotz aller Probleme und Krisen.<\/p>\n<p style=\"text-align: justify;\">Stufenleiter Andr\u00e9 Bertels blickte humorvoll auf die gemeinsame Oberstufenzeit zur\u00fcck. Er ermunterte die Abiturienten, sich treu zu bleiben: \u201eBehaltet euch eure Zielstrebigkeit bei und haltet euch immer wieder vor Augen, was ihr hier geschafft habt!\u201c Und er betonte die gute Gemeinschaft der Stufe und die Bedeutung jede Einzelnen: \u201eWirklich jeder von euch war f\u00fcr sich eine Bereicherung f\u00fcr diese Stufe.\u201c <img loading=\"lazy\" decoding=\"async\" class=\"alignright wp-image-12259 size-full\" src=\"http:\/\/www.maria-koenigin.de\/wordpress\/wp-content\/uploads\/2023\/06\/Abi-23-Bertels-kl.jpg\" alt=\"\" width=\"640\" height=\"427\" srcset=\"https:\/\/www.maria-koenigin.de\/wordpress\/wp-content\/uploads\/2023\/06\/Abi-23-Bertels-kl.jpg 640w, https:\/\/www.maria-koenigin.de\/wordpress\/wp-content\/uploads\/2023\/06\/Abi-23-Bertels-kl-300x200.jpg 300w, https:\/\/www.maria-koenigin.de\/wordpress\/wp-content\/uploads\/2023\/06\/Abi-23-Bertels-kl-624x416.jpg 624w\" sizes=\"auto, (max-width: 640px) 100vw, 640px\" \/><\/p>\n<p style=\"text-align: justify;\">Jule Epping und Julian Rickert schlie\u00dflich riefen viele Erlebnisse aus dem gemeinsamen Schulleben in Erinnerung und sorgten so f\u00fcr manchen Lacher. <img loading=\"lazy\" decoding=\"async\" class=\"alignright wp-image-12260 size-full\" src=\"http:\/\/www.maria-koenigin.de\/wordpress\/wp-content\/uploads\/2023\/06\/Abi-23-Schuelerredekl.jpg\" alt=\"\" width=\"640\" height=\"427\" srcset=\"https:\/\/www.maria-koenigin.de\/wordpress\/wp-content\/uploads\/2023\/06\/Abi-23-Schuelerredekl.jpg 640w, https:\/\/www.maria-koenigin.de\/wordpress\/wp-content\/uploads\/2023\/06\/Abi-23-Schuelerredekl-300x200.jpg 300w, https:\/\/www.maria-koenigin.de\/wordpress\/wp-content\/uploads\/2023\/06\/Abi-23-Schuelerredekl-624x416.jpg 624w\" sizes=\"auto, (max-width: 640px) 100vw, 640px\" \/><\/p>\n<p style=\"text-align: justify;\">500 G\u00e4ste hatten zuvor mit Pfarrer Ludger Wollweber einen Gottesdienst gefeiert, in dem es, getreu dem Abimotto der &#8222;Abinauten&#8220;, um Sterne, Sternstunden und unbekannte Weiten ging.<img loading=\"lazy\" decoding=\"async\" class=\"alignright wp-image-12262 size-full\" src=\"http:\/\/www.maria-koenigin.de\/wordpress\/wp-content\/uploads\/2023\/06\/Abi-23-Godi-Sprechspielkl.jpg\" alt=\"\" width=\"640\" height=\"427\" srcset=\"https:\/\/www.maria-koenigin.de\/wordpress\/wp-content\/uploads\/2023\/06\/Abi-23-Godi-Sprechspielkl.jpg 640w, https:\/\/www.maria-koenigin.de\/wordpress\/wp-content\/uploads\/2023\/06\/Abi-23-Godi-Sprechspielkl-300x200.jpg 300w, https:\/\/www.maria-koenigin.de\/wordpress\/wp-content\/uploads\/2023\/06\/Abi-23-Godi-Sprechspielkl-624x416.jpg 624w\" sizes=\"auto, (max-width: 640px) 100vw, 640px\" \/> Anhand der \u201eWeihnachtsgeschichte\u201c von den Sterndeutern beschrieben Jonathan Br\u00e4utigam, Irma Mester und Hannah Schack aus unterschiedlichen Perspektiven, welchem Stern sie folgen wollen, wer ihre Wegbegleiter waren und sind und welche Sch\u00e4tze sie mitbringen. Lina Grothof fasste ihre Erfahrungen in einem beeindruckenden Poetry Slam zusammen. <img loading=\"lazy\" decoding=\"async\" class=\"alignright wp-image-12263 size-full\" src=\"http:\/\/www.maria-koenigin.de\/wordpress\/wp-content\/uploads\/2023\/06\/Abi-23-Grothof-Poetry-Slamkl.jpg\" alt=\"\" width=\"640\" height=\"427\" srcset=\"https:\/\/www.maria-koenigin.de\/wordpress\/wp-content\/uploads\/2023\/06\/Abi-23-Grothof-Poetry-Slamkl.jpg 640w, https:\/\/www.maria-koenigin.de\/wordpress\/wp-content\/uploads\/2023\/06\/Abi-23-Grothof-Poetry-Slamkl-300x200.jpg 300w, https:\/\/www.maria-koenigin.de\/wordpress\/wp-content\/uploads\/2023\/06\/Abi-23-Grothof-Poetry-Slamkl-624x416.jpg 624w\" sizes=\"auto, (max-width: 640px) 100vw, 640px\" \/><\/p>\n<p style=\"text-align: justify;\">Musikalisch gestalteten einige Sch\u00fcler des Abiturjahrgangs, der Vokalpraktische Kurs unter Leitung von Hendrik Sch\u00f6rmann und das Orchester unter Leitung von Frederik Linn Gottesdienst und Festakt mit. <img loading=\"lazy\" decoding=\"async\" class=\"alignright wp-image-12264 size-full\" src=\"http:\/\/www.maria-koenigin.de\/wordpress\/wp-content\/uploads\/2023\/06\/Abi-23-Band-kl.jpg\" alt=\"\" width=\"640\" height=\"385\" srcset=\"https:\/\/www.maria-koenigin.de\/wordpress\/wp-content\/uploads\/2023\/06\/Abi-23-Band-kl.jpg 640w, https:\/\/www.maria-koenigin.de\/wordpress\/wp-content\/uploads\/2023\/06\/Abi-23-Band-kl-300x180.jpg 300w, https:\/\/www.maria-koenigin.de\/wordpress\/wp-content\/uploads\/2023\/06\/Abi-23-Band-kl-624x375.jpg 624w\" sizes=\"auto, (max-width: 640px) 100vw, 640px\" \/><\/p>\n<p style=\"text-align: justify;\">Schulleiter Fabian Borys betonte in seiner Rede, dass es wichtig sei, die eigenen F\u00e4higkeiten richtig einzusch\u00e4tzen und die Stelle zu finden, wo man diese gut einsetzen k\u00f6nne. Er hob hervor, dass die Demokratie unverzichtbar sei f\u00fcr unsere Gesellschaft. Borys bedankte sich auch ausdr\u00fccklich bei den Abiturienten f\u00fcr alles, was sie an Freude und Engagement in die Schule eingebracht h\u00e4tten.<img loading=\"lazy\" decoding=\"async\" class=\"alignright wp-image-12265 size-full\" src=\"http:\/\/www.maria-koenigin.de\/wordpress\/wp-content\/uploads\/2023\/06\/Abi-23-Orchesterkl.jpg\" alt=\"\" width=\"640\" height=\"427\" srcset=\"https:\/\/www.maria-koenigin.de\/wordpress\/wp-content\/uploads\/2023\/06\/Abi-23-Orchesterkl.jpg 640w, https:\/\/www.maria-koenigin.de\/wordpress\/wp-content\/uploads\/2023\/06\/Abi-23-Orchesterkl-300x200.jpg 300w, https:\/\/www.maria-koenigin.de\/wordpress\/wp-content\/uploads\/2023\/06\/Abi-23-Orchesterkl-624x416.jpg 624w\" sizes=\"auto, (max-width: 640px) 100vw, 640px\" \/><\/p>\n<p style=\"text-align: justify;\">77 Abiturientinnen und Abiturienten erhielten ihr Abiturzeugnis, davon stammen \u00a039 aus der Lennestadt und 23 aus der Gemeinde Kirchhundem, elf aus der Stadt Schmallenberg, drei aus der Gemeinde Finnentrop und einer aus der Stadt Olpe.<img loading=\"lazy\" decoding=\"async\" class=\"alignright wp-image-12266 size-full\" src=\"http:\/\/www.maria-koenigin.de\/wordpress\/wp-content\/uploads\/2023\/06\/Abi-23-Ensemblekl.jpg\" alt=\"\" width=\"640\" height=\"473\" srcset=\"https:\/\/www.maria-koenigin.de\/wordpress\/wp-content\/uploads\/2023\/06\/Abi-23-Ensemblekl.jpg 640w, https:\/\/www.maria-koenigin.de\/wordpress\/wp-content\/uploads\/2023\/06\/Abi-23-Ensemblekl-300x222.jpg 300w, https:\/\/www.maria-koenigin.de\/wordpress\/wp-content\/uploads\/2023\/06\/Abi-23-Ensemblekl-624x461.jpg 624w\" sizes=\"auto, (max-width: 640px) 100vw, 640px\" \/><\/p>\n<p style=\"text-align: justify;\">Auch die Leistungen waren in diesem Jahr wieder sehr erfreulich. 20 haben eine 1 vor dem Komma, zw\u00f6lf von ihnen haben ihr Abitur mit einer 1,5 oder besser bestanden, davon hat einer mit der Bestnote 1,0 bestanden. Neben den Notenbesten wurden verschiedene Sch\u00fcler auch f\u00fcr ihre Leistungen in Chemie, Mathematik, Physik und Religion geehrt.<img loading=\"lazy\" decoding=\"async\" class=\"alignright wp-image-12267 size-full\" src=\"http:\/\/www.maria-koenigin.de\/wordpress\/wp-content\/uploads\/2023\/06\/Abi-23-VPKkl.jpg\" alt=\"\" width=\"640\" height=\"427\" srcset=\"https:\/\/www.maria-koenigin.de\/wordpress\/wp-content\/uploads\/2023\/06\/Abi-23-VPKkl.jpg 640w, https:\/\/www.maria-koenigin.de\/wordpress\/wp-content\/uploads\/2023\/06\/Abi-23-VPKkl-300x200.jpg 300w, https:\/\/www.maria-koenigin.de\/wordpress\/wp-content\/uploads\/2023\/06\/Abi-23-VPKkl-624x416.jpg 624w\" sizes=\"auto, (max-width: 640px) 100vw, 640px\" \/><\/p>\n<p style=\"text-align: justify;\">Das sind die Abiturientinnen und Abiturienten des Gymnasiums Maria K\u00f6nigin 2023:<\/p>\n<p style=\"text-align: justify;\"><strong>Kirchhundem:<\/strong> Konrad Alff, Amy A\u00dfmann, Leoni Baier, Maya Beste, Lara Decker, Jule Epping, Jolina Hanses, Lenia Hille, Leonie Jansen, Katharina Japes, Merve Japes, Joelina Kebben, Phil Kirsch, Leon K\u00f6nig, Jonas M\u00fcller, Kristin N\u00f6cker, Sarah Poggel, Emilia Ruppert, Mara-Sophie Schmidt, Helen Shen, Antonia\u00a0\u00a0 Tigges, Hannah Vogt, Luka Zeppenfeld\u00a0 <img loading=\"lazy\" decoding=\"async\" class=\"alignright wp-image-12269 size-full\" src=\"http:\/\/www.maria-koenigin.de\/wordpress\/wp-content\/uploads\/2023\/06\/Abi-23-Uebergabe-Corneliuskl.jpg\" alt=\"\" width=\"640\" height=\"427\" srcset=\"https:\/\/www.maria-koenigin.de\/wordpress\/wp-content\/uploads\/2023\/06\/Abi-23-Uebergabe-Corneliuskl.jpg 640w, https:\/\/www.maria-koenigin.de\/wordpress\/wp-content\/uploads\/2023\/06\/Abi-23-Uebergabe-Corneliuskl-300x200.jpg 300w, https:\/\/www.maria-koenigin.de\/wordpress\/wp-content\/uploads\/2023\/06\/Abi-23-Uebergabe-Corneliuskl-624x416.jpg 624w\" sizes=\"auto, (max-width: 640px) 100vw, 640px\" \/><\/p>\n<p style=\"text-align: justify;\"><strong>Lennestadt:<\/strong> Greta Baumhoff, Fynn Berghoff, Jonathan Br\u00e4utigam, Marco Breidenbach, Katharina Br\u00fcggemann, Cindy-Celine Dittmar, Marie-Sophie Erhart, Kira Erwes, Maya Fielenbach, Anna Fot, Lina Grothof, Fynn Heimes, Jakob H\u00fcmmeler, Joel H\u00fcmmeler, Vanessa Irmler, Marc Janke,\u00a0 Jana Kurzbach, Annika Lillpopp, Cornelius Mester, Irma Mester, Ida Michels, Maja N\u00fcschen, Martha Otis, Freskine Ramiqi, Lina Reifenberg, Nele Reuter, Nele Richard, Viola Sacala, Davin Sapp, Hannah Schack, Lara Schauerte, Marla Scheermann, Marten Schelle, Jana-Marie Schmidt, Yannick Schr\u00f6der, Tony Steffen, Luise Steinhoff, Vibisha Thujendran, Jakob Vo\u00dfhagen <img loading=\"lazy\" decoding=\"async\" class=\"alignright wp-image-12270 size-full\" src=\"http:\/\/www.maria-koenigin.de\/wordpress\/wp-content\/uploads\/2023\/06\/Abi-23-Uebergabe-Marlakl.jpg\" alt=\"\" width=\"640\" height=\"427\" srcset=\"https:\/\/www.maria-koenigin.de\/wordpress\/wp-content\/uploads\/2023\/06\/Abi-23-Uebergabe-Marlakl.jpg 640w, https:\/\/www.maria-koenigin.de\/wordpress\/wp-content\/uploads\/2023\/06\/Abi-23-Uebergabe-Marlakl-300x200.jpg 300w, https:\/\/www.maria-koenigin.de\/wordpress\/wp-content\/uploads\/2023\/06\/Abi-23-Uebergabe-Marlakl-624x416.jpg 624w\" sizes=\"auto, (max-width: 640px) 100vw, 640px\" \/><\/p>\n<p style=\"text-align: justify;\"><strong>Schmallenberg:<\/strong> Niels Bogers, Lea Cleffmann, Anna Heyse, Theresa Hickmann, Josefina Hoffe, Julian Rickert, Jonathan Rinke, Max Schulte-Sprenger, Jule Tigges, Julianna Wunder, Dana Zimmermann<img loading=\"lazy\" decoding=\"async\" class=\"alignright wp-image-12271 size-full\" src=\"http:\/\/www.maria-koenigin.de\/wordpress\/wp-content\/uploads\/2023\/06\/Abi-23-Uebergabe-Karlottakl.jpg\" alt=\"\" width=\"640\" height=\"543\" srcset=\"https:\/\/www.maria-koenigin.de\/wordpress\/wp-content\/uploads\/2023\/06\/Abi-23-Uebergabe-Karlottakl.jpg 640w, https:\/\/www.maria-koenigin.de\/wordpress\/wp-content\/uploads\/2023\/06\/Abi-23-Uebergabe-Karlottakl-300x255.jpg 300w, https:\/\/www.maria-koenigin.de\/wordpress\/wp-content\/uploads\/2023\/06\/Abi-23-Uebergabe-Karlottakl-624x529.jpg 624w\" sizes=\"auto, (max-width: 640px) 100vw, 640px\" \/><\/p>\n<p style=\"text-align: justify;\"><strong>Finnentrop:<\/strong> Lara-Sophie Albrecht, Karlotta Arens, Sophie Baumgarten<\/p>\n<p style=\"text-align: justify;\"><strong>Olpe:<\/strong> Finn Merlin L\u00f6wenberger<img loading=\"lazy\" decoding=\"async\" class=\"alignright wp-image-12268 size-full\" src=\"http:\/\/www.maria-koenigin.de\/wordpress\/wp-content\/uploads\/2023\/06\/Abi-23-Plakatkl.jpg\" alt=\"\" width=\"640\" height=\"853\" srcset=\"https:\/\/www.maria-koenigin.de\/wordpress\/wp-content\/uploads\/2023\/06\/Abi-23-Plakatkl.jpg 640w, https:\/\/www.maria-koenigin.de\/wordpress\/wp-content\/uploads\/2023\/06\/Abi-23-Plakatkl-225x300.jpg 225w, https:\/\/www.maria-koenigin.de\/wordpress\/wp-content\/uploads\/2023\/06\/Abi-23-Plakatkl-624x832.jpg 624w\" sizes=\"auto, (max-width: 640px) 100vw, 640px\" \/><\/p>\n<p>&nbsp;<\/p>\n<p>&nbsp;<\/p>\n","protected":false},"excerpt":{"rendered":"<p>Bei strahlendem Wetter und in einem festlichen Rahmen verabschiedete das Gymnasium Maria K\u00f6nigin jetzt die 77 Abiturientinnen und Abiturienten des Jahres 2023.\u00a0<\/p>\n","protected":false},"author":7,"featured_media":0,"comment_status":"closed","ping_status":"closed","sticky":false,"template":"","format":"standard","meta":{"ngg_post_thumbnail":0,"footnotes":""},"categories":[4],"tags":[],"class_list":["post-12242","post","type-post","status-publish","format-standard","hentry","category-aktuelles"],"_links":{"self":[{"href":"https:\/\/www.maria-koenigin.de\/index.php?rest_route=\/wp\/v2\/posts\/12242","targetHints":{"allow":["GET"]}}],"collection":[{"href":"https:\/\/www.maria-koenigin.de\/index.php?rest_route=\/wp\/v2\/posts"}],"about":[{"href":"https:\/\/www.maria-koenigin.de\/index.php?rest_route=\/wp\/v2\/types\/post"}],"author":[{"embeddable":true,"href":"https:\/\/www.maria-koenigin.de\/index.php?rest_route=\/wp\/v2\/users\/7"}],"replies":[{"embeddable":true,"href":"https:\/\/www.maria-koenigin.de\/index.php?rest_route=%2Fwp%2Fv2%2Fcomments&post=12242"}],"version-history":[{"count":10,"href":"https:\/\/www.maria-koenigin.de\/index.php?rest_route=\/wp\/v2\/posts\/12242\/revisions"}],"predecessor-version":[{"id":12274,"href":"https:\/\/www.maria-koenigin.de\/index.php?rest_route=\/wp\/v2\/posts\/12242\/revisions\/12274"}],"wp:attachment":[{"href":"https:\/\/www.maria-koenigin.de\/index.php?rest_route=%2Fwp%2Fv2%2Fmedia&parent=12242"}],"wp:term":[{"taxonomy":"category","embeddable":true,"href":"https:\/\/www.maria-koenigin.de\/index.php?rest_route=%2Fwp%2Fv2%2Fcategories&post=12242"},{"taxonomy":"post_tag","embeddable":true,"href":"https:\/\/www.maria-koenigin.de\/index.php?rest_route=%2Fwp%2Fv2%2Ftags&post=12242"}],"curies":[{"name":"wp","href":"https:\/\/api.w.org\/{rel}","templated":true}]}}