{"id":12299,"date":"2023-07-01T08:00:57","date_gmt":"2023-07-01T06:00:57","guid":{"rendered":"https:\/\/www.maria-koenigin.de\/?p=12299"},"modified":"2023-06-26T23:25:06","modified_gmt":"2023-06-26T21:25:06","slug":"gemeinsam-fuer-europa-austauschbegegnung-mit-frankreich","status":"publish","type":"post","link":"https:\/\/www.maria-koenigin.de\/?p=12299","title":{"rendered":"Gemeinsam f\u00fcr Europa: Austauschbegegnung mit Frankreich"},"content":{"rendered":"<p style=\"text-align: justify;\"><img loading=\"lazy\" decoding=\"async\" class=\"alignright wp-image-12300 size-full\" src=\"http:\/\/www.maria-koenigin.de\/wordpress\/wp-content\/uploads\/2023\/06\/Frankreich-4kl.jpg\" alt=\"\" width=\"640\" height=\"480\" srcset=\"https:\/\/www.maria-koenigin.de\/wordpress\/wp-content\/uploads\/2023\/06\/Frankreich-4kl.jpg 640w, https:\/\/www.maria-koenigin.de\/wordpress\/wp-content\/uploads\/2023\/06\/Frankreich-4kl-300x225.jpg 300w, https:\/\/www.maria-koenigin.de\/wordpress\/wp-content\/uploads\/2023\/06\/Frankreich-4kl-624x468.jpg 624w\" sizes=\"auto, (max-width: 640px) 100vw, 640px\" \/>Mit unserer Partnerschule in Frankreich, dem Coll\u00e8ge Ren\u00e9 Bernier in St.-S\u00e9bastien-sur-Loire (bei Nantes), fand zum zweiten Mal eine spannende Drittortbegegnung statt (in diesem Jahr auf Schloss Ortenberg &#8211; bei Offenburg), an der 35 Sch\u00fclerinnen und Sch\u00fcler unserer Jahrgangsstufe 8 und 21 franz\u00f6sische Partnerinnen und Partner teilnahmen. <!--more--><\/p>\n<p style=\"text-align: justify;\"><img loading=\"lazy\" decoding=\"async\" class=\"alignright wp-image-12301 size-full\" src=\"http:\/\/www.maria-koenigin.de\/wordpress\/wp-content\/uploads\/2023\/06\/Frankreich3kl.jpg\" alt=\"\" width=\"640\" height=\"480\" srcset=\"https:\/\/www.maria-koenigin.de\/wordpress\/wp-content\/uploads\/2023\/06\/Frankreich3kl.jpg 640w, https:\/\/www.maria-koenigin.de\/wordpress\/wp-content\/uploads\/2023\/06\/Frankreich3kl-300x225.jpg 300w, https:\/\/www.maria-koenigin.de\/wordpress\/wp-content\/uploads\/2023\/06\/Frankreich3kl-624x468.jpg 624w\" sizes=\"auto, (max-width: 640px) 100vw, 640px\" \/>Gef\u00f6rdert wurde das Projekt vom Deutsch-Franz\u00f6sischen Jugendwerk. Das gemeinsame Kennenlernen erfolgte in verschiedenen Workshops\u00a0zum Thema Europa, einem grenz\u00fcbergreifenden Klimalauf zur Wiederaufforstung und nat\u00fcrlich bei\u00a0Spiel und Sport.<\/p>\n<p style=\"text-align: justify;\"><img loading=\"lazy\" decoding=\"async\" class=\"alignright wp-image-12302 size-full\" src=\"http:\/\/www.maria-koenigin.de\/wordpress\/wp-content\/uploads\/2023\/06\/Frankreich-1kl.jpg\" alt=\"\" width=\"640\" height=\"480\" srcset=\"https:\/\/www.maria-koenigin.de\/wordpress\/wp-content\/uploads\/2023\/06\/Frankreich-1kl.jpg 640w, https:\/\/www.maria-koenigin.de\/wordpress\/wp-content\/uploads\/2023\/06\/Frankreich-1kl-300x225.jpg 300w, https:\/\/www.maria-koenigin.de\/wordpress\/wp-content\/uploads\/2023\/06\/Frankreich-1kl-624x468.jpg 624w\" sizes=\"auto, (max-width: 640px) 100vw, 640px\" \/> Highlights der Woche waren der Besuch des Europaparks sowie zwei erlebnisreiche\u00a0Tagesausfl\u00fcge zur Entdeckung der europ\u00e4ischen Stadt Stra\u00dfburg: Hierbei durften eine F\u00fchrung im\u00a0Europaparlament und eine Bootsfahrt auf der Ill nicht fehlen.<\/p>\n<p style=\"text-align: justify;\"><img loading=\"lazy\" decoding=\"async\" class=\"alignright wp-image-12303 size-large\" src=\"http:\/\/www.maria-koenigin.de\/wordpress\/wp-content\/uploads\/2023\/06\/Frankreich-Austausch-5kl-1024x740.jpg\" alt=\"\" width=\"625\" height=\"452\" srcset=\"https:\/\/www.maria-koenigin.de\/wordpress\/wp-content\/uploads\/2023\/06\/Frankreich-Austausch-5kl-1024x740.jpg 1024w, https:\/\/www.maria-koenigin.de\/wordpress\/wp-content\/uploads\/2023\/06\/Frankreich-Austausch-5kl-300x217.jpg 300w, https:\/\/www.maria-koenigin.de\/wordpress\/wp-content\/uploads\/2023\/06\/Frankreich-Austausch-5kl-768x555.jpg 768w, https:\/\/www.maria-koenigin.de\/wordpress\/wp-content\/uploads\/2023\/06\/Frankreich-Austausch-5kl-624x451.jpg 624w, https:\/\/www.maria-koenigin.de\/wordpress\/wp-content\/uploads\/2023\/06\/Frankreich-Austausch-5kl.jpg 1198w\" sizes=\"auto, (max-width: 625px) 100vw, 625px\" \/>Das gemeinsame Treffen war f\u00fcr die\u00a0Jugendlichen eine ereignisreiche Zeit, die sie als Bereicherung erleben konnten, und tr\u00e4gt im Hinblick\u00a0auf die Entwicklung in Europa als kleiner, aber wichtiger Baustein, zum friedlichen Miteinander bei.<\/p>\n<p style=\"text-align: justify;\">Ilse Beul <a href=\"http:\/\/www.maria-koenigin.de\/wordpress\/wp-content\/uploads\/2023\/07\/Logokl.jpg\"><img loading=\"lazy\" decoding=\"async\" class=\"alignright size-full wp-image-12309\" src=\"http:\/\/www.maria-koenigin.de\/wordpress\/wp-content\/uploads\/2023\/07\/Logokl.jpg\" alt=\"\" width=\"640\" height=\"640\" srcset=\"https:\/\/www.maria-koenigin.de\/wordpress\/wp-content\/uploads\/2023\/07\/Logokl.jpg 640w, https:\/\/www.maria-koenigin.de\/wordpress\/wp-content\/uploads\/2023\/07\/Logokl-300x300.jpg 300w, https:\/\/www.maria-koenigin.de\/wordpress\/wp-content\/uploads\/2023\/07\/Logokl-150x150.jpg 150w, https:\/\/www.maria-koenigin.de\/wordpress\/wp-content\/uploads\/2023\/07\/Logokl-624x624.jpg 624w\" sizes=\"auto, (max-width: 640px) 100vw, 640px\" \/><\/a><\/p>\n<p><img loading=\"lazy\" decoding=\"async\" class=\"alignright wp-image-12304 size-full\" src=\"http:\/\/www.maria-koenigin.de\/wordpress\/wp-content\/uploads\/2023\/06\/Frankreich2kl.jpg\" alt=\"\" width=\"640\" height=\"480\" srcset=\"https:\/\/www.maria-koenigin.de\/wordpress\/wp-content\/uploads\/2023\/06\/Frankreich2kl.jpg 640w, https:\/\/www.maria-koenigin.de\/wordpress\/wp-content\/uploads\/2023\/06\/Frankreich2kl-300x225.jpg 300w, https:\/\/www.maria-koenigin.de\/wordpress\/wp-content\/uploads\/2023\/06\/Frankreich2kl-624x468.jpg 624w\" sizes=\"auto, (max-width: 640px) 100vw, 640px\" \/> <img loading=\"lazy\" decoding=\"async\" class=\"alignright wp-image-12305 size-full\" src=\"http:\/\/www.maria-koenigin.de\/wordpress\/wp-content\/uploads\/2023\/06\/Frankreich-Austausch-6kl.jpg\" alt=\"\" width=\"640\" height=\"480\" srcset=\"https:\/\/www.maria-koenigin.de\/wordpress\/wp-content\/uploads\/2023\/06\/Frankreich-Austausch-6kl.jpg 640w, https:\/\/www.maria-koenigin.de\/wordpress\/wp-content\/uploads\/2023\/06\/Frankreich-Austausch-6kl-300x225.jpg 300w, https:\/\/www.maria-koenigin.de\/wordpress\/wp-content\/uploads\/2023\/06\/Frankreich-Austausch-6kl-624x468.jpg 624w\" sizes=\"auto, (max-width: 640px) 100vw, 640px\" \/> <img loading=\"lazy\" decoding=\"async\" class=\"aligncenter wp-image-12306 size-full\" src=\"http:\/\/www.maria-koenigin.de\/wordpress\/wp-content\/uploads\/2023\/06\/Frankreich-Austausch7kl.jpg\" alt=\"\" width=\"640\" height=\"853\" srcset=\"https:\/\/www.maria-koenigin.de\/wordpress\/wp-content\/uploads\/2023\/06\/Frankreich-Austausch7kl.jpg 640w, https:\/\/www.maria-koenigin.de\/wordpress\/wp-content\/uploads\/2023\/06\/Frankreich-Austausch7kl-225x300.jpg 225w, https:\/\/www.maria-koenigin.de\/wordpress\/wp-content\/uploads\/2023\/06\/Frankreich-Austausch7kl-624x832.jpg 624w\" sizes=\"auto, (max-width: 640px) 100vw, 640px\" \/><\/p>\n","protected":false},"excerpt":{"rendered":"<p>Mit unserer Partnerschule in Frankreich, dem Coll\u00e8ge Ren\u00e9 Bernier in St.-S\u00e9bastien-sur-Loire (bei Nantes), fand zum zweiten Mal eine spannende Drittortbegegnung statt (in diesem Jahr auf Schloss Ortenberg &#8211; bei Offenburg), an der 35 Sch\u00fclerinnen und Sch\u00fcler unserer Jahrgangsstufe 8 und 21 franz\u00f6sische Partnerinnen und Partner teilnahmen.<\/p>\n","protected":false},"author":7,"featured_media":0,"comment_status":"closed","ping_status":"closed","sticky":false,"template":"","format":"standard","meta":{"ngg_post_thumbnail":0,"footnotes":""},"categories":[4],"tags":[],"class_list":["post-12299","post","type-post","status-publish","format-standard","hentry","category-aktuelles"],"_links":{"self":[{"href":"https:\/\/www.maria-koenigin.de\/index.php?rest_route=\/wp\/v2\/posts\/12299","targetHints":{"allow":["GET"]}}],"collection":[{"href":"https:\/\/www.maria-koenigin.de\/index.php?rest_route=\/wp\/v2\/posts"}],"about":[{"href":"https:\/\/www.maria-koenigin.de\/index.php?rest_route=\/wp\/v2\/types\/post"}],"author":[{"embeddable":true,"href":"https:\/\/www.maria-koenigin.de\/index.php?rest_route=\/wp\/v2\/users\/7"}],"replies":[{"embeddable":true,"href":"https:\/\/www.maria-koenigin.de\/index.php?rest_route=%2Fwp%2Fv2%2Fcomments&post=12299"}],"version-history":[{"count":4,"href":"https:\/\/www.maria-koenigin.de\/index.php?rest_route=\/wp\/v2\/posts\/12299\/revisions"}],"predecessor-version":[{"id":12311,"href":"https:\/\/www.maria-koenigin.de\/index.php?rest_route=\/wp\/v2\/posts\/12299\/revisions\/12311"}],"wp:attachment":[{"href":"https:\/\/www.maria-koenigin.de\/index.php?rest_route=%2Fwp%2Fv2%2Fmedia&parent=12299"}],"wp:term":[{"taxonomy":"category","embeddable":true,"href":"https:\/\/www.maria-koenigin.de\/index.php?rest_route=%2Fwp%2Fv2%2Fcategories&post=12299"},{"taxonomy":"post_tag","embeddable":true,"href":"https:\/\/www.maria-koenigin.de\/index.php?rest_route=%2Fwp%2Fv2%2Ftags&post=12299"}],"curies":[{"name":"wp","href":"https:\/\/api.w.org\/{rel}","templated":true}]}}