{"id":12326,"date":"2023-07-13T23:10:29","date_gmt":"2023-07-13T21:10:29","guid":{"rendered":"https:\/\/www.maria-koenigin.de\/?p=12326"},"modified":"2023-12-21T08:34:39","modified_gmt":"2023-12-21T07:34:39","slug":"fynn-heimes-gewinnt-den-vdi-ihk-oberstufenpreis-2023","status":"publish","type":"post","link":"https:\/\/www.maria-koenigin.de\/?p=12326","title":{"rendered":"Fynn Heimes gewinnt den VDI-IHK-Oberstufenpreis 2023"},"content":{"rendered":"<p style=\"text-align: justify;\"><img loading=\"lazy\" decoding=\"async\" class=\"alignright wp-image-12327 size-full\" src=\"http:\/\/www.maria-koenigin.de\/wordpress\/wp-content\/uploads\/2023\/07\/VDI-Fynn-kl.jpg\" alt=\"\" width=\"640\" height=\"352\" srcset=\"https:\/\/www.maria-koenigin.de\/wordpress\/wp-content\/uploads\/2023\/07\/VDI-Fynn-kl.jpg 640w, https:\/\/www.maria-koenigin.de\/wordpress\/wp-content\/uploads\/2023\/07\/VDI-Fynn-kl-300x165.jpg 300w, https:\/\/www.maria-koenigin.de\/wordpress\/wp-content\/uploads\/2023\/07\/VDI-Fynn-kl-624x343.jpg 624w\" sizes=\"auto, (max-width: 640px) 100vw, 640px\" \/>Unser Abiturient Fynn Heimes wurde jetzt im S\u00fcdwestfalen-Saal der IHK Siegen f\u00fcr seine Physik-Facharbeit \u201eKonstruktion, Realisierung und Experimentalanalyse eines modellhaften Rotationsspeichers\u201c geehrt. Er errang mit seiner Facharbeit unter zw\u00f6lf Teilnehmerinnen und Teilnehmern den 1. Preis des VDI-IHK-Oberstufenpreises. Der Verband deutscher Ingenieure und die Industrie und Handelskammer Siegen w\u00fcrdigen mit diesem Preis seit 2013 Sch\u00fcler der gymnasialen Oberstufe der Kreise Siegen-Wittgenstein und Olpe, die hervorragende Facharbeiten in den F\u00e4chern Biologie, Chemie, Informatik, Mathematik, Physik, Technik oder im berufsbezogenen Lernbereich erstellt haben. Der erste Preis ist mit 3.000 \u20ac dotiert.<!--more--><\/p>\n<p style=\"text-align: justify;\"><img loading=\"lazy\" decoding=\"async\" class=\"alignright wp-image-12329 size-full\" src=\"http:\/\/www.maria-koenigin.de\/wordpress\/wp-content\/uploads\/2023\/07\/VDI-Fynn-3-kl.jpg\" alt=\"\" width=\"640\" height=\"487\" srcset=\"https:\/\/www.maria-koenigin.de\/wordpress\/wp-content\/uploads\/2023\/07\/VDI-Fynn-3-kl.jpg 640w, https:\/\/www.maria-koenigin.de\/wordpress\/wp-content\/uploads\/2023\/07\/VDI-Fynn-3-kl-300x228.jpg 300w, https:\/\/www.maria-koenigin.de\/wordpress\/wp-content\/uploads\/2023\/07\/VDI-Fynn-3-kl-624x475.jpg 624w\" sizes=\"auto, (max-width: 640px) 100vw, 640px\" \/>Um den aktuellen Herausforderungen der Energiewende zu begegnen, hat sich Fynn mit einer der \u00e4ltesten Speichertechnologien von Energie \u00fcberhaupt auseinandergesetzt. Denn f\u00fcr ihn ist klar: \u201eAnstatt, dass man Windkraftanlagen, Photovoltaikanlagen und andere schlecht planbare Energieerzeuger abregelt, k\u00f6nnte man den erzeugten Strom auch kurzfristig speichern, um ihn dem Stromnetz sp\u00e4ter wieder zuzuf\u00fchren.\u201c Heimes untersucht in seiner experimentellen Arbeit das Speicherprinzip der Rotationsspeicher durch einen modellhaften Aufbau mittels 3D-Druck-Verfahren. Ebenso akribisch wie erfolgreich arbeitete sich der Preistr\u00e4ger durch die komplexe Materie, und mit der Mischung aus Physik, Messtechnik, Magnetismus und Modellbau ist ihm ein komplexes, interdisziplin\u00e4res Gesamtprodukt gelungen. Abl\u00e4ufe der industriellen Produktentwicklung stellen \u00e4hnliche Herausforderungen. \u201eFynn Heimes hat sie mit Bravour gemeistert\u201c, betonte Laudatorin und Preisstifterin Cornelie Rothmaler-Sch\u00f6n von der Siegener Zeitung Vorl\u00e4nder &amp; Rothmaler GmbH &amp; Co. KG. \u201eEr \u00fcberzeugte mit seinen genauen \u00dcberlegungen zur Konstruktion des Modells, seiner praktischen Umsetzung samt detaillierter Dokumentation sowie den sich anschlie\u00dfenden Wirtschaftlichkeitsberechnungen, die bereits den k\u00fcnftigen Ingenieur erkennen lassen\u201c, f\u00fchrte Rothmaler-Sch\u00f6n aus. Fynn Heime hat die Facharbeit im Physik Leistungskurs bei Matthias Walter angefertigt.<\/p>\n<p style=\"text-align: justify;\"><img loading=\"lazy\" decoding=\"async\" class=\"alignright wp-image-12328 size-full\" src=\"http:\/\/www.maria-koenigin.de\/wordpress\/wp-content\/uploads\/2023\/07\/VDI-Fynn-2-kl.jpg\" alt=\"\" width=\"640\" height=\"480\" srcset=\"https:\/\/www.maria-koenigin.de\/wordpress\/wp-content\/uploads\/2023\/07\/VDI-Fynn-2-kl.jpg 640w, https:\/\/www.maria-koenigin.de\/wordpress\/wp-content\/uploads\/2023\/07\/VDI-Fynn-2-kl-300x225.jpg 300w, https:\/\/www.maria-koenigin.de\/wordpress\/wp-content\/uploads\/2023\/07\/VDI-Fynn-2-kl-624x468.jpg 624w\" sizes=\"auto, (max-width: 640px) 100vw, 640px\" \/>Den zweiten Preis erhielt Xander Schlosser (Gymnasium Stift Keppel, Hilchenbach) f\u00fcr seine experimentelle Informatik-Facharbeit zum Thema \u201eKI trifft auf smart home \u2013 Wie man durch KI den Alltag erleichtern kann am Beispiel einer Katzenklappe\u201c, mit dem dritten Preis wurde Anton Rabenau (St\u00e4dtisches Gymnasium Kreuztal) ausgezeichnet, der sich theoretisch und experimentell mit der W\u00e4rmed\u00e4mmung besch\u00e4ftigt hatte.<\/p>\n<p style=\"text-align: justify;\">Um alle Arbeiten zu w\u00fcrdigen, die allesamt herausragende Leistungen darstellen, erhielten die weiteren Teilnehmer eine Urkunde und ein Pr\u00e4sent. Insgesamt hatten 12 Sch\u00fcler aus dem Kammerbezirk ihre Bewerbung eingereicht. IHK-Pr\u00e4sident Walter Viegener zeigte sich vor den gut 100 Besuchern begeistert von den eingereichten Arbeiten: \u201eDas ist es, was wir in S\u00fcdwestfalen brauchen: helle, kreative und mitdenkende K\u00f6pfe, die mit ihren F\u00e4higkeiten und ihrem Wissen technische Innovationen bringen oder L\u00f6sungen f\u00fcr komplexe Herausforderungen finden.\u201c<\/p>\n<p style=\"text-align: justify;\"><img loading=\"lazy\" decoding=\"async\" class=\"alignright wp-image-12330 size-full\" src=\"http:\/\/www.maria-koenigin.de\/wordpress\/wp-content\/uploads\/2023\/07\/VDI-Fynn-4-kl.jpg\" alt=\"\" width=\"640\" height=\"480\" srcset=\"https:\/\/www.maria-koenigin.de\/wordpress\/wp-content\/uploads\/2023\/07\/VDI-Fynn-4-kl.jpg 640w, https:\/\/www.maria-koenigin.de\/wordpress\/wp-content\/uploads\/2023\/07\/VDI-Fynn-4-kl-300x225.jpg 300w, https:\/\/www.maria-koenigin.de\/wordpress\/wp-content\/uploads\/2023\/07\/VDI-Fynn-4-kl-624x468.jpg 624w\" sizes=\"auto, (max-width: 640px) 100vw, 640px\" \/>Beeindruckt zeigte sich auch der Vorsitzende des VDI Siegener Bezirksvereins e.V., Dipl.-Ing. Frank Kasperkowiak: \u201eMehr denn je werden Ingenieurinnen und Ingenieure in Zukunft gebraucht. In den vielf\u00e4ltigen Beitr\u00e4gen zum VDI-IHK Oberstufenpreis werden das gro\u00dfe Engagement und die hohe Motivation der Sch\u00fclerinnen und Sch\u00fcler deutlich.\u201c<\/p>\n<p>Ansgar Kaufmann (unter Verwendung von Material der IHK)<\/p>\n<p>&nbsp;<\/p>\n","protected":false},"excerpt":{"rendered":"<p>Unser Abiturient Fynn Heimes wurde jetzt im S\u00fcdwestfalen-Saal der IHK Siegen f\u00fcr seine Physik-Facharbeit \u201eKonstruktion, Realisierung und Experimentalanalyse eines modellhaften Rotationsspeichers\u201c geehrt. Er errang mit seiner Facharbeit unter zw\u00f6lf Teilnehmerinnen und Teilnehmern den 1. Preis des VDI-IHK-Oberstufenpreises. Der Verband deutscher Ingenieure und die Industrie und Handelskammer Siegen w\u00fcrdigen mit diesem Preis seit 2013 Sch\u00fcler der [&hellip;]<\/p>\n","protected":false},"author":7,"featured_media":0,"comment_status":"closed","ping_status":"closed","sticky":false,"template":"","format":"standard","meta":{"ngg_post_thumbnail":0,"footnotes":""},"categories":[4,19],"tags":[],"class_list":["post-12326","post","type-post","status-publish","format-standard","hentry","category-aktuelles","category-mint"],"_links":{"self":[{"href":"https:\/\/www.maria-koenigin.de\/index.php?rest_route=\/wp\/v2\/posts\/12326","targetHints":{"allow":["GET"]}}],"collection":[{"href":"https:\/\/www.maria-koenigin.de\/index.php?rest_route=\/wp\/v2\/posts"}],"about":[{"href":"https:\/\/www.maria-koenigin.de\/index.php?rest_route=\/wp\/v2\/types\/post"}],"author":[{"embeddable":true,"href":"https:\/\/www.maria-koenigin.de\/index.php?rest_route=\/wp\/v2\/users\/7"}],"replies":[{"embeddable":true,"href":"https:\/\/www.maria-koenigin.de\/index.php?rest_route=%2Fwp%2Fv2%2Fcomments&post=12326"}],"version-history":[{"count":1,"href":"https:\/\/www.maria-koenigin.de\/index.php?rest_route=\/wp\/v2\/posts\/12326\/revisions"}],"predecessor-version":[{"id":12331,"href":"https:\/\/www.maria-koenigin.de\/index.php?rest_route=\/wp\/v2\/posts\/12326\/revisions\/12331"}],"wp:attachment":[{"href":"https:\/\/www.maria-koenigin.de\/index.php?rest_route=%2Fwp%2Fv2%2Fmedia&parent=12326"}],"wp:term":[{"taxonomy":"category","embeddable":true,"href":"https:\/\/www.maria-koenigin.de\/index.php?rest_route=%2Fwp%2Fv2%2Fcategories&post=12326"},{"taxonomy":"post_tag","embeddable":true,"href":"https:\/\/www.maria-koenigin.de\/index.php?rest_route=%2Fwp%2Fv2%2Ftags&post=12326"}],"curies":[{"name":"wp","href":"https:\/\/api.w.org\/{rel}","templated":true}]}}