{"id":12332,"date":"2023-07-16T11:23:04","date_gmt":"2023-07-16T09:23:04","guid":{"rendered":"https:\/\/www.maria-koenigin.de\/?p=12332"},"modified":"2023-07-16T11:23:04","modified_gmt":"2023-07-16T09:23:04","slug":"birgitt-mevenkamp-ueber-1000-schueler-zum-abitur-gefuehrt","status":"publish","type":"post","link":"https:\/\/www.maria-koenigin.de\/?p=12332","title":{"rendered":"Birgitt Mevenkamp: \u00fcber 1000 Sch\u00fcler zum Abitur gef\u00fchrt"},"content":{"rendered":"<p style=\"text-align: justify;\"><img loading=\"lazy\" decoding=\"async\" class=\"alignright wp-image-12335 size-full\" src=\"http:\/\/www.maria-koenigin.de\/wordpress\/wp-content\/uploads\/2023\/07\/BMevenkamp_HD2kl.jpg\" alt=\"\" width=\"640\" height=\"853\" srcset=\"https:\/\/www.maria-koenigin.de\/wordpress\/wp-content\/uploads\/2023\/07\/BMevenkamp_HD2kl.jpg 640w, https:\/\/www.maria-koenigin.de\/wordpress\/wp-content\/uploads\/2023\/07\/BMevenkamp_HD2kl-225x300.jpg 225w, https:\/\/www.maria-koenigin.de\/wordpress\/wp-content\/uploads\/2023\/07\/BMevenkamp_HD2kl-624x832.jpg 624w\" sizes=\"auto, (max-width: 640px) 100vw, 640px\" \/>Zum Abschluss des Schuljahres ist Studiendirektorin Birgitt Mevenkamp in den Ruhestand getreten und verabschiedet worden. Sie war seit 1987, also insgesamt 36 Jahre, an der Schule t\u00e4tig und seit 2011 f\u00fcr die Koordination der Oberstufe zust\u00e4ndig.\u00a0 Damit hat sie mehr als 1.000 Sch\u00fclerinnen und Sch\u00fcler verantwortlich zum Abitur begleitet und die Schule gepr\u00e4gt. In den F\u00e4chern Biologie und Sport hat sie sich vielf\u00e4ltig engagiert und auch dar\u00fcber hinaus viele Ideen eingebracht und umgesetzt. <!--more--><\/p>\n<p style=\"text-align: justify;\">In einer kleinen Feierstunde wurde sie von Schulleitung, Kollegium und Schultr\u00e4ger verabschiedet. Zum Start ihrer T\u00e4tigkeit war sie zun\u00e4chst in der Fachschaft Biologie aktiv, unter anderem mit der Pflanzung und Betreuung der Obstwiese, hat bei Theaterauff\u00fchrungen im Bereich Tanz mitgewirkt und f\u00fcr diesen Bereich auch ein Unterrichts-Konzept mitentwickelt. Darauf wies die Sportkollegin Petra Henkel, die in vielen Bereichen mit Birgitt Mevenkamp zusammengearbeitet hat, hin. Au\u00dferdem hat sie unter anderem die Turnwochen eingef\u00fchrt, lange Jahre im Servir-Arbeitskreis mitgearbeitet, Ideen in das Konzept der Orientierungstage eingebracht und viele Exkursionen und Studienfahrten begleitet.<\/p>\n<p style=\"text-align: justify;\"><img loading=\"lazy\" decoding=\"async\" class=\"alignright wp-image-12334 size-full\" src=\"http:\/\/www.maria-koenigin.de\/wordpress\/wp-content\/uploads\/2023\/07\/Abschied-Mevenkamp-2kl.jpg\" alt=\"\" width=\"640\" height=\"805\" srcset=\"https:\/\/www.maria-koenigin.de\/wordpress\/wp-content\/uploads\/2023\/07\/Abschied-Mevenkamp-2kl.jpg 640w, https:\/\/www.maria-koenigin.de\/wordpress\/wp-content\/uploads\/2023\/07\/Abschied-Mevenkamp-2kl-239x300.jpg 239w, https:\/\/www.maria-koenigin.de\/wordpress\/wp-content\/uploads\/2023\/07\/Abschied-Mevenkamp-2kl-624x785.jpg 624w\" sizes=\"auto, (max-width: 640px) 100vw, 640px\" \/>Das au\u00dferordentliche Engagement f\u00fcr die Schule betonten auch Schulleiter Fabian Borys und der Vorsitzende des Lehrerrates Peter Peil im Rahmen der Verabschiedung. \u201eDu warst in all Deinen Aufgaben mit dem ganzen Herzen dabei, Du warst kollegiale Ansprechpartnerin, ebenso Beraterin f\u00fcr Sch\u00fclerinnen und Sch\u00fcler, Eltern und das Kollegium,\u201c erkl\u00e4rte\u00a0 Fabian Borys. Der Schulleiter hob auch die konstruktive Mitarbeit in der erweiterten Schulleitung hervor. Er habe Birgitt Mevenkamp als \u201eeine starke und absolut loyale Pers\u00f6nlichkeit\u201c erlebt, auf die er sich immer verlassen konnte.<\/p>\n<p style=\"text-align: justify;\"><img loading=\"lazy\" decoding=\"async\" class=\"alignright wp-image-12333 size-full\" src=\"http:\/\/www.maria-koenigin.de\/wordpress\/wp-content\/uploads\/2023\/07\/Abschied-Mevenkamp-1kl.jpg\" alt=\"\" width=\"640\" height=\"758\" srcset=\"https:\/\/www.maria-koenigin.de\/wordpress\/wp-content\/uploads\/2023\/07\/Abschied-Mevenkamp-1kl.jpg 640w, https:\/\/www.maria-koenigin.de\/wordpress\/wp-content\/uploads\/2023\/07\/Abschied-Mevenkamp-1kl-253x300.jpg 253w, https:\/\/www.maria-koenigin.de\/wordpress\/wp-content\/uploads\/2023\/07\/Abschied-Mevenkamp-1kl-624x739.jpg 624w\" sizes=\"auto, (max-width: 640px) 100vw, 640px\" \/>Deutlich wurde aber vor allem, dass Birgitt Mevenkamp neben ihrer Leidenschaft f\u00fcr die F\u00e4cher besonders die Begleitung der Sch\u00fclerinnen und Sch\u00fcler am Herzen lag. In unz\u00e4hligen F\u00e4llen hat sie durch intensive Beratung, Hilfe und auch konsequentes Handeln junge Menschen in der Entwicklung ihrer Pers\u00f6nlichkeit unterst\u00fctzt. F\u00fcr den Lehrerrat formulierte Peter Peil das so: \u201eDu bist eine Lehrerin, die fordert, aber auch f\u00f6rdert. Letztlich habe ich es nicht erlebt, dass Du Dich im entscheidenden Moment gegen Deine Sch\u00fcler entschieden hast \u2013 sowohl in der Leistungsbewertung als auch bei pers\u00f6nlichen Krisen.\u201c<\/p>\n<p style=\"text-align: justify;\">Passend zu ihrem Engagement f\u00fcr die Obstwiese erhielt sie als Abschiedsgeschenk unter anderem einen Obstbaum und ein Bienenhotel mit guten W\u00fcnschen des Kollegiums.<\/p>\n<div id=\"attachment_12079\" style=\"width: 650px\" class=\"wp-caption alignright\"><img loading=\"lazy\" decoding=\"async\" aria-describedby=\"caption-attachment-12079\" class=\"wp-image-12079 size-full\" src=\"http:\/\/www.maria-koenigin.de\/wordpress\/wp-content\/uploads\/2023\/03\/Auszeichnung-Verbraucherschule-klein.jpg\" alt=\"\" width=\"640\" height=\"479\" srcset=\"https:\/\/www.maria-koenigin.de\/wordpress\/wp-content\/uploads\/2023\/03\/Auszeichnung-Verbraucherschule-klein.jpg 640w, https:\/\/www.maria-koenigin.de\/wordpress\/wp-content\/uploads\/2023\/03\/Auszeichnung-Verbraucherschule-klein-300x225.jpg 300w, https:\/\/www.maria-koenigin.de\/wordpress\/wp-content\/uploads\/2023\/03\/Auszeichnung-Verbraucherschule-klein-624x467.jpg 624w\" sizes=\"auto, (max-width: 640px) 100vw, 640px\" \/><p id=\"caption-attachment-12079\" class=\"wp-caption-text\">27.2.2023, Landesvertretung BW in Berlin, Auszeichnung der Verbraucherschule 2023 des VZBV. Coppyright: Raum11\/Jan Zappner<\/p><\/div>\n<p style=\"text-align: justify;\">Birgitt Mevenkamp selbst blickte zufrieden und mit vielen positiven Erfahrungen und Erinnerungen auf ihre Zeit an Maria K\u00f6nigin zur\u00fcck. \u201eIch empfinde den Beruf des Lehrers als zwar ausgesprochen herausfordernd und anstrengend, aber auch als sehr abwechslungsreich und zutiefst sinnvoll. Wenn man Schule mitgestalten und mitentwickeln m\u00f6chte, hat man als Lehrer einen gro\u00dfen Gestaltungsspielraum, sowohl was den Unterricht, als auch was die Verwirklichung eigener Ideen und Projekte angeht.\u201c<\/p>\n","protected":false},"excerpt":{"rendered":"<p>Zum Abschluss des Schuljahres ist Studiendirektorin Birgitt Mevenkamp in den Ruhestand getreten und verabschiedet worden. Sie war seit 1987, also insgesamt 36 Jahre, an der Schule t\u00e4tig und seit 2011 f\u00fcr die Koordination der Oberstufe zust\u00e4ndig.\u00a0 Damit hat sie mehr als 1.000 Sch\u00fclerinnen und Sch\u00fcler verantwortlich zum Abitur begleitet und die Schule gepr\u00e4gt. In den [&hellip;]<\/p>\n","protected":false},"author":7,"featured_media":0,"comment_status":"closed","ping_status":"closed","sticky":false,"template":"","format":"standard","meta":{"ngg_post_thumbnail":0,"footnotes":""},"categories":[4],"tags":[],"class_list":["post-12332","post","type-post","status-publish","format-standard","hentry","category-aktuelles"],"_links":{"self":[{"href":"https:\/\/www.maria-koenigin.de\/index.php?rest_route=\/wp\/v2\/posts\/12332","targetHints":{"allow":["GET"]}}],"collection":[{"href":"https:\/\/www.maria-koenigin.de\/index.php?rest_route=\/wp\/v2\/posts"}],"about":[{"href":"https:\/\/www.maria-koenigin.de\/index.php?rest_route=\/wp\/v2\/types\/post"}],"author":[{"embeddable":true,"href":"https:\/\/www.maria-koenigin.de\/index.php?rest_route=\/wp\/v2\/users\/7"}],"replies":[{"embeddable":true,"href":"https:\/\/www.maria-koenigin.de\/index.php?rest_route=%2Fwp%2Fv2%2Fcomments&post=12332"}],"version-history":[{"count":3,"href":"https:\/\/www.maria-koenigin.de\/index.php?rest_route=\/wp\/v2\/posts\/12332\/revisions"}],"predecessor-version":[{"id":12338,"href":"https:\/\/www.maria-koenigin.de\/index.php?rest_route=\/wp\/v2\/posts\/12332\/revisions\/12338"}],"wp:attachment":[{"href":"https:\/\/www.maria-koenigin.de\/index.php?rest_route=%2Fwp%2Fv2%2Fmedia&parent=12332"}],"wp:term":[{"taxonomy":"category","embeddable":true,"href":"https:\/\/www.maria-koenigin.de\/index.php?rest_route=%2Fwp%2Fv2%2Fcategories&post=12332"},{"taxonomy":"post_tag","embeddable":true,"href":"https:\/\/www.maria-koenigin.de\/index.php?rest_route=%2Fwp%2Fv2%2Ftags&post=12332"}],"curies":[{"name":"wp","href":"https:\/\/api.w.org\/{rel}","templated":true}]}}