{"id":12414,"date":"2023-08-01T21:35:41","date_gmt":"2023-08-01T19:35:41","guid":{"rendered":"https:\/\/www.maria-koenigin.de\/?p=12414"},"modified":"2023-08-01T21:51:52","modified_gmt":"2023-08-01T19:51:52","slug":"lya-bourgund-10c-ist-deutsche-meisterin","status":"publish","type":"post","link":"https:\/\/www.maria-koenigin.de\/?p=12414","title":{"rendered":"Lya Bourgund (10c) ist Deutsche Meisterin"},"content":{"rendered":"<p style=\"text-align: justify;\"><img loading=\"lazy\" decoding=\"async\" class=\"alignright wp-image-12415 size-full\" src=\"http:\/\/www.maria-koenigin.de\/wordpress\/wp-content\/uploads\/2023\/08\/Lya_Medailleklein.jpg\" alt=\"\" width=\"640\" height=\"960\" srcset=\"https:\/\/www.maria-koenigin.de\/wordpress\/wp-content\/uploads\/2023\/08\/Lya_Medailleklein.jpg 640w, https:\/\/www.maria-koenigin.de\/wordpress\/wp-content\/uploads\/2023\/08\/Lya_Medailleklein-200x300.jpg 200w, https:\/\/www.maria-koenigin.de\/wordpress\/wp-content\/uploads\/2023\/08\/Lya_Medailleklein-624x936.jpg 624w\" sizes=\"auto, (max-width: 640px) 100vw, 640px\" \/>Ein besonderes Highlight in den Sommerferien erlebte am vergangenen Wochenende unsere Sch\u00fclerin Lya Bourgund aus der Klasse 10c. Die Leichtathletin des LAC Veltins Hochsauerland nahm an den Deutschen Meisterschaften der Altersklasse U16 teil. \u00dcber die 3000m-Strecke konnte sie \u00fcberraschend die Goldmedaille gewinnen und kann sich nun Deutsche Meisterin nennen. <!--more--><\/p>\n<p style=\"text-align: justify;\"><img loading=\"lazy\" decoding=\"async\" class=\"alignright wp-image-12419 size-full\" src=\"http:\/\/www.maria-koenigin.de\/wordpress\/wp-content\/uploads\/2023\/08\/Lya-Siegerehrung.jpg\" alt=\"\" width=\"640\" height=\"664\" srcset=\"https:\/\/www.maria-koenigin.de\/wordpress\/wp-content\/uploads\/2023\/08\/Lya-Siegerehrung.jpg 640w, https:\/\/www.maria-koenigin.de\/wordpress\/wp-content\/uploads\/2023\/08\/Lya-Siegerehrung-289x300.jpg 289w, https:\/\/www.maria-koenigin.de\/wordpress\/wp-content\/uploads\/2023\/08\/Lya-Siegerehrung-624x647.jpg 624w\" sizes=\"auto, (max-width: 640px) 100vw, 640px\" \/>Die Titelk\u00e4mpfe in Stuttgart waren die ersten nationalen Meisterschaften, f\u00fcr die Lya sich qualifizieren konnte. Dass es direkt f\u00fcr den Titel reichte, kam auch f\u00fcr die Athletin sehr \u00fcberraschend. &#8222;Von 18 Starterinnen hatte ich im Vorfeld nur die 13. Zeit, aber ein Platz in den Top 5 war schon mein Ziel. Ich habe mich nun drei Monate gezielt auf diesen Wettkampf vorbereitet&#8220;, beschreibt die junge Schmallenbergerin die Ausgangslage. Im Rennverlauf konnte sie sich stets im vorderen Bereich des Feldes aufhalten und auf der letzten der 7,5 Stadionrunden wurde klar, dass alles auf einen lang gezogenen Schlussspurt hinauslaufen w\u00fcrde. Erst auf der Zielgerade ging sie an der Konkurrenz vorbei und st\u00fcrmte nach neuer pers\u00f6nliche Bestzeit von 10:31,65min ins Ziel. Zur besseren Vorstellung: Lya ist die 3km also mit einer Durchschnittsgeschwindigkeit von etwas mehr als 17 km\/h gerannt!<\/p>\n<p style=\"text-align: justify;\"><img loading=\"lazy\" decoding=\"async\" class=\"alignright wp-image-12416 size-full\" src=\"http:\/\/www.maria-koenigin.de\/wordpress\/wp-content\/uploads\/2023\/08\/Lya_Zieleinlaufklein.jpg\" alt=\"\" width=\"640\" height=\"295\" srcset=\"https:\/\/www.maria-koenigin.de\/wordpress\/wp-content\/uploads\/2023\/08\/Lya_Zieleinlaufklein.jpg 640w, https:\/\/www.maria-koenigin.de\/wordpress\/wp-content\/uploads\/2023\/08\/Lya_Zieleinlaufklein-300x138.jpg 300w, https:\/\/www.maria-koenigin.de\/wordpress\/wp-content\/uploads\/2023\/08\/Lya_Zieleinlaufklein-624x288.jpg 624w\" sizes=\"auto, (max-width: 640px) 100vw, 640px\" \/>Das Nachwuchstalent hat durch die Bundesjugendspiele in der Grundschule die Freude an der Leichtathletik entdeckt, wobei schnell klar war, dass ihr das Laufen am meisten Spa\u00df bereitet. Mittlerweile trainiert sie vier bis f\u00fcnf Mal in der Woche und wurde zudem zu dieser Saison in den FLVW-Landeskader, auch als &#8222;goldgas Talent-Team&#8220; bekannt, berufen.<\/p>\n<p style=\"text-align: justify;\">Herzlichen Gl\u00fcckwunsch, Lya, zu dieser tollen Leistung!<\/p>\n<p><em>Sandra Clemens<\/em><\/p>\n","protected":false},"excerpt":{"rendered":"<p>Ein besonderes Highlight in den Sommerferien erlebte am vergangenen Wochenende unsere Sch\u00fclerin Lya Bourgund aus der Klasse 10c. Die Leichtathletin des LAC Veltins Hochsauerland nahm an den Deutschen Meisterschaften der Altersklasse U16 teil. \u00dcber die 3000m-Strecke konnte sie \u00fcberraschend die Goldmedaille gewinnen und kann sich nun Deutsche Meisterin nennen.<\/p>\n","protected":false},"author":7,"featured_media":0,"comment_status":"closed","ping_status":"closed","sticky":false,"template":"","format":"standard","meta":{"ngg_post_thumbnail":0,"footnotes":""},"categories":[4],"tags":[],"class_list":["post-12414","post","type-post","status-publish","format-standard","hentry","category-aktuelles"],"_links":{"self":[{"href":"https:\/\/www.maria-koenigin.de\/index.php?rest_route=\/wp\/v2\/posts\/12414","targetHints":{"allow":["GET"]}}],"collection":[{"href":"https:\/\/www.maria-koenigin.de\/index.php?rest_route=\/wp\/v2\/posts"}],"about":[{"href":"https:\/\/www.maria-koenigin.de\/index.php?rest_route=\/wp\/v2\/types\/post"}],"author":[{"embeddable":true,"href":"https:\/\/www.maria-koenigin.de\/index.php?rest_route=\/wp\/v2\/users\/7"}],"replies":[{"embeddable":true,"href":"https:\/\/www.maria-koenigin.de\/index.php?rest_route=%2Fwp%2Fv2%2Fcomments&post=12414"}],"version-history":[{"count":4,"href":"https:\/\/www.maria-koenigin.de\/index.php?rest_route=\/wp\/v2\/posts\/12414\/revisions"}],"predecessor-version":[{"id":12421,"href":"https:\/\/www.maria-koenigin.de\/index.php?rest_route=\/wp\/v2\/posts\/12414\/revisions\/12421"}],"wp:attachment":[{"href":"https:\/\/www.maria-koenigin.de\/index.php?rest_route=%2Fwp%2Fv2%2Fmedia&parent=12414"}],"wp:term":[{"taxonomy":"category","embeddable":true,"href":"https:\/\/www.maria-koenigin.de\/index.php?rest_route=%2Fwp%2Fv2%2Fcategories&post=12414"},{"taxonomy":"post_tag","embeddable":true,"href":"https:\/\/www.maria-koenigin.de\/index.php?rest_route=%2Fwp%2Fv2%2Ftags&post=12414"}],"curies":[{"name":"wp","href":"https:\/\/api.w.org\/{rel}","templated":true}]}}